{"id":5424,"date":"2007-08-10T13:50:08","date_gmt":"2007-08-10T13:50:08","guid":{"rendered":"http:\/\/www.rivadaviamendoza.gob.ar\/hcd\/?p=5424"},"modified":"2007-08-10T13:50:08","modified_gmt":"2007-08-10T13:50:08","slug":"declaracion-13-2007","status":"publish","type":"post","link":"https:\/\/coworkdigital.com.ar\/hcd\/declaracion-13-2007\/","title":{"rendered":"Declaraci\u00f3n 13-2007"},"content":{"rendered":"<p style=\"text-align: center;\"><strong><img fetchpriority=\"high\" decoding=\"async\" class=\"wp-image-1054 aligncenter\" src=\"http:\/\/rd.gov.ar\/wp4\/wp-content\/uploads\/2017\/02\/encabezado-300x60.jpg\" sizes=\"(max-width: 669px) 100vw, 669px\" srcset=\"http:\/\/www.rivadaviamendoza.gob.ar\/hcd\/wp-content\/uploads\/2017\/02\/encabezado-300x60.jpg 300w, http:\/\/www.rivadaviamendoza.gob.ar\/hcd\/wp-content\/uploads\/2017\/02\/encabezado-768x153.jpg 768w, http:\/\/www.rivadaviamendoza.gob.ar\/hcd\/wp-content\/uploads\/2017\/02\/encabezado-1024x203.jpg 1024w\" alt=\"\" width=\"669\" height=\"134\" \/><\/strong><\/p>\n<p style=\"text-align: center;\"><strong>DECLARACI\u00d3N N\u00b0 13<\/strong><\/p>\n<p><strong>VISTO<\/strong><br \/>\nEste proyecto tiene por objeto reconocer el programa radial \u201cFolcloreando por la Patria\u201d, y<\/p>\n<p style=\"text-align: justify;\"><strong>CONSIDERANDO<\/strong><br \/>\nQue, este proyecto trata de preservar nuestras ra\u00edces y como es l\u00f3gico, nuestra historia Nacional y Regional.<br \/>\nQue, en dicho Programa se puede escuchar canciones de todas las regiones que conforman nuestro territorio patrio, encontrar leyendas, f\u00e1bulas, cuentos an\u00e9cdotas y poes\u00edas como medio de identificaci\u00f3n territorial, como tambi\u00e9n las noticias cotidianas de inter\u00e9s general.<br \/>\nQue, este espacio radial creado, compaginado y conducido por Rub\u00e9n Chaves Canciani se puede apreciar por FM. GALILEO RIVADAVIA, por el 102.0 del dial,\u00a0 los d\u00edas martes a jueves de 20.30 a 22.30, y los d\u00edas s\u00e1bados por Radio Nacional de 14.15 a 16.00.<br \/>\nQue, Folcloreando por la Patria ha participado en diferentes actos sociales y tradicionalistas a lo largo de su trayectoria, recibiendo innumerables reconocimientos : Recital folcl\u00f3rico \u201cRomance DE AMOR Y PATRIA\u201d (1997); la presentaci\u00f3n del libro \u201cEL DECIR GAUCHO\u201d (1999); \u201cQUINTO ENCUENTRO NACIONAL COMPETITIVO DE DANZAS FOLCLORICAS SAN ISIDRO LABRADOR 99 (1999); NUESTRO TIEMPO (1999); CARITAS \u201cSAN ISIDRO LABRADOR\u201d por la colaboraci\u00f3n radial en la colecta anual de la instituci\u00f3n (200,2003 y 2005); II ENCUENTRO INTERPROVINCIAL DE AMISTAD CRIOLLA\u201d (2000); ternado para recibir el premio al \u201cPROGRAMA DESTACADO\u201d (2000); certificado de agradecimiento por la colaboraci\u00f3n con I.R.I.D en el programa \u201cMARAT\u00d3N 24 HORAS DE TODO CORAZON\u201d; diploma de reconocimiento \u201cPRO RIVADAVIA\u201d Asociaci\u00f3n Entidades Intermedias y Vecinos (2003), \u201c1\u00b0 ENCUENTRO DE SO\u00d1ADORES\u201d (2005), Programa \u201cRa\u00edz Nativa\u201d (2005); Menci\u00f3n de honor de \u201cRa\u00edz Nativa\u201d al Sr. Canciani como ciudadano destacado (2005), distinci\u00f3n del festival \u201cGiagnoni Y SU FIESTA NACIONAL DE MATEADORES\u201d (2006) con la entrega del diploma \u201cS\u00edmbolo de Argentinidad\u201d.<br \/>\nQue, en este Programa se han hecho homenajes recordatorios, a: Carlos \u201cSapo\u201d Arancibia (m\u00fasico); Carlos \u201cBicho\u201d G\u00f3mez (creador del festival Rivadavia Canta al Pa\u00eds); Ernesto Contreras (ciclista internacional); Jorge D\u00edaz (ultimo Jefe de Estaci\u00f3n FF.CC. de Rivadavia); Imprenta Carreras (Primera imprenta de Rivadavia); Daniel Rini (Primer farmac\u00e9utico) y Cacho Arenas (a la trayectoria como m\u00fasico de la Banda Municipal \u201cBlas Blotta\u201d, 44 a\u00f1os de servicio).<\/p>\n<p style=\"text-align: justify;\"><strong>POR ELLO<br \/>\n<\/strong>El Concejo Deliberante de Rivadavia, Mendoza, y en uso de sus facultades:<\/p>\n<p style=\"text-align: center;\"><strong>DECLARA<\/strong><\/p>\n<p style=\"text-align: justify;\"><strong>Art\u00edculo 1\u00b0:<\/strong> Declarar de Inter\u00e9s Departamental el Programa Radial \u201cFolcloreando por la Patria\u201d emitido los d\u00edas jueves de 20.30 a 22.30 por F.M. Galileo y por Radio Nacional los d\u00edas s\u00e1bados de 14.15 a 16.00.<\/p>\n<p style=\"text-align: justify;\"><strong>Art\u00edculo 2\u00b0:<\/strong> La presente declaraci\u00f3n no implica erogaci\u00f3n alguna por parte del Municipalidad de Rivadavia.<\/p>\n<p style=\"text-align: justify;\"><strong>Art\u00edculo 3\u00b0:<\/strong> Rem\u00edtase copia de la presente pieza legal al se\u00f1or Director del Programa Radial \u201cFolcloreando por la Patria\u201d, se\u00f1or Rub\u00e9n Chavez Canciani.<\/p>\n<p style=\"text-align: justify;\"><strong>Art\u00edculo 4\u00b0:<\/strong> Comun\u00edquese al Departamento Ejecutivo a sus efectos, d\u00e9se al Registro Municipal e ins\u00e9rtese en el Libro de Declaraciones de este Cuerpo.<\/p>\n<p style=\"text-align: justify;\">Dada en la Sala de Sesiones Bandera Nacional Argentina, del Concejo Deliberante de Rivadavia, Mendoza, a los 10 d\u00edas del mes de agosto de 2007.<\/p>\n<table>\n<tbody>\n<tr>\n<td style=\"text-align: center;\">RUB\u00c9N DAR\u00cdO GRANDO<\/td>\n<td style=\"text-align: center;\">FLORINDA SEOANE<\/td>\n<\/tr>\n<tr>\n<td style=\"text-align: center;\">SECRETARIO C.D.<\/td>\n<td style=\"text-align: center;\">PRESIDENTA C.D.<\/td>\n<\/tr>\n<\/tbody>\n<\/table>\n<p style=\"text-align: right;\">Cpde. Expte. N\u00ba 2007-00204-7 C. D.<\/p>\n","protected":false},"excerpt":{"rendered":"<p>DECLARACI\u00d3N N\u00b0 13 VISTO Este proyecto tiene por objeto reconocer el programa radial \u201cFolcloreando por la Patria\u201d, y CONSIDERANDO Que, este proyecto trata de preservar nuestras ra\u00edces y como es l\u00f3gico, nuestra historia Nacional y Regional. Que, en dicho Programa se puede escuchar canciones de todas las regiones que conforman nuestro territorio patrio, encontrar leyendas, [&hellip;]<\/p>\n","protected":false},"author":1,"featured_media":4276,"comment_status":"closed","ping_status":"closed","sticky":false,"template":"","format":"standard","meta":{"_acf_changed":false,"footnotes":""},"categories":[66],"tags":[],"class_list":["post-5424","post","type-post","status-publish","format-standard","has-post-thumbnail","hentry","category-declaraciones"],"acf":[],"_links":{"self":[{"href":"https:\/\/coworkdigital.com.ar\/hcd\/wp-json\/wp\/v2\/posts\/5424","targetHints":{"allow":["GET"]}}],"collection":[{"href":"https:\/\/coworkdigital.com.ar\/hcd\/wp-json\/wp\/v2\/posts"}],"about":[{"href":"https:\/\/coworkdigital.com.ar\/hcd\/wp-json\/wp\/v2\/types\/post"}],"author":[{"embeddable":true,"href":"https:\/\/coworkdigital.com.ar\/hcd\/wp-json\/wp\/v2\/users\/1"}],"replies":[{"embeddable":true,"href":"https:\/\/coworkdigital.com.ar\/hcd\/wp-json\/wp\/v2\/comments?post=5424"}],"version-history":[{"count":0,"href":"https:\/\/coworkdigital.com.ar\/hcd\/wp-json\/wp\/v2\/posts\/5424\/revisions"}],"wp:featuredmedia":[{"embeddable":true,"href":"https:\/\/coworkdigital.com.ar\/hcd\/wp-json\/wp\/v2\/media\/4276"}],"wp:attachment":[{"href":"https:\/\/coworkdigital.com.ar\/hcd\/wp-json\/wp\/v2\/media?parent=5424"}],"wp:term":[{"taxonomy":"category","embeddable":true,"href":"https:\/\/coworkdigital.com.ar\/hcd\/wp-json\/wp\/v2\/categories?post=5424"},{"taxonomy":"post_tag","embeddable":true,"href":"https:\/\/coworkdigital.com.ar\/hcd\/wp-json\/wp\/v2\/tags?post=5424"}],"curies":[{"name":"wp","href":"https:\/\/api.w.org\/{rel}","templated":true}]}}