{"id":5427,"date":"2007-07-31T14:07:30","date_gmt":"2007-07-31T14:07:30","guid":{"rendered":"http:\/\/www.rivadaviamendoza.gob.ar\/hcd\/?p=5427"},"modified":"2007-07-31T14:07:30","modified_gmt":"2007-07-31T14:07:30","slug":"declaracion-12-2007","status":"publish","type":"post","link":"https:\/\/coworkdigital.com.ar\/hcd\/declaracion-12-2007\/","title":{"rendered":"Declaraci\u00f3n 12-2007"},"content":{"rendered":"<p style=\"text-align: center;\"><strong><img fetchpriority=\"high\" decoding=\"async\" class=\"wp-image-1054 aligncenter\" src=\"http:\/\/rd.gov.ar\/wp4\/wp-content\/uploads\/2017\/02\/encabezado-300x60.jpg\" sizes=\"(max-width: 669px) 100vw, 669px\" srcset=\"http:\/\/www.rivadaviamendoza.gob.ar\/hcd\/wp-content\/uploads\/2017\/02\/encabezado-300x60.jpg 300w, http:\/\/www.rivadaviamendoza.gob.ar\/hcd\/wp-content\/uploads\/2017\/02\/encabezado-768x153.jpg 768w, http:\/\/www.rivadaviamendoza.gob.ar\/hcd\/wp-content\/uploads\/2017\/02\/encabezado-1024x203.jpg 1024w\" alt=\"\" width=\"669\" height=\"134\" \/><\/strong><\/p>\n<p style=\"text-align: center;\"><strong>DECLARACI\u00d3N N\u00ba 12<\/strong><\/p>\n<p style=\"text-align: justify;\"><strong>VISTO<\/strong><br \/>\nLa falta de se\u00f1alizaci\u00f3n en la Ruta N\u00ba 67 del departamento de Rivadavia, y<\/p>\n<p style=\"text-align: justify;\"><strong>CONSIDERANDO<\/strong><br \/>\nQue hablamos de una Ruta Provincial que une al departamento de Rivadavia con Luj\u00e1n, Jun\u00edn y el sur de la Provincia.<br \/>\nQue a su vez cuenta con un porcentaje alto de tr\u00e1nsito por ser una ruta en la que hay zonas de producci\u00f3n vitivin\u00edcola, oliv\u00edcola, etc., es acceso a zonas petroleras. Adem\u00e1s,\u00a0 nos une con nuestro centro tur\u00edstico m\u00e1s importante: la Villa Tur\u00edstica San Isidro.<br \/>\nQue, si bien se observa que en algunos lugares del recorrido de la ruta existe se\u00f1alizaci\u00f3n, en otros lugares es inexistente.<br \/>\nQue uno de los aspectos para prevenir accidentes viales, es la correcta se\u00f1alizaci\u00f3n, puesto que las se\u00f1ales viales son los medios f\u00edsicos empleados para indicar a usuarios de la v\u00eda p\u00fablica la forma correcta y segura de transitar por la misma, permitiendo tener una informaci\u00f3n precisa de las condiciones de la ruta.<br \/>\nQue en la p\u00e1gina Web del Municipio: www.rivadaviamendoza.gov.ar, en la parte Turismo, se promociona la Villa Tur\u00edstica, indicando c\u00f3mo acceder a la misma desde cualquier parte de nuestro Pa\u00eds. De ah\u00ed, la importancia de la se\u00f1alizaci\u00f3n apropiada que permite un acceso r\u00e1pido y seguro de llegar a ese Centro Tur\u00edstico.<\/p>\n<p style=\"text-align: justify;\"><strong>POR ELLO<\/strong><br \/>\nEl Concejo Deliberante de Rivadavia, Mendoza, y en uso de sus facultades:<\/p>\n<p style=\"text-align: center;\"><strong>DECLARA<\/strong><\/p>\n<p style=\"text-align: justify;\"><strong>Art\u00edculo 1\u00ba:<\/strong> El Concejo Deliberante de Rivadavia, Mendoza, ver\u00eda con agrado que el Departamento Ejecutivo gestione ante la Direcci\u00f3n Provincial de Vialidad, para que se realicen las obras de se\u00f1alizaci\u00f3n correspondientes en la Ruta Provincial N\u00ba 67, que une al departamento de Rivadavia con la Villa Tur\u00edstica San Isidro.<\/p>\n<p style=\"text-align: justify;\"><strong>Art\u00edculo 2\u00ba:<\/strong> Remitir copia de la presente pieza legal, a la Direcci\u00f3n Provincial de Vialidad.<\/p>\n<p style=\"text-align: justify;\"><strong>Art\u00edculo 4\u00ba:<\/strong> Comun\u00edquese al Departamento Ejecutivo a sus efectos, e ins\u00e9rtese en el Libro de Declaraciones de este Cuerpo.<\/p>\n<p style=\"text-align: justify;\">Dada en la Sala de Sesiones Bandera Nacional Argentina, del Concejo Deliberante de Rivadavia, Mendoza, a los 31 d\u00edas del mes de julio de 2007.<\/p>\n<table>\n<tbody>\n<tr>\n<td style=\"text-align: center;\">RUB\u00c9N DAR\u00cdO GRANDO<\/td>\n<td style=\"text-align: center;\">FLORINDA SEOANE<\/td>\n<\/tr>\n<tr>\n<td style=\"text-align: center;\">SECRETARIO C.D.<\/td>\n<td style=\"text-align: center;\">PRESIDENTA C.D.<\/td>\n<\/tr>\n<\/tbody>\n<\/table>\n<p style=\"text-align: right;\">Cpde. Expte. N\u00ba 2007-00206-2 C.D.<\/p>\n","protected":false},"excerpt":{"rendered":"<p>DECLARACI\u00d3N N\u00ba 12 VISTO La falta de se\u00f1alizaci\u00f3n en la Ruta N\u00ba 67 del departamento de Rivadavia, y CONSIDERANDO Que hablamos de una Ruta Provincial que une al departamento de Rivadavia con Luj\u00e1n, Jun\u00edn y el sur de la Provincia. Que a su vez cuenta con un porcentaje alto de tr\u00e1nsito por ser una ruta [&hellip;]<\/p>\n","protected":false},"author":1,"featured_media":4276,"comment_status":"closed","ping_status":"closed","sticky":false,"template":"","format":"standard","meta":{"_acf_changed":false,"footnotes":""},"categories":[66],"tags":[],"class_list":["post-5427","post","type-post","status-publish","format-standard","has-post-thumbnail","hentry","category-declaraciones"],"acf":[],"_links":{"self":[{"href":"https:\/\/coworkdigital.com.ar\/hcd\/wp-json\/wp\/v2\/posts\/5427","targetHints":{"allow":["GET"]}}],"collection":[{"href":"https:\/\/coworkdigital.com.ar\/hcd\/wp-json\/wp\/v2\/posts"}],"about":[{"href":"https:\/\/coworkdigital.com.ar\/hcd\/wp-json\/wp\/v2\/types\/post"}],"author":[{"embeddable":true,"href":"https:\/\/coworkdigital.com.ar\/hcd\/wp-json\/wp\/v2\/users\/1"}],"replies":[{"embeddable":true,"href":"https:\/\/coworkdigital.com.ar\/hcd\/wp-json\/wp\/v2\/comments?post=5427"}],"version-history":[{"count":0,"href":"https:\/\/coworkdigital.com.ar\/hcd\/wp-json\/wp\/v2\/posts\/5427\/revisions"}],"wp:featuredmedia":[{"embeddable":true,"href":"https:\/\/coworkdigital.com.ar\/hcd\/wp-json\/wp\/v2\/media\/4276"}],"wp:attachment":[{"href":"https:\/\/coworkdigital.com.ar\/hcd\/wp-json\/wp\/v2\/media?parent=5427"}],"wp:term":[{"taxonomy":"category","embeddable":true,"href":"https:\/\/coworkdigital.com.ar\/hcd\/wp-json\/wp\/v2\/categories?post=5427"},{"taxonomy":"post_tag","embeddable":true,"href":"https:\/\/coworkdigital.com.ar\/hcd\/wp-json\/wp\/v2\/tags?post=5427"}],"curies":[{"name":"wp","href":"https:\/\/api.w.org\/{rel}","templated":true}]}}