{"id":5429,"date":"2007-07-31T14:05:09","date_gmt":"2007-07-31T14:05:09","guid":{"rendered":"http:\/\/www.rivadaviamendoza.gob.ar\/hcd\/?p=5429"},"modified":"2007-07-31T14:05:09","modified_gmt":"2007-07-31T14:05:09","slug":"declaracion-11-2007","status":"publish","type":"post","link":"https:\/\/coworkdigital.com.ar\/hcd\/declaracion-11-2007\/","title":{"rendered":"Declaraci\u00f3n 11-2007"},"content":{"rendered":"<p style=\"text-align: center;\"><strong><img fetchpriority=\"high\" decoding=\"async\" class=\"wp-image-1054 aligncenter\" src=\"http:\/\/rd.gov.ar\/wp4\/wp-content\/uploads\/2017\/02\/encabezado-300x60.jpg\" sizes=\"(max-width: 669px) 100vw, 669px\" srcset=\"http:\/\/www.rivadaviamendoza.gob.ar\/hcd\/wp-content\/uploads\/2017\/02\/encabezado-300x60.jpg 300w, http:\/\/www.rivadaviamendoza.gob.ar\/hcd\/wp-content\/uploads\/2017\/02\/encabezado-768x153.jpg 768w, http:\/\/www.rivadaviamendoza.gob.ar\/hcd\/wp-content\/uploads\/2017\/02\/encabezado-1024x203.jpg 1024w\" alt=\"\" width=\"669\" height=\"134\" \/><\/strong><\/p>\n<p style=\"text-align: center;\"><strong>DECLARACI\u00d3N N\u00ba 11<\/strong><\/p>\n<p style=\"text-align: justify;\"><strong>VISTO<br \/>\n<\/strong>El Expediente N\u00ba 2007-00202-1, caratulado CO.DE.VIN (Comisi\u00f3n de Difusi\u00f3n y Evaluaci\u00f3n de Vinos), solicita se Declare de Inter\u00e9s Tur\u00edstico, Cultural y Econ\u00f3mico, la 13ra Evaluaci\u00f3n de Vinos a realizarse el pr\u00f3ximo 25 de agosto del corriente a\u00f1o, en nuestro Departamento, y<\/p>\n<p style=\"text-align: justify;\"><strong>CONSIDERANDO<\/strong><br \/>\nLo solicitado por la Direcci\u00f3n de Desarrollo Econ\u00f3mico, es de relevante importancia para la zona.<br \/>\nQue la degustaci\u00f3n de vinos de la Vendimia 2007, contar\u00e1 con la presencia de personas destacadas del ambiente vitivin\u00edcola, como asimismo periodistas y autoridades de nuestra Provincia.<br \/>\nQue este Concejo Deliberante, comparte plenamente declarar de Inter\u00e9s Tur\u00edstico, Cultural y Econ\u00f3mico al mencionado evento,\u00a0 por cuanto el mismo es un aporte para la industria vitivin\u00edcola y de inter\u00e9s tur\u00edstico, cultural y econ\u00f3mico para Rivadavia.<\/p>\n<p style=\"text-align: justify;\"><strong>POR ELLO<\/strong><br \/>\nEl\u00a0 Concejo Deliberante de Rivadavia, Mendoza, y en uso de sus facultades:<\/p>\n<p style=\"text-align: center;\"><strong>DECLARA<\/strong><\/p>\n<p style=\"text-align: justify;\"><strong>Art\u00edculo 1\u00ba:<\/strong> El Concejo Deliberante de Rivadavia, Mendoza, Declara de Inter\u00e9s Tur\u00edstico, Cultural y Econ\u00f3mico, a la 13ra Edici\u00f3n Evaluaci\u00f3n de Vinos organizada por CO.DE.VIN., a realizarse el d\u00eda 25 de agosto de 2007, en nuestro Departamento.<\/p>\n<p style=\"text-align: justify;\"><strong>Art\u00edculo 2\u00ba:<\/strong> Rem\u00edtase copia de la presente pieza legal, a la Lic. Diana Marigliano, Presidenta de CO.DE.VIN. , a sus efectos.<\/p>\n<p style=\"text-align: justify;\"><strong>Art\u00edculo 3\u00ba:<\/strong> Comun\u00edquese al Departamento Ejecutivo a sus efectos e ins\u00e9rtese en el Libro de Declaraciones de este Cuerpo.<\/p>\n<p style=\"text-align: justify;\">Dada en la Sala de Sesiones Bandera Nacional Argentina, del Concejo Deliberante de Rivadavia, Mendoza, a los 31 d\u00edas del mes de Julio de 2007.<\/p>\n<table>\n<tbody>\n<tr>\n<td style=\"text-align: center;\">RUB\u00c9N DAR\u00cdO GRANDO<\/td>\n<td style=\"text-align: center;\">FLORINDA SEOANE<\/td>\n<\/tr>\n<tr>\n<td style=\"text-align: center;\">SECRETARIO C.D.<\/td>\n<td style=\"text-align: center;\">PRESIDENTA C.D.<\/td>\n<\/tr>\n<\/tbody>\n<\/table>\n<p style=\"text-align: right;\">Cpde. Expte. N\u00ba 2007-00202- 1 C.D.<\/p>\n","protected":false},"excerpt":{"rendered":"<p>DECLARACI\u00d3N N\u00ba 11 VISTO El Expediente N\u00ba 2007-00202-1, caratulado CO.DE.VIN (Comisi\u00f3n de Difusi\u00f3n y Evaluaci\u00f3n de Vinos), solicita se Declare de Inter\u00e9s Tur\u00edstico, Cultural y Econ\u00f3mico, la 13ra Evaluaci\u00f3n de Vinos a realizarse el pr\u00f3ximo 25 de agosto del corriente a\u00f1o, en nuestro Departamento, y CONSIDERANDO Lo solicitado por la Direcci\u00f3n de Desarrollo Econ\u00f3mico, es [&hellip;]<\/p>\n","protected":false},"author":1,"featured_media":4276,"comment_status":"closed","ping_status":"closed","sticky":false,"template":"","format":"standard","meta":{"_acf_changed":false,"footnotes":""},"categories":[66],"tags":[],"class_list":["post-5429","post","type-post","status-publish","format-standard","has-post-thumbnail","hentry","category-declaraciones"],"acf":[],"_links":{"self":[{"href":"https:\/\/coworkdigital.com.ar\/hcd\/wp-json\/wp\/v2\/posts\/5429","targetHints":{"allow":["GET"]}}],"collection":[{"href":"https:\/\/coworkdigital.com.ar\/hcd\/wp-json\/wp\/v2\/posts"}],"about":[{"href":"https:\/\/coworkdigital.com.ar\/hcd\/wp-json\/wp\/v2\/types\/post"}],"author":[{"embeddable":true,"href":"https:\/\/coworkdigital.com.ar\/hcd\/wp-json\/wp\/v2\/users\/1"}],"replies":[{"embeddable":true,"href":"https:\/\/coworkdigital.com.ar\/hcd\/wp-json\/wp\/v2\/comments?post=5429"}],"version-history":[{"count":0,"href":"https:\/\/coworkdigital.com.ar\/hcd\/wp-json\/wp\/v2\/posts\/5429\/revisions"}],"wp:featuredmedia":[{"embeddable":true,"href":"https:\/\/coworkdigital.com.ar\/hcd\/wp-json\/wp\/v2\/media\/4276"}],"wp:attachment":[{"href":"https:\/\/coworkdigital.com.ar\/hcd\/wp-json\/wp\/v2\/media?parent=5429"}],"wp:term":[{"taxonomy":"category","embeddable":true,"href":"https:\/\/coworkdigital.com.ar\/hcd\/wp-json\/wp\/v2\/categories?post=5429"},{"taxonomy":"post_tag","embeddable":true,"href":"https:\/\/coworkdigital.com.ar\/hcd\/wp-json\/wp\/v2\/tags?post=5429"}],"curies":[{"name":"wp","href":"https:\/\/api.w.org\/{rel}","templated":true}]}}