{"id":5431,"date":"2007-07-17T14:30:34","date_gmt":"2007-07-17T14:30:34","guid":{"rendered":"http:\/\/www.rivadaviamendoza.gob.ar\/hcd\/?p=5431"},"modified":"2007-07-17T14:30:34","modified_gmt":"2007-07-17T14:30:34","slug":"declaracion-10-2007","status":"publish","type":"post","link":"https:\/\/coworkdigital.com.ar\/hcd\/declaracion-10-2007\/","title":{"rendered":"Declaraci\u00f3n 10-2007"},"content":{"rendered":"<p style=\"text-align: center;\"><strong><img fetchpriority=\"high\" decoding=\"async\" class=\"wp-image-1054 aligncenter\" src=\"http:\/\/rd.gov.ar\/wp4\/wp-content\/uploads\/2017\/02\/encabezado-300x60.jpg\" sizes=\"(max-width: 669px) 100vw, 669px\" srcset=\"http:\/\/www.rivadaviamendoza.gob.ar\/hcd\/wp-content\/uploads\/2017\/02\/encabezado-300x60.jpg 300w, http:\/\/www.rivadaviamendoza.gob.ar\/hcd\/wp-content\/uploads\/2017\/02\/encabezado-768x153.jpg 768w, http:\/\/www.rivadaviamendoza.gob.ar\/hcd\/wp-content\/uploads\/2017\/02\/encabezado-1024x203.jpg 1024w\" alt=\"\" width=\"669\" height=\"134\" \/><\/strong><\/p>\n<p style=\"text-align: center;\"><strong>DECLARACI\u00d3N N\u00ba 10<\/strong><\/p>\n<p style=\"text-align: justify;\"><strong>VISTO<\/strong><br \/>\nLa relevante importancia que reviste el \u201cII Foro Educativo\u201d, en el que participan las escuelas primarias pertenecientes\u00a0 a las Secciones Escolares 26 y 27 de nuestro Departamento, y<\/p>\n<p style=\"text-align: justify;\"><strong>CONSIDERANDO<\/strong><br \/>\nQue las actividades propias del \u201cForo del Ser Ciudadano\u201d conllevan a una serie de objetivos destacables, a saber:<\/p>\n<p style=\"text-align: justify; padding-left: 90px;\">Promover la capacidad de reconocer las formas de organizaci\u00f3n pol\u00edtica, econ\u00f3mica y social.<br \/>\nValorar la intervenci\u00f3n de los propios sujetos sociales para promover cambios.<br \/>\nIdentificar las caracter\u00edsticas b\u00e1sicas del sistema democr\u00e1tico de nuestro departamento, provincia y pa\u00eds.<br \/>\nEstimular la participaci\u00f3n como expositor y como oyente de las exposiciones de sus compa\u00f1eros.<br \/>\nPreparar, realizar y escribir entrevistas a distintas personas sobre tem\u00e1ticas inherentes al Foro.<br \/>\nAprender a conversar y participar en grupos de trabajo.<br \/>\nAprender a exponer.<br \/>\nAplicar estrategias de b\u00fasqueda, selecci\u00f3n de la informaci\u00f3n.<br \/>\nComenzar a vivenciar situaciones del Ser Ciudadano.<\/p>\n<p style=\"text-align: justify;\">Que es pausible ponderar y reconocer este tipo de iniciativas desde nuestra Instituci\u00f3n local, debido a su gran impacto social, educacional, cultural y pol\u00edtico en el Departamento.<\/p>\n<p style=\"text-align: justify;\"><strong>POR ELLO<\/strong><br \/>\nEl Concejo Deliberante de Rivadavia, Mendoza, y en uso de sus facultades:<\/p>\n<p style=\"text-align: center;\"><strong>DECLARA<\/strong><\/p>\n<p style=\"text-align: justify;\"><strong>Art\u00edculo 1\u00ba:<\/strong> El Concejo Deliberante de Rivadavia, Mendoza, declara de Inter\u00e9s Departamental, el \u201cII Foro Educativo Ser Ciudadano\u201d que realizan las Escuelas Primarias de Rivadavia, dependientes de las Secciones Escolares 26 y 27, y cuya muestra final est\u00e1 prevista para el pr\u00f3ximo mes de octubre de 2007.<\/p>\n<p style=\"text-align: justify;\"><strong>Art\u00edculo 2\u00ba:<\/strong> La presente declaraci\u00f3n no implica erogaci\u00f3n alguna por parte del Departamento Ejecutivo.<\/p>\n<p style=\"text-align: justify;\"><strong>Art\u00edculo 3\u00ba:<\/strong> Remitir copia de la presente pieza legal, a las se\u00f1oras Inspectoras T\u00e9cnicas Seccionales,\u00a0 Pfsoras. Amalia Teresa Mart\u00ednez de Pelliza y . Mirta Layera, y a la Directora General de Escuelas de la Provincia, Lic. Emma Cunietti, a sus efectos.<\/p>\n<p style=\"text-align: justify;\"><strong>Art\u00edculo 4\u00ba:<\/strong> Comun\u00edquese al Departamento Ejecutivo a sus efectos, e ins\u00e9rtese en el Libro de Declaraciones de este Cuerpo.<\/p>\n<p style=\"text-align: justify;\">Dada en la Sala de Sesiones Bandera Nacional Argentina, del Concejo Deliberante de Rivadavia, Mendoza, a los 17 d\u00edas del mes de julio de 2007.<\/p>\n<table>\n<tbody>\n<tr>\n<td style=\"text-align: center;\">JULIO C\u00c9SAR G\u00d3MEZ<\/td>\n<td style=\"text-align: center;\">FLORINDA SEOANE<\/td>\n<\/tr>\n<tr>\n<td style=\"text-align: center;\">A\/C SECRETAR\u00cdA C.D.<\/td>\n<td style=\"text-align: center;\">PRESIDENTA C.D.<\/td>\n<\/tr>\n<\/tbody>\n<\/table>\n<p style=\"text-align: right;\">Cpde. Expte. N\u00ba 2007-00185-8 C.D.<\/p>\n","protected":false},"excerpt":{"rendered":"<p>DECLARACI\u00d3N N\u00ba 10 VISTO La relevante importancia que reviste el \u201cII Foro Educativo\u201d, en el que participan las escuelas primarias pertenecientes\u00a0 a las Secciones Escolares 26 y 27 de nuestro Departamento, y CONSIDERANDO Que las actividades propias del \u201cForo del Ser Ciudadano\u201d conllevan a una serie de objetivos destacables, a saber: Promover la capacidad de [&hellip;]<\/p>\n","protected":false},"author":1,"featured_media":4276,"comment_status":"closed","ping_status":"closed","sticky":false,"template":"","format":"standard","meta":{"_acf_changed":false,"footnotes":""},"categories":[66],"tags":[],"class_list":["post-5431","post","type-post","status-publish","format-standard","has-post-thumbnail","hentry","category-declaraciones"],"acf":[],"_links":{"self":[{"href":"https:\/\/coworkdigital.com.ar\/hcd\/wp-json\/wp\/v2\/posts\/5431","targetHints":{"allow":["GET"]}}],"collection":[{"href":"https:\/\/coworkdigital.com.ar\/hcd\/wp-json\/wp\/v2\/posts"}],"about":[{"href":"https:\/\/coworkdigital.com.ar\/hcd\/wp-json\/wp\/v2\/types\/post"}],"author":[{"embeddable":true,"href":"https:\/\/coworkdigital.com.ar\/hcd\/wp-json\/wp\/v2\/users\/1"}],"replies":[{"embeddable":true,"href":"https:\/\/coworkdigital.com.ar\/hcd\/wp-json\/wp\/v2\/comments?post=5431"}],"version-history":[{"count":0,"href":"https:\/\/coworkdigital.com.ar\/hcd\/wp-json\/wp\/v2\/posts\/5431\/revisions"}],"wp:featuredmedia":[{"embeddable":true,"href":"https:\/\/coworkdigital.com.ar\/hcd\/wp-json\/wp\/v2\/media\/4276"}],"wp:attachment":[{"href":"https:\/\/coworkdigital.com.ar\/hcd\/wp-json\/wp\/v2\/media?parent=5431"}],"wp:term":[{"taxonomy":"category","embeddable":true,"href":"https:\/\/coworkdigital.com.ar\/hcd\/wp-json\/wp\/v2\/categories?post=5431"},{"taxonomy":"post_tag","embeddable":true,"href":"https:\/\/coworkdigital.com.ar\/hcd\/wp-json\/wp\/v2\/tags?post=5431"}],"curies":[{"name":"wp","href":"https:\/\/api.w.org\/{rel}","templated":true}]}}