{"id":5438,"date":"2007-05-15T14:54:19","date_gmt":"2007-05-15T14:54:19","guid":{"rendered":"http:\/\/www.rivadaviamendoza.gob.ar\/hcd\/?p=5438"},"modified":"2007-05-15T14:54:19","modified_gmt":"2007-05-15T14:54:19","slug":"declaracion-07-2007","status":"publish","type":"post","link":"https:\/\/coworkdigital.com.ar\/hcd\/declaracion-07-2007\/","title":{"rendered":"Declaraci\u00f3n 07-2007"},"content":{"rendered":"<p style=\"text-align: center;\"><strong><img fetchpriority=\"high\" decoding=\"async\" class=\"wp-image-1054 aligncenter\" src=\"http:\/\/rd.gov.ar\/wp4\/wp-content\/uploads\/2017\/02\/encabezado-300x60.jpg\" sizes=\"(max-width: 669px) 100vw, 669px\" srcset=\"http:\/\/www.rivadaviamendoza.gob.ar\/hcd\/wp-content\/uploads\/2017\/02\/encabezado-300x60.jpg 300w, http:\/\/www.rivadaviamendoza.gob.ar\/hcd\/wp-content\/uploads\/2017\/02\/encabezado-768x153.jpg 768w, http:\/\/www.rivadaviamendoza.gob.ar\/hcd\/wp-content\/uploads\/2017\/02\/encabezado-1024x203.jpg 1024w\" alt=\"\" width=\"669\" height=\"134\" \/><\/strong><\/p>\n<p style=\"text-align: center;\"><strong>DECLARACI\u00d3N N\u00b0 7<\/strong><\/p>\n<p style=\"text-align: justify;\"><strong> VISTO<\/strong><br \/>\nEl expediente N\u00b0 2007-00135-3, caratulado Concejales de Rivadavia presentan proyecto de Declaraci\u00f3n: Manifestaci\u00f3n de repudio contra agresiones violentas a la Ministra de Desarrollo Social de la Naci\u00f3n, y<\/p>\n<p style=\"text-align: justify;\"><strong>CONSIDERANDO<\/strong><br \/>\nLas agresiones violentas realizadas el d\u00eda s\u00e1bado 12 de mayo del corriente a\u00f1o en la provincia de Santa Cruz a la Ministra de Desarrollo Social, Alicia Kirchner.<br \/>\nQue tal agresi\u00f3n f\u00edsica y verbal realizada por manifestantes de distintos gremios provinciales representa un acto de intolerancia y violencia que no puede ser admitido bajo ning\u00fan punto de vista como forma de manifestaci\u00f3n de\u00a0 reclamos sociales, por justos que sean, puesto que la v\u00eda pac\u00edfica es el \u00fanico medio leg\u00edtimo\u00a0 y civilizado que permite dotar de entereza y raz\u00f3n\u00a0 cualquier petici\u00f3n ciudadana.\u00a0 Las v\u00edas violentas nos retrotraen a etapas oscuras de nuestro pasado, de las cuales tristemente hemos debido aprender para no\u00a0 repetirlas jam\u00e1s.<br \/>\nQue las manifestaciones sociales y su discusi\u00f3n metodol\u00f3gica no justifica la agresi\u00f3n f\u00edsica y verbal, m\u00e1s a\u00fan cuando se trat\u00f3 de una Ministra de la Naci\u00f3n, oriunda de la Ciudad Patag\u00f3nica de R\u00edo Gallegos y que por medio de la violencia\u00a0 no se llegar\u00e1 a resolver\u00a0 el clima de tensi\u00f3n\u00a0 que atraviesa la provincia de Santa Cruz.<br \/>\nQue las distintas expresiones\u00a0 que se han suscitado en todo el Pa\u00eds con respecto al tema salarial,\u00a0 deben hacernos reflexionar sobre la necesidad de recuperar el di\u00e1logo, fortalecer la tolerancia y el respeto por el derecho de todos.<br \/>\nQue este Concejo Deliberante expresa su m\u00e1s en\u00e9rgico repudio ante estos hechos, inconcebibles en un Estado Democr\u00e1tico, y debe ser as\u00ed expresado por\u00a0 todas las expresiones pol\u00edticas que conviven en el mismo.<\/p>\n<p style=\"text-align: justify;\"><strong>POR ELLO<\/strong><br \/>\nEl Concejo Deliberante de Rivadavia, Mendoza y en uso de sus facultades:<\/p>\n<p style=\"text-align: center;\"><strong>DECLARA<\/strong><\/p>\n<p style=\"text-align: justify;\"><strong>Art\u00edculo 1\u00b0:<\/strong> El Concejo Deliberante de Rivadavia, Mendoza, repudia las agresiones violentas, ocasionadas por manifestantes de la Provincia de Santa Cruz\u00a0 a la Ministra de Desarrollo Social de la Naci\u00f3n, Alicia Kirchner; ratificando firmemente que el reclamo y resistencia pac\u00edficos son la \u00fanica v\u00eda posible para defender los derechos constitucionales en un Estado Democr\u00e1tico.<\/p>\n<p style=\"text-align: justify;\"><strong>Art\u00edculo 2\u00b0:<\/strong> Remitir copia de la presente pieza legal al Presidente de la Naci\u00f3n Argentina; a la Sra. Ministra de Desarrollo Social de la Naci\u00f3n; al Gobierno de la provincia de Santa Cruz; a los gremios de Docentes y Municipales de Santa Cruz y a todos los Concejos Deliberantes de la provincia de Mendoza.<\/p>\n<p style=\"text-align: justify;\"><strong>Art\u00edculo 3\u00b0:<\/strong> Comun\u00edquese al Departamento Ejecutivo a sus efectos e ins\u00e9rtese en el Libro de Declaraciones de este Cuerpo.<\/p>\n<p style=\"text-align: justify;\">Dada en la Sala de Sesiones Bandera Nacional Argentina, del Concejo Deliberante de Rivadavia, Mendoza, a los 15 d\u00edas del mes de mayo de 2007.<\/p>\n<table>\n<tbody>\n<tr>\n<td style=\"text-align: center;\">RUB\u00c9N DAR\u00cdO GRANDO<\/td>\n<td style=\"text-align: center;\">FABIAN MONTES<\/td>\n<\/tr>\n<tr>\n<td style=\"text-align: center;\">SECRETARIO C.D.<\/td>\n<td style=\"text-align: center;\">VICEPRESIDENTE 1\u00b0 C.D.<br \/>\nA\/C PRESIDENCIA<\/td>\n<\/tr>\n<\/tbody>\n<\/table>\n<p style=\"text-align: right;\">Cpde. Expte. N\u00ba 2007-00135-3 C.D.<\/p>\n","protected":false},"excerpt":{"rendered":"<p>DECLARACI\u00d3N N\u00b0 7 VISTO El expediente N\u00b0 2007-00135-3, caratulado Concejales de Rivadavia presentan proyecto de Declaraci\u00f3n: Manifestaci\u00f3n de repudio contra agresiones violentas a la Ministra de Desarrollo Social de la Naci\u00f3n, y CONSIDERANDO Las agresiones violentas realizadas el d\u00eda s\u00e1bado 12 de mayo del corriente a\u00f1o en la provincia de Santa Cruz a la Ministra [&hellip;]<\/p>\n","protected":false},"author":1,"featured_media":4276,"comment_status":"closed","ping_status":"closed","sticky":false,"template":"","format":"standard","meta":{"_acf_changed":false,"footnotes":""},"categories":[66],"tags":[],"class_list":["post-5438","post","type-post","status-publish","format-standard","has-post-thumbnail","hentry","category-declaraciones"],"acf":[],"_links":{"self":[{"href":"https:\/\/coworkdigital.com.ar\/hcd\/wp-json\/wp\/v2\/posts\/5438","targetHints":{"allow":["GET"]}}],"collection":[{"href":"https:\/\/coworkdigital.com.ar\/hcd\/wp-json\/wp\/v2\/posts"}],"about":[{"href":"https:\/\/coworkdigital.com.ar\/hcd\/wp-json\/wp\/v2\/types\/post"}],"author":[{"embeddable":true,"href":"https:\/\/coworkdigital.com.ar\/hcd\/wp-json\/wp\/v2\/users\/1"}],"replies":[{"embeddable":true,"href":"https:\/\/coworkdigital.com.ar\/hcd\/wp-json\/wp\/v2\/comments?post=5438"}],"version-history":[{"count":0,"href":"https:\/\/coworkdigital.com.ar\/hcd\/wp-json\/wp\/v2\/posts\/5438\/revisions"}],"wp:featuredmedia":[{"embeddable":true,"href":"https:\/\/coworkdigital.com.ar\/hcd\/wp-json\/wp\/v2\/media\/4276"}],"wp:attachment":[{"href":"https:\/\/coworkdigital.com.ar\/hcd\/wp-json\/wp\/v2\/media?parent=5438"}],"wp:term":[{"taxonomy":"category","embeddable":true,"href":"https:\/\/coworkdigital.com.ar\/hcd\/wp-json\/wp\/v2\/categories?post=5438"},{"taxonomy":"post_tag","embeddable":true,"href":"https:\/\/coworkdigital.com.ar\/hcd\/wp-json\/wp\/v2\/tags?post=5438"}],"curies":[{"name":"wp","href":"https:\/\/api.w.org\/{rel}","templated":true}]}}