{"id":5444,"date":"2007-04-10T15:07:37","date_gmt":"2007-04-10T15:07:37","guid":{"rendered":"http:\/\/www.rivadaviamendoza.gob.ar\/hcd\/?p=5444"},"modified":"2007-04-10T15:07:37","modified_gmt":"2007-04-10T15:07:37","slug":"declaracion-04-2007","status":"publish","type":"post","link":"https:\/\/coworkdigital.com.ar\/hcd\/declaracion-04-2007\/","title":{"rendered":"Declaraci\u00f3n 04-2007"},"content":{"rendered":"<p style=\"text-align: center;\"><strong><img fetchpriority=\"high\" decoding=\"async\" class=\"wp-image-1054 aligncenter\" src=\"http:\/\/rd.gov.ar\/wp4\/wp-content\/uploads\/2017\/02\/encabezado-300x60.jpg\" sizes=\"(max-width: 669px) 100vw, 669px\" srcset=\"http:\/\/www.rivadaviamendoza.gob.ar\/hcd\/wp-content\/uploads\/2017\/02\/encabezado-300x60.jpg 300w, http:\/\/www.rivadaviamendoza.gob.ar\/hcd\/wp-content\/uploads\/2017\/02\/encabezado-768x153.jpg 768w, http:\/\/www.rivadaviamendoza.gob.ar\/hcd\/wp-content\/uploads\/2017\/02\/encabezado-1024x203.jpg 1024w\" alt=\"\" width=\"669\" height=\"134\" \/><\/strong><\/p>\n<p style=\"text-align: center;\"><strong>DECLARACI\u00d3N N\u00b0 4<\/strong><\/p>\n<p style=\"text-align: justify;\"><strong>VISTO<br \/>\n<\/strong>El Expediente N\u00b0 2007-00084-3, caratulado Concejo Deliberante de Rivadavia, Mendoza, repudia toda forma de represi\u00f3n que implique desarticular las movilizaciones populares, y<\/p>\n<p style=\"text-align: justify;\"><strong>CONSIDERANDO<\/strong><br \/>\nLa feroz represi\u00f3n que impuls\u00f3 el Gobierno de Neuqu\u00e9n contra los docentes, y que caus\u00f3 la muerte del maestro Carlos Fuentealba.<br \/>\nQue este Concejo Deliberante expresa su m\u00e1s en\u00e9rgico repudio ante estos hechos, inconcebibles en democracia y en el respeto al estado de derecho que debe primar en un sistema de gobierno que se dice democr\u00e1tico.<br \/>\nQue las protestas sociales m\u00e1s all\u00e1 de su discusi\u00f3n metodol\u00f3gica no implica una represi\u00f3n de las caracter\u00edsticas y magnitud de las llevadas a cabo en Neuqu\u00e9n y otras provincias del Pa\u00eds.<br \/>\nQue este Concejo Deliberante, tambi\u00e9n expresa su preocupaci\u00f3n por el proceder de algunos que intentan repetir en democracia los m\u00e9todos de la dictadura, amedrentando a los trabajadores, cortando su derecho a movilizar, a reclamar por sus salarios, a peticionar y a ser escuchados.<br \/>\nQue las distintas manifestaciones que se han suscitado en todo el pa\u00eds con respecto a este tema deber\u00edan hacernos reflexionar sobre la necesidad de recuperar el di\u00e1logo, fortalecer la tolerancia y el respeto por el derecho de todos.<br \/>\nQue, construir una sociedad m\u00e1s justa y una distribuci\u00f3n de la riqueza que nos incluya a todos, ser\u00e1 el mejor homenaje que se le puede hacer no solo al docente, sino a todos los trabajadores que han sido v\u00edctimas de la represi\u00f3n.<\/p>\n<p style=\"text-align: justify;\"><strong>POR ELLO<\/strong><br \/>\nEl Concejo Deliberante de Rivadavia, Mendoza, y en uso de sus facultades:<\/p>\n<p style=\"text-align: center;\"><strong>DECLARA<\/strong><\/p>\n<p style=\"text-align: justify;\"><strong>Art\u00edculo 1\u00b0:<\/strong> El Concejo Deliberante de Rivadavia, Mendoza, repudia toda forma de represi\u00f3n que implique desarticular las movilizaciones populares.<\/p>\n<p style=\"text-align: justify;\"><strong>Art\u00edculo 2\u00b0:<\/strong> Remitir copia de la presente pieza legal al Presidente de la Naci\u00f3n Argentina; al Ministerio de Educaci\u00f3n Ciencia y Tecnolog\u00eda de la Naci\u00f3n; al Congreso Nacional; al Gobierno de la provincia de Mendoza; a la Legislatura Provincial;\u00a0 a la Coordinadora de Derechos Humanos de la Provincia de Mendoza; a todos los Concejos Deliberantes de la provincia de Mendoza; CTERA; UDA (Nacional y filial Mendoza) y S.U.T.E. (Mendoza y Delegaci\u00f3n Rivadavia)<\/p>\n<p style=\"text-align: justify;\"><strong>Art\u00edculo 3\u00b0:<\/strong> Comun\u00edquese al Departamento Ejecutivo Municipal, e ins\u00e9rtese en el Libro de Declaraciones de este Cuerpo.<\/p>\n<p style=\"text-align: justify;\">Dada en la Sala de Sesiones Bandera Nacional Argentina, del Concejo Deliberante de Rivadavia, Mendoza, a los 10 d\u00edas del mes de abril de 2007.<\/p>\n<table>\n<tbody>\n<tr>\n<td style=\"text-align: center;\">RUB\u00c9N DAR\u00cdO GRANDO<\/td>\n<td style=\"text-align: center;\">FLORINDA SEOANE<\/td>\n<\/tr>\n<tr>\n<td style=\"text-align: center;\">SECRETARIO C.D.<\/td>\n<td style=\"text-align: center;\">PRESIDENTA C.D.<\/td>\n<\/tr>\n<\/tbody>\n<\/table>\n<p style=\"text-align: right;\">Cpde. Expte. N\u00ba 2007-00073-6 C.D.<\/p>\n","protected":false},"excerpt":{"rendered":"<p>DECLARACI\u00d3N N\u00b0 4 VISTO El Expediente N\u00b0 2007-00084-3, caratulado Concejo Deliberante de Rivadavia, Mendoza, repudia toda forma de represi\u00f3n que implique desarticular las movilizaciones populares, y CONSIDERANDO La feroz represi\u00f3n que impuls\u00f3 el Gobierno de Neuqu\u00e9n contra los docentes, y que caus\u00f3 la muerte del maestro Carlos Fuentealba. Que este Concejo Deliberante expresa su m\u00e1s [&hellip;]<\/p>\n","protected":false},"author":1,"featured_media":4276,"comment_status":"closed","ping_status":"closed","sticky":false,"template":"","format":"standard","meta":{"_acf_changed":false,"footnotes":""},"categories":[66],"tags":[],"class_list":["post-5444","post","type-post","status-publish","format-standard","has-post-thumbnail","hentry","category-declaraciones"],"acf":[],"_links":{"self":[{"href":"https:\/\/coworkdigital.com.ar\/hcd\/wp-json\/wp\/v2\/posts\/5444","targetHints":{"allow":["GET"]}}],"collection":[{"href":"https:\/\/coworkdigital.com.ar\/hcd\/wp-json\/wp\/v2\/posts"}],"about":[{"href":"https:\/\/coworkdigital.com.ar\/hcd\/wp-json\/wp\/v2\/types\/post"}],"author":[{"embeddable":true,"href":"https:\/\/coworkdigital.com.ar\/hcd\/wp-json\/wp\/v2\/users\/1"}],"replies":[{"embeddable":true,"href":"https:\/\/coworkdigital.com.ar\/hcd\/wp-json\/wp\/v2\/comments?post=5444"}],"version-history":[{"count":0,"href":"https:\/\/coworkdigital.com.ar\/hcd\/wp-json\/wp\/v2\/posts\/5444\/revisions"}],"wp:featuredmedia":[{"embeddable":true,"href":"https:\/\/coworkdigital.com.ar\/hcd\/wp-json\/wp\/v2\/media\/4276"}],"wp:attachment":[{"href":"https:\/\/coworkdigital.com.ar\/hcd\/wp-json\/wp\/v2\/media?parent=5444"}],"wp:term":[{"taxonomy":"category","embeddable":true,"href":"https:\/\/coworkdigital.com.ar\/hcd\/wp-json\/wp\/v2\/categories?post=5444"},{"taxonomy":"post_tag","embeddable":true,"href":"https:\/\/coworkdigital.com.ar\/hcd\/wp-json\/wp\/v2\/tags?post=5444"}],"curies":[{"name":"wp","href":"https:\/\/api.w.org\/{rel}","templated":true}]}}