{"id":5820,"date":"2017-10-24T13:42:36","date_gmt":"2017-10-24T13:42:36","guid":{"rendered":"http:\/\/www.rivadaviamendoza.gob.ar\/hcd\/?p=5820"},"modified":"2017-10-24T13:42:36","modified_gmt":"2017-10-24T13:42:36","slug":"ordenanza-4869-2017","status":"publish","type":"post","link":"https:\/\/coworkdigital.com.ar\/hcd\/ordenanza-4869-2017\/","title":{"rendered":"Ordenanza 4869-2017"},"content":{"rendered":"<p style=\"text-align: center;\"><strong><img fetchpriority=\"high\" decoding=\"async\" class=\"wp-image-1054 aligncenter\" src=\"http:\/\/rd.gov.ar\/wp4\/wp-content\/uploads\/2017\/02\/encabezado-300x60.jpg\" sizes=\"(max-width: 669px) 100vw, 669px\" srcset=\"http:\/\/www.rivadaviamendoza.gob.ar\/hcd\/wp-content\/uploads\/2017\/02\/encabezado-300x60.jpg 300w, http:\/\/www.rivadaviamendoza.gob.ar\/hcd\/wp-content\/uploads\/2017\/02\/encabezado-768x153.jpg 768w, http:\/\/www.rivadaviamendoza.gob.ar\/hcd\/wp-content\/uploads\/2017\/02\/encabezado-1024x203.jpg 1024w\" alt=\"\" width=\"669\" height=\"134\" \/><\/strong><\/p>\n<p style=\"text-align: center;\"><strong>ORDENANZA N\u00ba 4.869<\/strong><\/p>\n<p style=\"text-align: justify;\"><strong>VISTO:<\/strong><br \/>\nLa Declaraci\u00f3n N\u00ba 45-04, mediante la cual se adhiere al Proyecto de Ley presentado mediante expediente N\u00ba 46.215, por el que se declara Patrono del Departamento de Rivadavia a \u201dSan Isidro Labrador\u201d, y<\/p>\n<p style=\"text-align: justify;\"><strong>CONSIDERANDO:<\/strong><br \/>\nQue San Isidro Labrador naci\u00f3 en Madrid, en el a\u00f1o 1082 aproximadamente, fue hijo de unos humildes campesinos, que con solo 10 a\u00f1os qued\u00f3 hu\u00e9rfano y se emple\u00f3 como pe\u00f3n de campo, pas\u00f3 muchos a\u00f1os labrando las tierras cultivando y cosechando. Se levantaba muy de madrugada y nunca empezaba su jornada diaria sin antes haber asistido a la santa misa. Sus compa\u00f1eros de trabajo, envidiosos los acusaron ante su patr\u00f3n por ausentismo y abandono de trabajo. El patr\u00f3n ante estas cr\u00edticas fue a observar el campo y comprob\u00f3 que Isidro llegaba una hora m\u00e1s tarde que el resto de los jornaleros, pero mientras Isidro o\u00eda misa, un personaje invisible \u2013quiz\u00e1s un \u00e1ngel- le guiaba sus bueyes y estos araban juiciosamente como si el propio Isidro los estuviera dirigiendo. El due\u00f1o del campo y ante las reiteradas cr\u00edticas, les entreg\u00f3 una parcela para cultivar a cada obrero, y la de Isidro produjo el doble que la de los dem\u00e1s, porque nuestro Se\u00f1or le recompensaba su piedad y generosidad.<br \/>\nLo que ganaba como jornalero, Isidro lo distribu\u00eda en tres partes: una para el templo, otra para los pobres y la tercera para su familia.<br \/>\nIsidro en el a\u00f1o 1130 y antes de morir, recomend\u00f3 a sus familiares y amigo que tuvieran mucho amor a Dios y mucha caridad con el pr\u00f3jimo. No se tiene la fecha exacta de su muerte, pero se piensa que fue a mediados del siglo XII aproximadamente.<br \/>\nA los 43 a\u00f1os de haber sido sepultado, sacaron su cuerpo del sepulcro y su cad\u00e1ver estaba \u00edntegro, como si estuviera reci\u00e9n fallecido.<br \/>\nLa gente consider\u00f3 esto como un milagro.\u00a0\u00a0 Poco despu\u00e9s el Rey Felipe III, se hallaba grav\u00edsimamente enfermo y los m\u00e9dicos dijeron que morir\u00eda, entonces sacaron los restos de Isidro del templo a donde los hab\u00edan llevado, y tan pronto como los retos salieron del Templo, el Rey mejor\u00f3 y al llegar junto a los restos de Isidro se le fue por completo la enfermedad.<br \/>\nA causa de esto el Rey intercedi\u00f3 ante el Sumo Pont\u00edfice para que declarara Santo al humilde labrador, y por este y muchos otros milagros, el Papa lo canoniz\u00f3 en marzo del a\u00f1o 1622, con 438 milagros probados. Finalmente el sumo Pont\u00edfice Pablo V, firm\u00f3 el Decreto que fija su celebraci\u00f3n el 15 de mayo de cada a\u00f1o.<br \/>\nSeg\u00fan narran los antiguos vecinos del Departamento, cuando depend\u00eda toda esta regi\u00f3n del Valle de Uco, que antiguamente, nuestra Villa Cabecera se denominaba \u201cLa Ramada\u201d, por los ranchos y enramadas existentes en la costa del Rio Tunuy\u00e1n, nombre que se fue perdiendo poco a poco a medida que se ampliaba admirablemente la devoci\u00f3n entre nuestros habitantes a \u201cSan Isidro Labrador\u201d.<br \/>\nQue posteriormente Misioneros del Valle de Uco (San Carlos) evangelizaron la regi\u00f3n, acercando la imagen de San Isidro Labrador a nuestras tierras. Unos de sus milagros que qued\u00f3 en la mente de los pobladores, es cuando un Padre Misionero fue llamado para atender un enfermo sobre la costa del Rio Tunuy\u00e1n, misi\u00f3n arriesgada, pues tendr\u00eda que cruzar el rio que ven\u00eda enormemente crecido. En esa ocasi\u00f3n ni los baqueanos lo cruzaban. El Misionero tom\u00f3 la imagen del santo \u201cSan Isidro\u201d y se meti\u00f3 al rio a fin de cruzarlo y cumplir con su misi\u00f3n de atender al enfermo. Los pobladores que lo observaron le suplicaban que no se metiera al r\u00edo \u201cporque lo arrastrar\u00e1 la corriente . . .\u201d, y \u00e9l con toda calma respondi\u00f3; tengan confianza hijos m\u00edos, llevo qui\u00e9n me cuide, y ante la admiraci\u00f3n de la gente cruz\u00f3 sano y salvo, atendi\u00f3 al enfermo y retorn\u00f3 con toda naturalidad. Gracias a este milagro, los pobladores comenzaron a llamar San Isidro a nuestra zona,\u00a0 hasta su fundaci\u00f3n como Departamento.<br \/>\nQue en el a\u00f1o 2003, el entonces Senador por el Departamento de Rivadavia, Dr. Felix Pesce, present\u00f3 un Proyecto de Ley citado en el visto de la presente y luego de dos a\u00f1os de tratamiento no logr\u00f3 su aprobaci\u00f3n definitiva.<br \/>\nQue en su art\u00edculo 2\u00ba, establec\u00eda el 15 de mayo como d\u00eda de las Fiestas Patronales del Departamento de Rivadavia, \u201cFestividad de San Isidro Labrador\u201d, en honor a nuestro Santo Patrono.<br \/>\nQue nuestra Parroquia Central, actualmente conmemora los d\u00edas 15 de mayo de cada a\u00f1o,\u00a0 la festividad de nuestro Santo Patrono Departamental.<br \/>\nQue en reiteradas oportunidades las autoridades eclesi\u00e1sticas de nuestro Departamento, han solicitado a las autoridades Municipales la realizaci\u00f3n de una escultura de envergadura del Santo Patrono de nuestro Departamento \u201cSan Isidro Labrador\u201d.<br \/>\nQue atento a estos pedidos, y luego de mantener distintas reuniones entre el D. Ejecutivo, autoridades eclesi\u00e1sticas y Ediles de este Cuerpo Deliberativo, se acord\u00f3 la realizaci\u00f3n de una escultura de considerables dimensiones y el lugar estrat\u00e9gico a ubicarlo.<\/p>\n<p style=\"text-align: justify;\"><strong>POR ELLO:<br \/>\n<\/strong>El Honorable Concejo Deliberante de Rivadavia, Mendoza, y en uso de sus facultades:<\/p>\n<p style=\"text-align: center;\"><strong>ORDENA<\/strong><\/p>\n<p style=\"text-align: justify;\"><strong>Art\u00edculo 1\u00ba:<\/strong> Autorizar al Departamento Ejecutivo Municipal a realizar la contrataci\u00f3n para la elaboraci\u00f3n de una escultura de considerables dimensiones, del Santo Patrono de Rivadavia \u201cSan Isidro Labrador\u201d.<\/p>\n<p style=\"text-align: justify;\"><strong>Art\u00edculo 2\u00ba:<\/strong> Solicitar a la Honorable C\u00e1mara de Senadores y Diputados de la Provincia de Mendoza, de sanci\u00f3n a una Ley que designe como Santo Patrono del Departamento de Rivadavia\u00a0 a \u201cSan Isidro Labrador\u201d y que establezca el d\u00eda 15 de mayo de cada a\u00f1o, fecha de la festividad de dicho Santo.<\/p>\n<p style=\"text-align: justify;\"><strong>Art\u00edculo 3\u00ba:<\/strong> El gasto que demande el cumplimiento de la presente, ser\u00e1 imputado a la Partida de Obras P\u00fablicas del Presupuesto 2018.<\/p>\n<p style=\"text-align: justify;\"><strong>Art\u00edculo 4\u00ba:<\/strong> Rem\u00edtase copia de la presente pieza legal, a la Honorable C\u00e1mara de Senadores y Diputados de la Provincia, a los Diputados por el Departamento de Rivadavia Ricardo Mansur y Liliana P\u00e9rez, y a las Autoridades eclesi\u00e1sticas de la Parroquia San Isidro Labrador.<\/p>\n<p style=\"text-align: justify;\"><strong>Art\u00edculo 5\u00ba:<\/strong> Comun\u00edquese al Departamento Ejecutivo a sus efectos e ins\u00e9rtese en el Libro de Ordenanzas de este Cuerpo.<\/p>\n<p style=\"text-align: justify;\">Dada en la Sala de Sesiones, \u201cBandera Nacional Argentina\u201d, del Honorable Concejo Deliberante de Rivadavia, Mendoza, a los 24 d\u00edas del mes de octubre de 2017.<\/p>\n<table>\n<tbody>\n<tr>\n<td style=\"text-align: center;\">\u00a0Lic. BRUNO AMBROSINI<\/td>\n<td style=\"text-align: center;\">LUCIO GUTIERREZ<\/td>\n<\/tr>\n<tr>\n<td style=\"text-align: center;\">SECRETARIO H.C.D.<\/td>\n<td style=\"text-align: center;\">PRESIDENTE H.C.D.<\/td>\n<\/tr>\n<\/tbody>\n<\/table>\n<p style=\"text-align: right;\">Cpde. Expte. N\u00ba 2017-00260-7\u00a0 H.C.D.<\/p>\n","protected":false},"excerpt":{"rendered":"<p>ORDENANZA N\u00ba 4.869 VISTO: La Declaraci\u00f3n N\u00ba 45-04, mediante la cual se adhiere al Proyecto de Ley presentado mediante expediente N\u00ba 46.215, por el que se declara Patrono del Departamento de Rivadavia a \u201dSan Isidro Labrador\u201d, y CONSIDERANDO: Que San Isidro Labrador naci\u00f3 en Madrid, en el a\u00f1o 1082 aproximadamente, fue hijo de unos humildes [&hellip;]<\/p>\n","protected":false},"author":1,"featured_media":983,"comment_status":"closed","ping_status":"closed","sticky":false,"template":"","format":"standard","meta":{"_acf_changed":false,"footnotes":""},"categories":[63,64],"tags":[],"class_list":["post-5820","post","type-post","status-publish","format-standard","has-post-thumbnail","hentry","category-ordenanzas","category-ordenanzasanteriores"],"acf":[],"_links":{"self":[{"href":"https:\/\/coworkdigital.com.ar\/hcd\/wp-json\/wp\/v2\/posts\/5820","targetHints":{"allow":["GET"]}}],"collection":[{"href":"https:\/\/coworkdigital.com.ar\/hcd\/wp-json\/wp\/v2\/posts"}],"about":[{"href":"https:\/\/coworkdigital.com.ar\/hcd\/wp-json\/wp\/v2\/types\/post"}],"author":[{"embeddable":true,"href":"https:\/\/coworkdigital.com.ar\/hcd\/wp-json\/wp\/v2\/users\/1"}],"replies":[{"embeddable":true,"href":"https:\/\/coworkdigital.com.ar\/hcd\/wp-json\/wp\/v2\/comments?post=5820"}],"version-history":[{"count":0,"href":"https:\/\/coworkdigital.com.ar\/hcd\/wp-json\/wp\/v2\/posts\/5820\/revisions"}],"wp:featuredmedia":[{"embeddable":true,"href":"https:\/\/coworkdigital.com.ar\/hcd\/wp-json\/wp\/v2\/media\/983"}],"wp:attachment":[{"href":"https:\/\/coworkdigital.com.ar\/hcd\/wp-json\/wp\/v2\/media?parent=5820"}],"wp:term":[{"taxonomy":"category","embeddable":true,"href":"https:\/\/coworkdigital.com.ar\/hcd\/wp-json\/wp\/v2\/categories?post=5820"},{"taxonomy":"post_tag","embeddable":true,"href":"https:\/\/coworkdigital.com.ar\/hcd\/wp-json\/wp\/v2\/tags?post=5820"}],"curies":[{"name":"wp","href":"https:\/\/api.w.org\/{rel}","templated":true}]}}