{"id":5831,"date":"2017-11-07T15:00:41","date_gmt":"2017-11-07T15:00:41","guid":{"rendered":"http:\/\/www.rivadaviamendoza.gob.ar\/hcd\/?p=5831"},"modified":"2017-11-07T15:00:41","modified_gmt":"2017-11-07T15:00:41","slug":"ordenanza-4874-2017","status":"publish","type":"post","link":"https:\/\/coworkdigital.com.ar\/hcd\/ordenanza-4874-2017\/","title":{"rendered":"Ordenanza 4874-2017"},"content":{"rendered":"<p style=\"text-align: center;\"><strong><img fetchpriority=\"high\" decoding=\"async\" class=\"wp-image-1054 aligncenter\" src=\"http:\/\/rd.gov.ar\/wp4\/wp-content\/uploads\/2017\/02\/encabezado-300x60.jpg\" sizes=\"(max-width: 669px) 100vw, 669px\" srcset=\"http:\/\/www.rivadaviamendoza.gob.ar\/hcd\/wp-content\/uploads\/2017\/02\/encabezado-300x60.jpg 300w, http:\/\/www.rivadaviamendoza.gob.ar\/hcd\/wp-content\/uploads\/2017\/02\/encabezado-768x153.jpg 768w, http:\/\/www.rivadaviamendoza.gob.ar\/hcd\/wp-content\/uploads\/2017\/02\/encabezado-1024x203.jpg 1024w\" alt=\"\" width=\"669\" height=\"134\" \/><\/strong><\/p>\n<p style=\"text-align: center;\"><strong>ORDENANZA 4.874<\/strong><\/p>\n<p style=\"text-align: justify;\"><strong>VISTO:<\/strong><br \/>\nLa gran cantidad de j\u00f3venes que concurren y utilizan el Paseo del Lago y el Polideportivo como espacio de encuentro y sociabilizaci\u00f3n;<\/p>\n<p style=\"text-align: justify;\"><strong>CONSIDERANDO:<br \/>\n<\/strong>Que luego de la \u00faltima puesta en valor del Paseo del Lago ha crecido significativamente la concurrencia de j\u00f3venes a este espacio p\u00fablico.<br \/>\nQue los\/as j\u00f3venes de Rivadavia han elegido este espacio p\u00fablico para poner en pr\u00e1ctica un modo de recreaci\u00f3n y de encuentro que les permite sociabilizarse y encontrarse generacionalmente.<br \/>\nQue durante el d\u00eda y la noche los\/as j\u00f3venes de ciudad y de los distritos concurren al Paso del Lago para encontrarse y compartir junto con las familias, los\/as ni\u00f1os, los\/as adultos mayores y, fundamentalmente, otros\/as j\u00f3venes.<br \/>\nQue se encuentra en un punto geogr\u00e1fico estrat\u00e9gico para la concurrencia juvenil, d\u00f3nde tambi\u00e9n concurren muchos j\u00f3venes a practicar deportes o luego de hacerlo.<br \/>\nQue en el Polideportivo Municipal la concurrencia de j\u00f3venes es fundamentalmente a causa de la variedad de deportes que se practican all\u00ed, adem\u00e1s de tener a disposici\u00f3n juegos infantiles y churrasqueras.<br \/>\nQue la Convenci\u00f3n Iberoamericana de Derechos de los J\u00f3venes, en su Art\u00edculo 32 dice \u201cDerecho al ocio y esparcimiento. 1 \u2013 Los j\u00f3venes tienen derecho a la recreaci\u00f3n y al tiempo libre, a viajar y a conocer otras comunidades en los \u00e1mbitos nacional, regional e internacional, como mecanismo para promover el intercambio cultural, educativo, vivencial y l\u00fadico, a fin de alcanzar el conocimiento mutuo y el respeto a la diversidad cultural y a la solidaridad. 2 \u2013 Los Estados Parte se comprometen a implementar pol\u00edticas y programas que promuevan el ejercicio de estos derechos\u201d.<br \/>\nQue si bien la Rep\u00fablica Argentina a\u00fan no ha adherido a esta convenci\u00f3n, este Honorable Concejo Deliberante ha fijado de inter\u00e9s la incorporaci\u00f3n de esta convenci\u00f3n a la bater\u00eda de tratados internacionales con rango constitucional a trav\u00e9s de la Declaraci\u00f3n N\u00ba 20\/2015.<br \/>\nQue una de las principales problem\u00e1ticas que aquejan los\/as j\u00f3venes en el Paseo del Lago es que el horario de cierre de los ba\u00f1os ubicados all\u00ed no se condice con la realidad, ya que en los horarios de m\u00e1s concurrencia, como han de ser los fines de semana entre las 2 y las 6 AM, se encuentran cerrados.<br \/>\nQue es deber del Estado respetar, crear y acompa\u00f1ar el desarrollo de los\/as j\u00f3venes en estos espacios por ellos\/as elegidos.<\/p>\n<p style=\"text-align: justify;\"><strong>POR ELLO:<\/strong><\/p>\n<p style=\"text-align: justify;\">El Honorable Concejo Deliberante de Rivadavia Mendoza, y en uso de sus facultades:<\/p>\n<p style=\"text-align: center;\"><strong>ORDENA<\/strong><\/p>\n<p style=\"text-align: justify;\"><strong>Art\u00edculo 1\u00ba:<\/strong> Instit\u00fayase como \u201cPolo Joven\u201d del Departamento de Rivadavia al Polideportivo Municipal y al Paseo del Lago.<\/p>\n<p style=\"text-align: justify;\"><strong>Art\u00edculo\u00a0 2\u00ba:<\/strong> Enti\u00e9ndase por \u201cPolo Joven\u201d a aquellos espacios p\u00fablicos que sean fundamentales para el desarrollo de los derechos de las juventudes del Departamento de Rivadavia. El Polo Joven ser\u00e1 un \u201cEspacio Amigo de la Diversi\u00f3n Nocturna\u201d, donde debe ser preocupaci\u00f3n y ocupaci\u00f3n de la Municipalidad de Rivadavia el desarrollo de los\/as j\u00f3venes con una Diversi\u00f3n Nocturna segura e integradora, respet\u00e1ndolos\/as como Sujetos de Derecho.<\/p>\n<p style=\"text-align: justify;\"><strong>Art\u00edculo 3\u00ba:<\/strong> Arb\u00edtrense los medios necesarios para que los ba\u00f1os del Paseo del Lago y del Polideportivo se encuentren abiertos los viernes, s\u00e1bados y domingos hasta las 6:00 AM.<\/p>\n<p style=\"text-align: justify;\"><strong>Art\u00edculo 4\u00ba:<\/strong> Arb\u00edtrense los medios necesarios para mejorar la iluminaci\u00f3n del Polideportivo, para as\u00ed mejorar la seguridad de los concurrentes a dicho espacio.<\/p>\n<p style=\"text-align: justify;\"><strong>Art\u00edculo 5\u00ba:<\/strong> Realizar relevamiento respecto de los criterios desde donde los j\u00f3venes utilizan el espacio p\u00fablico para que sea faro en el dise\u00f1o de pol\u00edticas p\u00fablicas.<\/p>\n<p style=\"text-align: justify;\"><strong>Art\u00edculo 6\u00ba:<\/strong> Comun\u00edquese al Departamento Ejecutivo, a sus efectos e ins\u00e9rtese en el Libro de Ordenanzas de este Cuerpo.<\/p>\n<p style=\"text-align: justify;\">Dada en la Sala de Sesiones, \u201cBandera Nacional Argentina\u201d, del Honorable Concejo Deliberante de Rivadavia, Mendoza, a los 07 d\u00edas del mes de noviembre de 2017.<\/p>\n<table>\n<tbody>\n<tr>\n<td style=\"text-align: center;\">Lic. BRUNO AMBROSINI<\/td>\n<td style=\"text-align: center;\">LUCIO GUTIERREZ<\/td>\n<\/tr>\n<tr>\n<td style=\"text-align: center;\">SECRETARIO H.C.D.<\/td>\n<td style=\"text-align: center;\">PRESIDENTE H.C.D.<\/td>\n<\/tr>\n<\/tbody>\n<\/table>\n<p style=\"text-align: right;\">Expte. N\u00ba2017-00178-1 H. C. D.<\/p>\n","protected":false},"excerpt":{"rendered":"<p>ORDENANZA 4.874 VISTO: La gran cantidad de j\u00f3venes que concurren y utilizan el Paseo del Lago y el Polideportivo como espacio de encuentro y sociabilizaci\u00f3n; CONSIDERANDO: Que luego de la \u00faltima puesta en valor del Paseo del Lago ha crecido significativamente la concurrencia de j\u00f3venes a este espacio p\u00fablico. Que los\/as j\u00f3venes de Rivadavia han [&hellip;]<\/p>\n","protected":false},"author":1,"featured_media":983,"comment_status":"closed","ping_status":"closed","sticky":false,"template":"","format":"standard","meta":{"_acf_changed":false,"footnotes":""},"categories":[63,64],"tags":[],"class_list":["post-5831","post","type-post","status-publish","format-standard","has-post-thumbnail","hentry","category-ordenanzas","category-ordenanzasanteriores"],"acf":[],"_links":{"self":[{"href":"https:\/\/coworkdigital.com.ar\/hcd\/wp-json\/wp\/v2\/posts\/5831","targetHints":{"allow":["GET"]}}],"collection":[{"href":"https:\/\/coworkdigital.com.ar\/hcd\/wp-json\/wp\/v2\/posts"}],"about":[{"href":"https:\/\/coworkdigital.com.ar\/hcd\/wp-json\/wp\/v2\/types\/post"}],"author":[{"embeddable":true,"href":"https:\/\/coworkdigital.com.ar\/hcd\/wp-json\/wp\/v2\/users\/1"}],"replies":[{"embeddable":true,"href":"https:\/\/coworkdigital.com.ar\/hcd\/wp-json\/wp\/v2\/comments?post=5831"}],"version-history":[{"count":0,"href":"https:\/\/coworkdigital.com.ar\/hcd\/wp-json\/wp\/v2\/posts\/5831\/revisions"}],"wp:featuredmedia":[{"embeddable":true,"href":"https:\/\/coworkdigital.com.ar\/hcd\/wp-json\/wp\/v2\/media\/983"}],"wp:attachment":[{"href":"https:\/\/coworkdigital.com.ar\/hcd\/wp-json\/wp\/v2\/media?parent=5831"}],"wp:term":[{"taxonomy":"category","embeddable":true,"href":"https:\/\/coworkdigital.com.ar\/hcd\/wp-json\/wp\/v2\/categories?post=5831"},{"taxonomy":"post_tag","embeddable":true,"href":"https:\/\/coworkdigital.com.ar\/hcd\/wp-json\/wp\/v2\/tags?post=5831"}],"curies":[{"name":"wp","href":"https:\/\/api.w.org\/{rel}","templated":true}]}}