{"id":5837,"date":"2017-11-07T15:40:45","date_gmt":"2017-11-07T15:40:45","guid":{"rendered":"http:\/\/www.rivadaviamendoza.gob.ar\/hcd\/?p=5837"},"modified":"2017-11-07T15:40:45","modified_gmt":"2017-11-07T15:40:45","slug":"ordenanza-4877-2017","status":"publish","type":"post","link":"https:\/\/coworkdigital.com.ar\/hcd\/ordenanza-4877-2017\/","title":{"rendered":"Ordenanza 4877-2017"},"content":{"rendered":"<p style=\"text-align: center;\"><strong><img fetchpriority=\"high\" decoding=\"async\" class=\"wp-image-1054 aligncenter\" src=\"http:\/\/rd.gov.ar\/wp4\/wp-content\/uploads\/2017\/02\/encabezado-300x60.jpg\" sizes=\"(max-width: 669px) 100vw, 669px\" srcset=\"http:\/\/www.rivadaviamendoza.gob.ar\/hcd\/wp-content\/uploads\/2017\/02\/encabezado-300x60.jpg 300w, http:\/\/www.rivadaviamendoza.gob.ar\/hcd\/wp-content\/uploads\/2017\/02\/encabezado-768x153.jpg 768w, http:\/\/www.rivadaviamendoza.gob.ar\/hcd\/wp-content\/uploads\/2017\/02\/encabezado-1024x203.jpg 1024w\" alt=\"\" width=\"669\" height=\"134\" \/><\/strong><\/p>\n<p style=\"text-align: center;\"><strong>ORDENANZA 4877<\/strong><\/p>\n<p style=\"text-align: justify;\"><strong>VISTO:<\/strong><br \/>\nLa Ley Nacional N\u00ba 27.072 Federal de Trabajo Social, y<\/p>\n<p style=\"text-align: justify;\"><strong>CONSIDERANDO:<\/strong><br \/>\nQue dicha Ley pretende establecer el marco general para el ejercicio profesional del trabajo social en todo el territorio nacional.<br \/>\nQue la Ley N\u00ba 27.072 sancionada el d\u00eda 10 de Diciembre de 2014 y promulgada el 16 de Diciembre del 2014 establece dentro de sus objetivos:<br \/>\n<em>\u201ca) Promover la jerarquizaci\u00f3n de la profesi\u00f3n de trabajo social por su relevancia social y su contribuci\u00f3n a la vigencia, defensa y reivindicaci\u00f3n de los derechos humanos, la construcci\u00f3n de ciudadan\u00eda y la democratizaci\u00f3n de las relaciones sociales;<\/em><br \/>\n<em>b) Establecer un marco normativo de car\u00e1cter general para la profesi\u00f3n de trabajo social en Argentina, sin perjuicio de la aplicaci\u00f3n de las normas locales que regulan la matriculaci\u00f3n, fiscalizaci\u00f3n y control del ejercicio profesional;<\/em><br \/>\n<em>c) Establecer las incumbencias profesionales de los\/as trabajadores\/as sociales en todo el territorio nacional;<\/em><br \/>\n<em>d) Proteger el inter\u00e9s de los ciudadanos, generando las condiciones m\u00ednimas necesarias para la prestaci\u00f3n de servicios profesionales con competencia, calidad e idoneidad;<\/em><br \/>\n<em>e) Ampliar la obligatoriedad de la matriculaci\u00f3n para el ejercicio profesional en instituciones nacionales, binacionales e internacionales con representaci\u00f3n en el pa\u00eds;<\/em><br \/>\n<em>f) Regular los derechos, obligaciones y prohibiciones en relaci\u00f3n al ejercicio profesional de trabajo social en todo el territorio nacional.\u201d<\/em><br \/>\nQue el Trabajo Social aporta conocimiento de calidad y de relevancia para la sociedad, generando mejoras en la calidad de vida de los sujetos de derecho, desde una perspectiva de promoci\u00f3n, ampliaci\u00f3n y apropiaci\u00f3n de Derechos.<br \/>\nQue se especifican las incumbencias laborales, siempre en defensa, reivindicaci\u00f3n y promoci\u00f3n del ejercicio efectivo de los derechos humanos y sociales, los\/as Licenciados\/as en Trabajo Social est\u00e1n habilitados para las siguientes actividades profesionales dentro de la especificidad profesional que les aporta el t\u00edtulo habilitante, a saber:<br \/>\n<em>\u201c1. Asesoramiento, dise\u00f1o, ejecuci\u00f3n, auditor\u00eda y evaluaci\u00f3n de:<\/em><br \/>\n<em>a) Pol\u00edticas p\u00fablicas vinculadas con los distintos \u00e1mbitos de ejercicio profesional, tales como h\u00e1bitat, salud, desarrollo social, discapacidad, educaci\u00f3n, trabajo, medio ambiente, justicia, ni\u00f1ez y adolescencia, econom\u00eda social, violencias sociales, g\u00e9nero, minor\u00edas \u00e9tnicas, ancianidad y adicciones, entre otros;<\/em><br \/>\n<em>b) Planes, programas y proyectos sociales;<\/em><br \/>\n<em>c) Diagn\u00f3sticos familiares, institucionales, comunitarios, estudios de impacto social y ambiental;<\/em><br \/>\n<em>d) Proyectos institucionales y de organizaciones sociales, sean \u00e9stas gubernamentales o no gubernamentales.<\/em><br \/>\n<em>2. Integraci\u00f3n, coordinaci\u00f3n, orientaci\u00f3n, capacitaci\u00f3n y\/o supervisi\u00f3n de equipos de trabajo disciplinario, multidisciplinario e interdisciplinario, aportando elementos para la lectura e identificaci\u00f3n de la situaci\u00f3n abordada, incorporando los aspectos socioecon\u00f3micos, pol\u00edticos, ambientales y culturales que influyen en ella, y proponiendo estrategias de intervenci\u00f3n.<\/em><br \/>\n<em>3. Elaboraci\u00f3n de informes sociales, informes socioecon\u00f3micos, sociosanitarios y socioambientales, informes situacionales y\/o periciales.<\/em><br \/>\n<em>4. Intervenci\u00f3n en contextos domiciliarios, institucionales y\/o comunitarios.<\/em><br \/>\n<em>5. Elaboraci\u00f3n de pericias sociales en el \u00e1mbito de la Justicia, ya sea como peritos oficiales, de parte, mandatario y\/o consultor t\u00e9cnico.<\/em><br \/>\n<em>6. Intervenci\u00f3n profesional en instancias o programas de mediaci\u00f3n.<\/em><br \/>\n<em>7. Intervenci\u00f3n profesional como agentes de salud.<\/em><br \/>\n<em>8. Direcci\u00f3n y desempe\u00f1o de funciones de docencia de grado y posgrado, extensi\u00f3n e investigaci\u00f3n en el \u00e1mbito de las unidades acad\u00e9micas de formaci\u00f3n profesional en trabajo social y en ciencias sociales.<\/em><br \/>\n<em>9. Desempe\u00f1o de tareas de docencia, capacitaci\u00f3n, investigaci\u00f3n, supervisi\u00f3n e integraci\u00f3n de equipos t\u00e9cnicos en diferentes niveles del sistema educativo formal y del campo educativo no formal, en \u00e1reas afines a las ciencias sociales.<\/em><br \/>\n<em>10. Direcci\u00f3n, integraci\u00f3n de equipos y desarrollo de l\u00edneas y proyectos de investigaci\u00f3n en el campo social, que contribuyan a:<\/em><br \/>\n<em>a) La producci\u00f3n de conocimientos en trabajo social y la profundizaci\u00f3n sobre la especificidad profesional y la teor\u00eda social;<\/em><br \/>\n<em>b) La producci\u00f3n de conocimientos te\u00f3rico-metodol\u00f3gicos para aportar a la intervenci\u00f3n profesional en los diferentes campos de acci\u00f3n;<\/em><br \/>\n<em>c) La producci\u00f3n de conocimiento que posibilite la identificaci\u00f3n de factores que inciden en la generaci\u00f3n y reproducci\u00f3n de las problem\u00e1ticas sociales y posibles estrategias de modificaci\u00f3n o superaci\u00f3n.<\/em><br \/>\n<em>11. Participaci\u00f3n en asesoramiento, dise\u00f1o e implementaci\u00f3n de nuevas legislaciones de car\u00e1cter social, integrando foros y consejos de promoci\u00f3n y protecci\u00f3n de derechos.<\/em><br \/>\n<em>12. Direcci\u00f3n y administraci\u00f3n de instituciones p\u00fablicas y\/o privadas en diferentes niveles de funcionamiento y decisi\u00f3n de las pol\u00edticas p\u00fablicas.\u201d<\/em><br \/>\nQue la Ley establece Derechos y Obligaciones para los\/as Trabajadores\/as Sociales, como tambi\u00e9n sanciona las formas de contrataci\u00f3n de profesionales, atendiendo a lo establecido en la mencionada Norma.<\/p>\n<p style=\"text-align: justify;\"><strong>POR ELLO:<\/strong><br \/>\nEl Honorable Concejo Deliberante de Rivadavia Mendoza, y en uso de sus facultades:<\/p>\n<p style=\"text-align: center;\"><strong>ORDENA<\/strong><\/p>\n<p style=\"text-align: justify;\"><strong>Art\u00edculo 1\u00ba:<\/strong> El Honorable Concejo Deliberante de Rivadavia, Mendoza, adhiere en todos sus t\u00e9rminos a la Ley Federal de Trabajo Social N\u00ba 26.072.<\/p>\n<p style=\"text-align: justify;\"><strong>Art\u00edculo 2\u00ba:<\/strong> Solicitar al Departamento Ejecutivo Municipal que incorpore en sus protocolos lo dispuesto en la Ley N\u00ba 26.072 para la correcta labor de los\/as Licenciados\/as en Trabajo Social dentro de la \u00f3rbita del Municipio.<\/p>\n<p style=\"text-align: justify;\"><strong>Art\u00edculo 3\u00ba:<\/strong> Comun\u00edquese al Departamento Ejecutivo, a sus efectos e ins\u00e9rtese en el Libro de Ordenanzas de este Cuerpo.<\/p>\n<p style=\"text-align: justify;\">Dada en la Sala de Sesiones \u201cBandera Nacional Argentina\u201d, del Honorable Concejo Deliberante de Rivadavia, Mendoza, a los 07 d\u00edas del mes de noviembre de 2017.<\/p>\n<table>\n<tbody>\n<tr>\n<td style=\"text-align: center;\">Lic. BRUNO AMBROSINI<\/td>\n<td style=\"text-align: center;\">LUCIO GUTIERREZ<\/td>\n<\/tr>\n<tr>\n<td style=\"text-align: center;\">SECRETARIO H.C.D.<\/td>\n<td style=\"text-align: center;\">PRESIDENTE H.C.D.<\/td>\n<\/tr>\n<\/tbody>\n<\/table>\n<p style=\"text-align: right;\">Cxpte. Expte. N\u00ba2017-00289-6\u00a0\u00a0\u00a0\u00a0\u00a0 H. C. D.<\/p>\n","protected":false},"excerpt":{"rendered":"<p>ORDENANZA 4877 VISTO: La Ley Nacional N\u00ba 27.072 Federal de Trabajo Social, y CONSIDERANDO: Que dicha Ley pretende establecer el marco general para el ejercicio profesional del trabajo social en todo el territorio nacional. Que la Ley N\u00ba 27.072 sancionada el d\u00eda 10 de Diciembre de 2014 y promulgada el 16 de Diciembre del 2014 [&hellip;]<\/p>\n","protected":false},"author":1,"featured_media":983,"comment_status":"closed","ping_status":"closed","sticky":false,"template":"","format":"standard","meta":{"_acf_changed":false,"footnotes":""},"categories":[63,64],"tags":[],"class_list":["post-5837","post","type-post","status-publish","format-standard","has-post-thumbnail","hentry","category-ordenanzas","category-ordenanzasanteriores"],"acf":[],"_links":{"self":[{"href":"https:\/\/coworkdigital.com.ar\/hcd\/wp-json\/wp\/v2\/posts\/5837","targetHints":{"allow":["GET"]}}],"collection":[{"href":"https:\/\/coworkdigital.com.ar\/hcd\/wp-json\/wp\/v2\/posts"}],"about":[{"href":"https:\/\/coworkdigital.com.ar\/hcd\/wp-json\/wp\/v2\/types\/post"}],"author":[{"embeddable":true,"href":"https:\/\/coworkdigital.com.ar\/hcd\/wp-json\/wp\/v2\/users\/1"}],"replies":[{"embeddable":true,"href":"https:\/\/coworkdigital.com.ar\/hcd\/wp-json\/wp\/v2\/comments?post=5837"}],"version-history":[{"count":0,"href":"https:\/\/coworkdigital.com.ar\/hcd\/wp-json\/wp\/v2\/posts\/5837\/revisions"}],"wp:featuredmedia":[{"embeddable":true,"href":"https:\/\/coworkdigital.com.ar\/hcd\/wp-json\/wp\/v2\/media\/983"}],"wp:attachment":[{"href":"https:\/\/coworkdigital.com.ar\/hcd\/wp-json\/wp\/v2\/media?parent=5837"}],"wp:term":[{"taxonomy":"category","embeddable":true,"href":"https:\/\/coworkdigital.com.ar\/hcd\/wp-json\/wp\/v2\/categories?post=5837"},{"taxonomy":"post_tag","embeddable":true,"href":"https:\/\/coworkdigital.com.ar\/hcd\/wp-json\/wp\/v2\/tags?post=5837"}],"curies":[{"name":"wp","href":"https:\/\/api.w.org\/{rel}","templated":true}]}}