{"id":5845,"date":"2017-11-28T13:44:41","date_gmt":"2017-11-28T13:44:41","guid":{"rendered":"http:\/\/www.rivadaviamendoza.gob.ar\/hcd\/?p=5845"},"modified":"2017-11-28T13:44:41","modified_gmt":"2017-11-28T13:44:41","slug":"ordenanza-4881-2017","status":"publish","type":"post","link":"https:\/\/coworkdigital.com.ar\/hcd\/ordenanza-4881-2017\/","title":{"rendered":"Ordenanza 4881-2017"},"content":{"rendered":"<p style=\"text-align: center;\"><strong><img fetchpriority=\"high\" decoding=\"async\" class=\"wp-image-1054 aligncenter\" src=\"http:\/\/rd.gov.ar\/wp4\/wp-content\/uploads\/2017\/02\/encabezado-300x60.jpg\" sizes=\"(max-width: 669px) 100vw, 669px\" srcset=\"http:\/\/www.rivadaviamendoza.gob.ar\/hcd\/wp-content\/uploads\/2017\/02\/encabezado-300x60.jpg 300w, http:\/\/www.rivadaviamendoza.gob.ar\/hcd\/wp-content\/uploads\/2017\/02\/encabezado-768x153.jpg 768w, http:\/\/www.rivadaviamendoza.gob.ar\/hcd\/wp-content\/uploads\/2017\/02\/encabezado-1024x203.jpg 1024w\" alt=\"\" width=\"669\" height=\"134\" \/><\/strong><\/p>\n<p style=\"text-align: center;\"><strong>ORDENANZA 4881<\/strong><\/p>\n<p style=\"text-align: justify;\"><strong>VISTO:<\/strong><br \/>\nLa necesidad de garantizar el acceso a la educaci\u00f3n para todos\/as los\/as rivadavienses, y<\/p>\n<p style=\"text-align: justify;\"><strong>CONSIDERANDO:<\/strong><br \/>\nQue en la Rep\u00fablica Argentina, el derecho a la educaci\u00f3n se encuentra jur\u00eddicamente consagrado ya en la primera Constituci\u00f3n sancionada en 1853, en los albores de la organizaci\u00f3n de la Naci\u00f3n.<br \/>\nQue garantizar la Educaci\u00f3n es un deber del Estado que consta actualmente en la Constituci\u00f3n Nacional (Arts. 5; 14).<br \/>\nQue, adem\u00e1s, la Rep\u00fablica Argentina como sujeto de Derecho Internacional, es decir como Estado, ha ratificado algunos tratados mediante los cuales se compromete a garantizarlo.<br \/>\nQue estos Tratados son: la Declaraci\u00f3n Universal de Derechos Humanos aprobada por la ONU el 10 de diciembre de 1948; la Declaraci\u00f3n Americana de los Derechos y Deberes del Hombre, aprobada en la Novena Conferencia Internacional Americana, celebrada en la ciudad de Bogot\u00e1 desde el 30 de marzo al 2 de mayo de 1948; la Convenci\u00f3n Americana sobre Derechos Humanos, suscrita en San Jos\u00e9 de Costa Rica el 22 de noviembre de 1969 y entrada en vigor el 18 de julio de 1978; el Pacto Internacional de Derechos Econ\u00f3micos, Sociales y Culturales adoptado por la Asamblea General de la ONU el 16 de diciembre de 1966 y entrado en vigor el 3 de enero de 1976; y la Convenci\u00f3n sobre los Derechos del Ni\u00f1o, adoptada por la Asamblea de ONU el 20 de noviembre de 1989; las normas citadas son instrumentos de protecci\u00f3n de los Derechos Humanos.<br \/>\nQue el Derecho a la Educaci\u00f3n es un Derecho Humano, o sea que son universales e indivisibles, y oponibles erga omnes; est\u00e1n interrelacionados, no se puede proteger unos y no garantizar los dem\u00e1s; otra caracter\u00edstica es que los mismos no nacen del hecho de ser nacional de determinado Estado, sino que tienen como fundamento los atributos de la persona humana, raz\u00f3n por la cual justifican una protecci\u00f3n internacional.<br \/>\nQue actualmente existen iniciativas en el orden de la gratuidad del boleto para estudiantes de los distintos niveles educativos tanto en el Poder Legislativo provincial como en el nacional, pero sin que \u00e9stos avancen en su tratamiento.<br \/>\nQue en funci\u00f3n de esto es imprescindible que el Municipio intervenga con acciones concretas para garantizar el acceso a la educaci\u00f3n a todos\/as los\/as vecinos\/as de Rivadavia.<\/p>\n<p style=\"text-align: justify;\"><strong>POR ELLO:<\/strong><br \/>\nEl Honorable Concejo Deliberante de Rivadavia Mendoza, y en uso de sus facultades:<\/p>\n<p style=\"text-align: center;\"><strong>ORDENA<\/strong><\/p>\n<p style=\"text-align: justify;\"><strong>Art\u00edculo 1\u00ba:<\/strong> Cr\u00e9ese el Programa Municipal de Abonos Estudiantiles en la \u00f3rbita de la Direcci\u00f3n de Desarrollo Social y Salud en coordinaci\u00f3n con el \u00c1rea de la Juventud de la Municipalidad de Rivadavia.<\/p>\n<p style=\"text-align: justify;\"><strong>Art\u00edculo 2\u00ba:<\/strong> F\u00edjense los siguientes objetivos para el Programa:<br \/>\na) Generar igualdad de oportunidades entre los estudiantes del Departamento de Rivadavia<br \/>\nb) Trabajar en pos de garantizar el Derecho a la Educaci\u00f3n consagrado constitucionalmente para todos\/as los\/as habitantes de nuestro departamento.<br \/>\nc) Generar trasparencia en el manejo de los fondos p\u00fablicos.<\/p>\n<p style=\"text-align: justify;\"><strong>Art\u00edculo 3\u00ba:<\/strong> La convocatoria estar\u00e1 a cargo del Departamento Ejecutivo y se realizar\u00e1 en los primeros meses del a\u00f1o mediante Resoluci\u00f3n de Intendencia que deber\u00e1 fijar: los plazos establecidos, los requisitos, la documentaci\u00f3n a presentar y otros datos que sean convenientes.<\/p>\n<p style=\"text-align: justify;\"><strong>Art\u00edculo 4\u00ba:<\/strong> Se realizar\u00e1 una pre-inscripci\u00f3n virtual que quedar\u00e1 validada cuando se presente la documentaci\u00f3n fijada en los tiempos establecidos por la convocatoria. El Departamento Ejecutivo Municipal deber\u00e1 arbitrar los medios necesarios para garantizar el acceso universal a la modalidad virtual de pre-inscripci\u00f3n. Ser\u00e1n requisitos para inscribirse en este Programa:<br \/>\na) Tener domicilio en el Departamento de Rivadavia.<br \/>\nb) Ser estudiante regular de cualquier nivel educativo. En el caso de que el solicitante curse el Nivel Secundario, se solicitar\u00e1 un informe social al Servicio de Orientaci\u00f3n de la instituci\u00f3n educativa.<br \/>\nc) No recibir otro beneficio de transporte, excepto el medio boleto estudiantil en los estudiantes universitarios.<\/p>\n<p style=\"text-align: justify;\"><strong>Art\u00edculo 5\u00ba:<\/strong> La evaluaci\u00f3n privilegiar\u00e1 la situaci\u00f3n socioecon\u00f3mica de los\/as solicitantes y se elaborar\u00e1 un orden de prioridades en funci\u00f3n de los siguientes criterios:<br \/>\na) Situaci\u00f3n socioecon\u00f3mica<\/p>\n<p style=\"text-align: justify; padding-left: 30px;\">1. Ingresos familiares en relaci\u00f3n a la l\u00ednea de pobreza<br \/>\n2. Situaci\u00f3n habitacional<\/p>\n<p style=\"text-align: justify;\">b) Situaci\u00f3n educativa<\/p>\n<p style=\"text-align: justify; padding-left: 30px;\">1. Ser estudiante regular del nivel que cursa<\/p>\n<p style=\"text-align: justify;\">c) Situaci\u00f3n de Salud<\/p>\n<p style=\"text-align: justify; padding-left: 30px;\">1. Presencia de enfermedades cr\u00f3nicas y\/o discapacidades en el grupo familiar<\/p>\n<p style=\"text-align: justify;\"><strong>Art\u00edculo 6\u00ba:<\/strong> La evaluaci\u00f3n fijada en el art\u00edculo precedente ser\u00e1 realizada por un equipo conformado por Trabajadoras Sociales.<\/p>\n<p style=\"text-align: justify;\"><strong>Art\u00edculo 7\u00ba:<\/strong> Estas becas tendr\u00e1n una duraci\u00f3n de 7 meses, desde Abril hasta Noviembre, a excepci\u00f3n de Julio; y no ser\u00e1n, en ning\u00fan caso, renovables autom\u00e1ticamente para el a\u00f1o pr\u00f3ximo.<\/p>\n<p style=\"text-align: justify;\"><strong>Art\u00edculo 8\u00ba:<\/strong> Se garantizar\u00e1n un m\u00ednimo de 35 viajes mensuales, pudiendo ser mayor la cantidad acorde al presupuesto y al criterio de las trabajadoras sociales.<\/p>\n<p style=\"text-align: justify;\"><strong>Art\u00edculo 9\u00ba:<\/strong> Una vez incluidos en el Programa, se les realizar\u00e1 un acompa\u00f1amiento desde un equipo interdisciplinario a su situaci\u00f3n socioeducativa; para lo cual los beneficiarios deber\u00e1n inscribirse en el Alta de Programas Sociales (AProS) y presentar Certificado Anal\u00edtico Provisorio o similar.<\/p>\n<p style=\"text-align: justify;\"><strong>Art\u00edculo 10\u00ba:<\/strong> En el mes de Agosto los beneficiarios deber\u00e1n acreditar que contin\u00faan su v\u00ednculo con la instituci\u00f3n educativa a trav\u00e9s de un Certificado de Alumno Regular o similar.<\/p>\n<p style=\"text-align: justify;\"><strong>Art\u00edculo 11\u00ba:<\/strong> Perder\u00e1n este beneficio aquellos estudiantes que:<\/p>\n<p style=\"text-align: justify; padding-left: 30px;\">a) Renuncien al beneficio.<br \/>\nb) No cumplan con lo dispuesto en los art\u00edculos 8\u00ba y 9\u00ba.<br \/>\nc) No retiren el beneficio durante dos meses consecutivos.<\/p>\n<p style=\"text-align: justify;\"><strong>Art\u00edculo 12\u00ba:<\/strong> En caso de producirse una vacante seg\u00fan lo dispuesto en el Art. 10\u00ba inmediatamente se le otorgara el beneficio a otro\/a estudiante siguiendo el orden de prioridades confeccionado al inicio de la convocatoria.<\/p>\n<p style=\"text-align: justify;\"><strong>Art\u00edculo 13\u00ba:<\/strong> El Departamento Ejecutivo Municipal fijar\u00e1 anualmente el presupuesto de este Programa, de acuerdo a lo que establezca la Secretaria de Hacienda y la Comisi\u00f3n de Hacienda y Presupuesto de este H.C.D.<\/p>\n<p style=\"text-align: justify;\"><strong>Art\u00edculo 14\u00ba:<\/strong> Comun\u00edquese al Departamento Ejecutivo, a sus efectos e ins\u00e9rtese en el Libro de Ordenanzas de este Cuerpo.<\/p>\n<p style=\"text-align: justify;\">Dada en la Sala de Sesiones \u201cBandera Nacional Argentina\u201d, del Honorable Concejo Deliberante de Rivadavia, Mendoza, a los 28 d\u00edas del mes de noviembre de 2017.<\/p>\n<table>\n<tbody>\n<tr>\n<td style=\"text-align: center;\">Lic. BRUNO AMBROSINI<\/td>\n<td style=\"text-align: center;\">LUCIO GUTIERREZ<\/td>\n<\/tr>\n<tr>\n<td style=\"text-align: center;\">SECRETARIO H.C.D.<\/td>\n<td style=\"text-align: center;\">PRESIDENTE H.C.D.<\/td>\n<\/tr>\n<\/tbody>\n<\/table>\n<p style=\"text-align: right;\">Cpte. Expte. N\u00ba 2017-00286-2 H.C.D.<\/p>\n","protected":false},"excerpt":{"rendered":"<p>ORDENANZA 4881 VISTO: La necesidad de garantizar el acceso a la educaci\u00f3n para todos\/as los\/as rivadavienses, y CONSIDERANDO: Que en la Rep\u00fablica Argentina, el derecho a la educaci\u00f3n se encuentra jur\u00eddicamente consagrado ya en la primera Constituci\u00f3n sancionada en 1853, en los albores de la organizaci\u00f3n de la Naci\u00f3n. Que garantizar la Educaci\u00f3n es un [&hellip;]<\/p>\n","protected":false},"author":1,"featured_media":983,"comment_status":"closed","ping_status":"closed","sticky":false,"template":"","format":"standard","meta":{"_acf_changed":false,"footnotes":""},"categories":[63,64],"tags":[],"class_list":["post-5845","post","type-post","status-publish","format-standard","has-post-thumbnail","hentry","category-ordenanzas","category-ordenanzasanteriores"],"acf":[],"_links":{"self":[{"href":"https:\/\/coworkdigital.com.ar\/hcd\/wp-json\/wp\/v2\/posts\/5845","targetHints":{"allow":["GET"]}}],"collection":[{"href":"https:\/\/coworkdigital.com.ar\/hcd\/wp-json\/wp\/v2\/posts"}],"about":[{"href":"https:\/\/coworkdigital.com.ar\/hcd\/wp-json\/wp\/v2\/types\/post"}],"author":[{"embeddable":true,"href":"https:\/\/coworkdigital.com.ar\/hcd\/wp-json\/wp\/v2\/users\/1"}],"replies":[{"embeddable":true,"href":"https:\/\/coworkdigital.com.ar\/hcd\/wp-json\/wp\/v2\/comments?post=5845"}],"version-history":[{"count":0,"href":"https:\/\/coworkdigital.com.ar\/hcd\/wp-json\/wp\/v2\/posts\/5845\/revisions"}],"wp:featuredmedia":[{"embeddable":true,"href":"https:\/\/coworkdigital.com.ar\/hcd\/wp-json\/wp\/v2\/media\/983"}],"wp:attachment":[{"href":"https:\/\/coworkdigital.com.ar\/hcd\/wp-json\/wp\/v2\/media?parent=5845"}],"wp:term":[{"taxonomy":"category","embeddable":true,"href":"https:\/\/coworkdigital.com.ar\/hcd\/wp-json\/wp\/v2\/categories?post=5845"},{"taxonomy":"post_tag","embeddable":true,"href":"https:\/\/coworkdigital.com.ar\/hcd\/wp-json\/wp\/v2\/tags?post=5845"}],"curies":[{"name":"wp","href":"https:\/\/api.w.org\/{rel}","templated":true}]}}