{"id":5853,"date":"2017-10-10T10:18:43","date_gmt":"2017-10-10T10:18:43","guid":{"rendered":"http:\/\/www.rivadaviamendoza.gob.ar\/hcd\/?p=5853"},"modified":"2017-10-10T10:18:43","modified_gmt":"2017-10-10T10:18:43","slug":"declaracion28-2017","status":"publish","type":"post","link":"https:\/\/coworkdigital.com.ar\/hcd\/declaracion28-2017\/","title":{"rendered":"Declaraci\u00f3n28-2017"},"content":{"rendered":"<p style=\"text-align: center;\"><strong><img fetchpriority=\"high\" decoding=\"async\" class=\"wp-image-1054 aligncenter\" src=\"http:\/\/rd.gov.ar\/wp4\/wp-content\/uploads\/2017\/02\/encabezado-300x60.jpg\" sizes=\"(max-width: 669px) 100vw, 669px\" srcset=\"http:\/\/www.rivadaviamendoza.gob.ar\/hcd\/wp-content\/uploads\/2017\/02\/encabezado-300x60.jpg 300w, http:\/\/www.rivadaviamendoza.gob.ar\/hcd\/wp-content\/uploads\/2017\/02\/encabezado-768x153.jpg 768w, http:\/\/www.rivadaviamendoza.gob.ar\/hcd\/wp-content\/uploads\/2017\/02\/encabezado-1024x203.jpg 1024w\" alt=\"\" width=\"669\" height=\"134\" \/><\/strong><\/p>\n<p style=\"text-align: center;\"><strong>DECLARACION N\u00ba 28-17<\/strong><\/p>\n<p style=\"text-align: justify;\"><strong>VISTO:<\/strong><br \/>\nEl proyecto de consolidaci\u00f3n urbana de los Barrios San Isidro Sur, Brandsen, La Ramada I y La Ramada II y el Convenio Espec\u00edfico celebrado entre la Secretar\u00eda de Vivienda y H\u00e1bitat del Ministerio del Interior, Obras P\u00fablicas y Vivienda de la Naci\u00f3n y el Gobierno de la Provincia de Mendoza, y<\/p>\n<p style=\"text-align: justify;\"><strong>CONSIDERANDO:<\/strong><br \/>\nQue el mencionado convenio espec\u00edfico es suscripto por el Secretario de Vivienda y H\u00e1bitat del Ministerio del Interior, Obras P\u00fablicas y Vivienda de la Naci\u00f3n contador Domingo Luis Amaya y el Gobernador de la Provincia de Mendoza Lic. Alfredo V\u00edctor Cornejo, con el objeto de la ejecuci\u00f3n de obras de infraestructura b\u00e1sica y fortalecimiento comunitario en los Barrios San Isidro Sur, Brandsen y La Ramada I y II en el marco del Programa 37 \u201cAcciones para la Provisi\u00f3n de Tierras para el H\u00e1bitat Social\u201d.<br \/>\nQue se encuentra la necesidad de llevar adelante la ejecuci\u00f3n de obras de infraestructura b\u00e1sica y fortalecimiento comunitario en los barrios mencionados para contribuir al bienestar de sus habitantes.<br \/>\nQue en la zona a intervenir, de 586.390 m2, se encuentran un total de 1200 habitantes aproximadamente, 430 hogares, 393 lotes y 350 viviendas; cabe mencionar que existen en la mayor\u00eda de los casos m\u00e1s de una vivienda por lote.<br \/>\nQue en relaci\u00f3n a la categorizaci\u00f3n general de las viviendas, se observan condiciones edilicias deficitarias, hacinamiento cr\u00edtico por hogar y por cuarto, deterioro e incluso ausencia de servicios sanitarios b\u00e1sicos, necesidad de requerimientos b\u00e1sicos de habitabilidad y seguridad con caracter\u00edsticas de riesgo social.<br \/>\nQue en relaci\u00f3n con el nivel de instrucci\u00f3n; se observa en el caso de los jefes de hogar: 7.78% analfabetos, 56.67% con la primaria incompleta, 24.45% con la primaria completa, el 5.55% con la secundaria incompleta y el 5.55% con la secundaria completa; en cuanto a la figura materna: 5.56% analfabetas, 40.98% con la primaria incompleta, 37.75% con la primaria completa, 8.19% con la secundaria incompleta, 4.92% con la secundaria completa y 1.64% con estudios de nivel superior incompletos.<br \/>\nQue en cuanto al nivel de ingresos, en el 90% de los casos los ingresos no superan la L\u00ednea de Pobreza y provienen de la Asignaci\u00f3n Universal por Hijo de las figuras maternas y de la inserci\u00f3n precaria de los\/as Jefes\/as de Hogar en el mercado del trabajo informal, percibiendo ingresos inestables e insuficientes para la satisfacci\u00f3n de necesidades b\u00e1sicas.<br \/>\nQue en referencia a la variable salud, se detecta que entre los grupos familiares no poseen cobertura social, seg\u00fan evaluaci\u00f3n aproximada existe un amplio cupo de personas en situaci\u00f3n de discapacidad.<br \/>\nQue se enmarca dentro de un Convenio Marco de Colaboraci\u00f3n entre naci\u00f3n y provincia con el objeto de dar soluci\u00f3n al problema habitacional de sectores vulnerables de la sociedad en los centros con d\u00e9ficit de vivienda y de urbanizaci\u00f3n de barrios vulnerables con infraestructura b\u00e1sica, regularizaci\u00f3n dominial y fortalecimiento comunitario, para lograr as\u00ed la revalorizaci\u00f3n del h\u00e1bitat.<br \/>\nQue cuenta con un financiamiento por parte del Ministerio del Interior, Obras P\u00fablicas y Vivienda de la Naci\u00f3n de pesos setenta y nueve millones ciento doce mil seiscientos cinco ($79.112.605.-).<br \/>\nQue en la planificaci\u00f3n de obras que detalla el Anexo I del convenio espec\u00edfico se encuentra financiamiento para: sistema de abastecimiento de agua potable, conexiones domiciliarias de agua a red, sistema de desag\u00fces cloacales, conexiones domiciliarias de cloaca a red, sistema de desag\u00fces pluviales, red vial, red primaria de media tensi\u00f3n, subestaci\u00f3n transformadora, red el\u00e9ctrica y alumbrado p\u00fablico, conexiones domiciliarias a electricidad de red, conexiones domiciliarias a gas de red, red peatonal, construcci\u00f3n de NIDO B\u00ba San Isidro Sur, refacci\u00f3n de SUM B\u00ba Brandsen, contenedores, se\u00f1al\u00e9tica urbana, arbolado p\u00fablico, espacios verdes, play\u00f3n deportivo, estaci\u00f3n de bombeo cloacal, n\u00facleos sanitarios y relocalizaciones de vivienda; con un plazo de ejecuci\u00f3n de dieciocho meses.<br \/>\nQue a su vez, el programa cuenta con m\u00f3dulos de desarrollo humano entre los que se encuentran los de: metodolog\u00eda de participaci\u00f3n comunitaria, deportivo, cultural, verde, mujer, NIDO y educativo; con un plazo de ejecuci\u00f3n de veinti\u00fan meses.<br \/>\nQue dentro del M\u00f3dulo Deporte se observa la ausencia de actividades deportivas y recreativas que involucren a la familia y a la comunidad, para lo que se trabajar\u00e1 sobre el objetivo de promover la actividad f\u00edsica y el deporte como herramienta transversal de inclusi\u00f3n social, construcci\u00f3n de relaciones y habilidades sociales que permitan fortalecer el tejido social en un contexto de igualdad de oportunidades.<br \/>\nQue dentro del M\u00f3dulo Mujer y H\u00e1bitat se observa el escaso protagonismo de las mujeres como sujetos de acci\u00f3n y decisi\u00f3n pol\u00edtica con escasa incidencia en la transformaci\u00f3n de su territorio, para lo que se trabajar\u00e1 sobre el objetivo de ampliar la estructura de oportunidades de participaci\u00f3n de mujeres en escenarios de inclusi\u00f3n, encuentro, formaci\u00f3n y organizaci\u00f3n.<br \/>\nQue en el M\u00f3dulo NIDO Empleabilidad se observa la ausencia de un espacio comunitario equipado destinado para el desarrollo de actividades recreativas, culturales, educativas y laborales, para lo que se trabajar\u00e1 sobre el objetivo de promover aprendizajes significativos, formaci\u00f3n continua y pr\u00e1cticas calificantes desarrollando en ciudadanos en situaci\u00f3n de vulnerabilidad competencias afines a las necesidades y demandas de los sujetos y del sector productivo, con miras al mejoramiento de la empleabilidad de los\/as trabajadores\/as.<br \/>\nQue en el M\u00f3dulo Educativo General se observa el desconocimiento sobre acceso a servicios de justicia y ejercicio efectivo de derechos ciudadanos y sociales y la escasa informaci\u00f3n y participaci\u00f3n de los sectores sociales tradicionalmente excluidos en el diagn\u00f3stico y soluci\u00f3n de las problem\u00e1ticas de derechos que los afectan, para lo cual se trabajar\u00e1 sobre el objetivo de promocionar derechos ciudadanos y sociales.<br \/>\nQue en el M\u00f3dulo Cultura se observan las insuficientes propuestas comunitarias art\u00edstico-culturales, el desconocimiento de artistas locales y escasas oportunidades de desarrollo de talentos, para lo cual se trabajar\u00e1 sobre el objetivo de identificar de significaci\u00f3n de los grupos poblacionales en cuanto a lograr la promoci\u00f3n cultural.<br \/>\nQue en el M\u00f3dulo Ambiental se observan las pr\u00e1cticas individuales y comunitarias que producen impactos ambientales negativos, la ausencia de espacios de planificaci\u00f3n-gesti\u00f3n-articulaci\u00f3n entre los vecinos y la zona a intervenir e insuficientes propuestas y proyectos comunitarios en plantaci\u00f3n de arbolados y parquizaci\u00f3n, para lo cual se trabajar\u00e1 sobre el objetivo de promover la participaci\u00f3n en gesti\u00f3n ambiental.<br \/>\nQue para el logro de estos objetivos trabajan mancomunadamente entes p\u00fablicos nacionales, provinciales y municipales junto a organizaciones de la sociedad civil como la Subcomisi\u00f3n de F\u00fatbol del Centro Deportivo Rivadavia, el Centro de Investigaci\u00f3n e Intervenci\u00f3n en Salud Mental y Derechos Humanos La Machi, la Asociaci\u00f3n Protectora de la Vida, la Asociaci\u00f3n Cuyana para el Desarrollo Sustentable, la Federaci\u00f3n de Centros de Estudiantes de Rivadavia y el Sindicato de M\u00fasicos de Cuyo.<\/p>\n<p style=\"text-align: justify;\"><strong>POR ELLO:<\/strong><br \/>\nEl Honorable Concejo Deliberante de Rivadavia, Mendoza y en uso de sus facultades:<\/p>\n<p style=\"text-align: center;\"><strong>DECLARA<\/strong><\/p>\n<p style=\"text-align: justify;\"><strong>Art\u00edculo 1\u00ba:<\/strong> Decl\u00e1rese de Inter\u00e9s Socio Comunitario Departamental, el proyecto de Consolidaci\u00f3n Urbana de los Barrios San Isidro Sur, Brandsen, La Ramada I y La Ramada II y el Convenio Espec\u00edfico celebrado entre la Secretar\u00eda de Vivienda y H\u00e1bitat del Ministerio del Interior, Obras P\u00fablicas y Vivienda de la Naci\u00f3n y el Gobierno de la Provincia de Mendoza.<\/p>\n<p style=\"text-align: justify;\"><strong>Art\u00edculo 2\u00ba:<\/strong> Rem\u00edtase copia de la presente Declaraci\u00f3n a la Secretar\u00eda de Vivienda y H\u00e1bitat del Ministerio del Interior, Obras P\u00fablicas y Vivienda de la Naci\u00f3n y al Instituto Provincial de la Vivienda para su conocimiento.<\/p>\n<p style=\"text-align: justify;\"><strong>Art\u00edculo 3\u00ba:<\/strong> Comun\u00edquese al Departamento Ejecutivo a sus efectos e ins\u00e9rtese en el Libro de Declaraciones\u00a0 de este Cuerpo.<\/p>\n<p style=\"text-align: justify;\">Dada en la Sala de Sesiones \u201cBandera Nacional Argentina\u201d, del Honorable Concejo Deliberante de Rivadavia, Mendoza, a los 10 d\u00edas del mes de octubre de 2017.<\/p>\n<table>\n<tbody>\n<tr>\n<td style=\"text-align: center;\">Lic. BRUNO AMBROSINI<\/td>\n<td style=\"text-align: center;\">LUCIO GUTIERREZ<\/td>\n<\/tr>\n<tr>\n<td style=\"text-align: center;\">SECRETARIO H.C.D.<\/td>\n<td style=\"text-align: center;\">PRESIDENTE H.C.D.<\/td>\n<\/tr>\n<\/tbody>\n<\/table>\n<p style=\"text-align: right;\">Cpde. Expte. N\u00ba 2017-00166-6 H.C.D.<\/p>\n","protected":false},"excerpt":{"rendered":"<p>DECLARACION N\u00ba 28-17 VISTO: El proyecto de consolidaci\u00f3n urbana de los Barrios San Isidro Sur, Brandsen, La Ramada I y La Ramada II y el Convenio Espec\u00edfico celebrado entre la Secretar\u00eda de Vivienda y H\u00e1bitat del Ministerio del Interior, Obras P\u00fablicas y Vivienda de la Naci\u00f3n y el Gobierno de la Provincia de Mendoza, y [&hellip;]<\/p>\n","protected":false},"author":1,"featured_media":4276,"comment_status":"closed","ping_status":"closed","sticky":false,"template":"","format":"standard","meta":{"_acf_changed":false,"footnotes":""},"categories":[66],"tags":[],"class_list":["post-5853","post","type-post","status-publish","format-standard","has-post-thumbnail","hentry","category-declaraciones"],"acf":[],"_links":{"self":[{"href":"https:\/\/coworkdigital.com.ar\/hcd\/wp-json\/wp\/v2\/posts\/5853","targetHints":{"allow":["GET"]}}],"collection":[{"href":"https:\/\/coworkdigital.com.ar\/hcd\/wp-json\/wp\/v2\/posts"}],"about":[{"href":"https:\/\/coworkdigital.com.ar\/hcd\/wp-json\/wp\/v2\/types\/post"}],"author":[{"embeddable":true,"href":"https:\/\/coworkdigital.com.ar\/hcd\/wp-json\/wp\/v2\/users\/1"}],"replies":[{"embeddable":true,"href":"https:\/\/coworkdigital.com.ar\/hcd\/wp-json\/wp\/v2\/comments?post=5853"}],"version-history":[{"count":0,"href":"https:\/\/coworkdigital.com.ar\/hcd\/wp-json\/wp\/v2\/posts\/5853\/revisions"}],"wp:featuredmedia":[{"embeddable":true,"href":"https:\/\/coworkdigital.com.ar\/hcd\/wp-json\/wp\/v2\/media\/4276"}],"wp:attachment":[{"href":"https:\/\/coworkdigital.com.ar\/hcd\/wp-json\/wp\/v2\/media?parent=5853"}],"wp:term":[{"taxonomy":"category","embeddable":true,"href":"https:\/\/coworkdigital.com.ar\/hcd\/wp-json\/wp\/v2\/categories?post=5853"},{"taxonomy":"post_tag","embeddable":true,"href":"https:\/\/coworkdigital.com.ar\/hcd\/wp-json\/wp\/v2\/tags?post=5853"}],"curies":[{"name":"wp","href":"https:\/\/api.w.org\/{rel}","templated":true}]}}