{"id":5859,"date":"2017-10-10T11:10:26","date_gmt":"2017-10-10T11:10:26","guid":{"rendered":"http:\/\/www.rivadaviamendoza.gob.ar\/hcd\/?p=5859"},"modified":"2017-10-10T11:10:26","modified_gmt":"2017-10-10T11:10:26","slug":"declaracion31-2017","status":"publish","type":"post","link":"https:\/\/coworkdigital.com.ar\/hcd\/declaracion31-2017\/","title":{"rendered":"Declaraci\u00f3n31-2017"},"content":{"rendered":"<p style=\"text-align: center;\"><strong><img fetchpriority=\"high\" decoding=\"async\" class=\"wp-image-1054 aligncenter\" src=\"http:\/\/rd.gov.ar\/wp4\/wp-content\/uploads\/2017\/02\/encabezado-300x60.jpg\" sizes=\"(max-width: 669px) 100vw, 669px\" srcset=\"http:\/\/www.rivadaviamendoza.gob.ar\/hcd\/wp-content\/uploads\/2017\/02\/encabezado-300x60.jpg 300w, http:\/\/www.rivadaviamendoza.gob.ar\/hcd\/wp-content\/uploads\/2017\/02\/encabezado-768x153.jpg 768w, http:\/\/www.rivadaviamendoza.gob.ar\/hcd\/wp-content\/uploads\/2017\/02\/encabezado-1024x203.jpg 1024w\" alt=\"\" width=\"669\" height=\"134\" \/><\/strong><\/p>\n<p style=\"text-align: center;\"><strong>DECLARACION N\u00ba 31-17<\/strong><\/p>\n<p style=\"text-align: justify;\"><strong>VISTO:<\/strong><br \/>\nLa necesidad de declarar de Inter\u00e9s Departamental el\u00a0 III Congreso Regional de Educaci\u00f3n T\u00e9cnico Profesional a realizarse en Rivadavia y;<\/p>\n<p style=\"text-align: justify;\"><strong>CONSIDERANDO:<\/strong><br \/>\nQue el Congreso nace en 2015, y adopta como tema permanente de convocatoria: \u201cUn an\u00e1lisis de la Regi\u00f3n desde la mirada de sus protagonistas\u201d. Se desarrolla en las instalaciones del Instituto de Educaci\u00f3n Superior Docente y T\u00e9cnica N\u00b0 9-006 \u201cProfesor Francisco Humberto Tolosa\u201d, y est\u00e1 destinado a docentes, investigadores, estudiantes y egresados de carreras de nivel superior, y a p\u00fablico en general.<br \/>\nQue dicho congreso permite:<\/p>\n<ul>\n<li style=\"text-align: justify;\">Promover el intercambio de experiencias y conocimientos entre docentes, investigadores, estudiantes y egresados de distintas carreras de nivel superior.<\/li>\n<li style=\"text-align: justify;\">Establecer v\u00ednculos entre los distintos referentes del sector acad\u00e9mico, estatal, no gubernamental, socio productivo y cient\u00edfico &#8211; tecnol\u00f3gico de la Regi\u00f3n.<\/li>\n<li style=\"text-align: justify;\">Analizar la situaci\u00f3n de nuestras principales econom\u00edas regionales e identificar claves y estrategias que promuevan un desarrollo arm\u00f3nico y sustentable.<\/li>\n<li style=\"text-align: justify;\">Propiciar la discusi\u00f3n sobre problem\u00e1ticas y desaf\u00edos asociados al campo de la Educaci\u00f3n Superior, con particular \u00e9nfasis en la modalidad T\u00e9cnico Profesional.<\/li>\n<\/ul>\n<p>Que por todo lo expuesto se ver\u00eda con agrado declarar el presente proyecto de inter\u00e9s departamental, sociocultural y educativo.<\/p>\n<p><strong>POR ELLO:<\/strong><br \/>\nEl Honorable Concejo Deliberante de Rivadavia, Mendoza, y en uso de sus facultades:<\/p>\n<p style=\"text-align: center;\"><strong>DECLARA<\/strong><\/p>\n<p style=\"text-align: justify;\"><strong>Art\u00edculo 1\u00ba:<\/strong> Declarar de Inter\u00e9s Departamental el III Congreso Regional de Educaci\u00f3n T\u00e9cnico Profesional, que se llevara a cabo los d\u00edas 12 y 13 del corriente mes en las instalaciones del Instituto de Educaci\u00f3n Superior Docente y T\u00e9cnica N\u00b0 9-006 \u201cProfesor Francisco Humberto Tolosa\u201d<\/p>\n<p style=\"text-align: justify;\"><strong>Art\u00edculo 2\u00ba:<\/strong> Comun\u00edquese al Departamento Ejecutivo a sus efectos e ins\u00e9rtese en el Libro de Declaraciones de este Cuerpo.<\/p>\n<p style=\"text-align: justify;\">Dada en la Sala de Sesiones, \u201cBandera Nacional Argentina\u201d, del Honorable Concejo Deliberante de Rivadavia, Mendoza, a los 10 d\u00edas del mes de octubre de 2017.<\/p>\n<table>\n<tbody>\n<tr>\n<td style=\"text-align: center;\">Lic. BRUNO AMBROSINI<\/td>\n<td style=\"text-align: center;\">LUCIO GUTIERREZ<\/td>\n<\/tr>\n<tr>\n<td style=\"text-align: center;\">SECRETARIO H.C.D.<\/td>\n<td style=\"text-align: center;\">PRESIDENTE H.C.D.<\/td>\n<\/tr>\n<\/tbody>\n<\/table>\n<p style=\"text-align: right;\">Cpde. Expte. N\u00ba 2017-00267-2\u00a0 H.C.D.<\/p>\n","protected":false},"excerpt":{"rendered":"<p>DECLARACION N\u00ba 31-17 VISTO: La necesidad de declarar de Inter\u00e9s Departamental el\u00a0 III Congreso Regional de Educaci\u00f3n T\u00e9cnico Profesional a realizarse en Rivadavia y; CONSIDERANDO: Que el Congreso nace en 2015, y adopta como tema permanente de convocatoria: \u201cUn an\u00e1lisis de la Regi\u00f3n desde la mirada de sus protagonistas\u201d. Se desarrolla en las instalaciones del [&hellip;]<\/p>\n","protected":false},"author":1,"featured_media":4276,"comment_status":"closed","ping_status":"closed","sticky":false,"template":"","format":"standard","meta":{"_acf_changed":false,"footnotes":""},"categories":[66],"tags":[],"class_list":["post-5859","post","type-post","status-publish","format-standard","has-post-thumbnail","hentry","category-declaraciones"],"acf":[],"_links":{"self":[{"href":"https:\/\/coworkdigital.com.ar\/hcd\/wp-json\/wp\/v2\/posts\/5859","targetHints":{"allow":["GET"]}}],"collection":[{"href":"https:\/\/coworkdigital.com.ar\/hcd\/wp-json\/wp\/v2\/posts"}],"about":[{"href":"https:\/\/coworkdigital.com.ar\/hcd\/wp-json\/wp\/v2\/types\/post"}],"author":[{"embeddable":true,"href":"https:\/\/coworkdigital.com.ar\/hcd\/wp-json\/wp\/v2\/users\/1"}],"replies":[{"embeddable":true,"href":"https:\/\/coworkdigital.com.ar\/hcd\/wp-json\/wp\/v2\/comments?post=5859"}],"version-history":[{"count":0,"href":"https:\/\/coworkdigital.com.ar\/hcd\/wp-json\/wp\/v2\/posts\/5859\/revisions"}],"wp:featuredmedia":[{"embeddable":true,"href":"https:\/\/coworkdigital.com.ar\/hcd\/wp-json\/wp\/v2\/media\/4276"}],"wp:attachment":[{"href":"https:\/\/coworkdigital.com.ar\/hcd\/wp-json\/wp\/v2\/media?parent=5859"}],"wp:term":[{"taxonomy":"category","embeddable":true,"href":"https:\/\/coworkdigital.com.ar\/hcd\/wp-json\/wp\/v2\/categories?post=5859"},{"taxonomy":"post_tag","embeddable":true,"href":"https:\/\/coworkdigital.com.ar\/hcd\/wp-json\/wp\/v2\/tags?post=5859"}],"curies":[{"name":"wp","href":"https:\/\/api.w.org\/{rel}","templated":true}]}}