{"id":5871,"date":"2017-10-31T13:03:10","date_gmt":"2017-10-31T13:03:10","guid":{"rendered":"http:\/\/www.rivadaviamendoza.gob.ar\/hcd\/?p=5871"},"modified":"2017-10-31T13:03:10","modified_gmt":"2017-10-31T13:03:10","slug":"declaracion37-2017","status":"publish","type":"post","link":"https:\/\/coworkdigital.com.ar\/hcd\/declaracion37-2017\/","title":{"rendered":"Declaraci\u00f3n37-2017"},"content":{"rendered":"<p style=\"text-align: center;\"><strong><img fetchpriority=\"high\" decoding=\"async\" class=\"wp-image-1054 aligncenter\" src=\"http:\/\/rd.gov.ar\/wp4\/wp-content\/uploads\/2017\/02\/encabezado-300x60.jpg\" sizes=\"(max-width: 669px) 100vw, 669px\" srcset=\"http:\/\/www.rivadaviamendoza.gob.ar\/hcd\/wp-content\/uploads\/2017\/02\/encabezado-300x60.jpg 300w, http:\/\/www.rivadaviamendoza.gob.ar\/hcd\/wp-content\/uploads\/2017\/02\/encabezado-768x153.jpg 768w, http:\/\/www.rivadaviamendoza.gob.ar\/hcd\/wp-content\/uploads\/2017\/02\/encabezado-1024x203.jpg 1024w\" alt=\"\" width=\"669\" height=\"134\" \/><\/strong><\/p>\n<p style=\"text-align: center;\"><strong>DECLARACION N\u00ba 37-17<\/strong><\/p>\n<p style=\"text-align: justify;\"><strong>VISTO:<br \/>\n<\/strong>La destacada trayectoria de dichos bailarines y la necesidad de apoyar a los artistas locales; y<\/p>\n<p style=\"text-align: justify;\"><strong>CONSIDERANDO:<\/strong><br \/>\nQue V\u00edctor Ariel Acieff y Bel\u00e9n Gim\u00e9nez han dedicado su vida a la danza, perfeccion\u00e1ndose d\u00eda a d\u00eda.<br \/>\nQue han participado en decenas de competencias y eventos, en nuestra Provincia como son las vendimias y diversos espect\u00e1culos, como tambi\u00e9n en el resto del Pa\u00eds, siendo una pareja defensora de lo federal.<br \/>\nQue fueron finalistas del Festival Argentina Baila, el cual se llev\u00f3 a cabo en Tecn\u00f3polis y fue transmitido por la Televisi\u00f3n P\u00fablica.<br \/>\nQue es importante que se impulsen, apoyen\u00a0 y reconozcan los talentos locales ya que son un orgullo para nuestro Departamento.<br \/>\nQue tal declaraci\u00f3n es un testimonio de elogio, reconocimiento, e incentivo p\u00fablico para los bailarines.<br \/>\nQue el Honorable Concejo Deliberante tiene la facultad de reconocer a personas destacadas por su vocaci\u00f3n, dedicaci\u00f3n y entrega.<\/p>\n<p style=\"text-align: justify;\"><strong>POR ELLO:<\/strong><br \/>\nEl Honorable Concejo Deliberante de Rivadavia, Mendoza, y en uso de sus facultades:<\/p>\n<p style=\"text-align: center;\"><strong>DECLARA<\/strong><\/p>\n<p style=\"text-align: justify;\"><strong>Art\u00edculo 1\u00ba:<\/strong>\u00a0 El Honorable Concejo Deliberante de Rivadavia, Mendoza, declara \u201cBailarines destacados del Departamento\u201d a la pareja integrada por V\u00edctor Ariel Acieff y Bel\u00e9n Gim\u00e9nez, en reconocimiento a su trayectoria y logros obtenidos, en especial por su participaci\u00f3n como finalistas del \u201cFestival Argentina Baila\u201d.<\/p>\n<p style=\"text-align: justify;\"><strong>Ar\u00edculo\u00a0 2\u00ba:<\/strong> Por Presidencia del Honorable Concejo Deliberante, invitar a los bailarines destacados a una Sesi\u00f3n Especial para hacer entrega del\u00a0 reconocimiento dispuesto en el Art\u00edculo 1\u00ba de la presente Declaraci\u00f3n.<\/p>\n<p style=\"text-align: justify;\"><strong>Art\u00edculo 3\u00ba:<\/strong> Comun\u00edquese al Departamento Ejecutivo a sus efectos e ins\u00e9rtese en el Libro de Declaraciones de este Cuerpo.<\/p>\n<p style=\"text-align: justify;\">Dada en la Sala de Sesiones, \u201cBandera Nacional Argentina\u201d, del Honorable Concejo Deliberante de Rivadavia, Mendoza, a los 31 d\u00edas del mes de octubre de 2017.<\/p>\n<table>\n<tbody>\n<tr>\n<td style=\"text-align: center;\">Lic. BRUNO AMBROSINI<\/td>\n<td style=\"text-align: center;\">LUCIO GUTIERREZ<\/td>\n<\/tr>\n<tr>\n<td style=\"text-align: center;\">SECRETARIO H.C.D.<\/td>\n<td style=\"text-align: center;\">PRESIDENTE H.C.D.<\/td>\n<\/tr>\n<\/tbody>\n<\/table>\n<p style=\"text-align: right;\">Cpde. Expte. N\u00ba 2017-00218-5 H.C.D.<\/p>\n","protected":false},"excerpt":{"rendered":"<p>DECLARACION N\u00ba 37-17 VISTO: La destacada trayectoria de dichos bailarines y la necesidad de apoyar a los artistas locales; y CONSIDERANDO: Que V\u00edctor Ariel Acieff y Bel\u00e9n Gim\u00e9nez han dedicado su vida a la danza, perfeccion\u00e1ndose d\u00eda a d\u00eda. Que han participado en decenas de competencias y eventos, en nuestra Provincia como son las vendimias [&hellip;]<\/p>\n","protected":false},"author":1,"featured_media":4276,"comment_status":"closed","ping_status":"closed","sticky":false,"template":"","format":"standard","meta":{"_acf_changed":false,"footnotes":""},"categories":[66],"tags":[],"class_list":["post-5871","post","type-post","status-publish","format-standard","has-post-thumbnail","hentry","category-declaraciones"],"acf":[],"_links":{"self":[{"href":"https:\/\/coworkdigital.com.ar\/hcd\/wp-json\/wp\/v2\/posts\/5871","targetHints":{"allow":["GET"]}}],"collection":[{"href":"https:\/\/coworkdigital.com.ar\/hcd\/wp-json\/wp\/v2\/posts"}],"about":[{"href":"https:\/\/coworkdigital.com.ar\/hcd\/wp-json\/wp\/v2\/types\/post"}],"author":[{"embeddable":true,"href":"https:\/\/coworkdigital.com.ar\/hcd\/wp-json\/wp\/v2\/users\/1"}],"replies":[{"embeddable":true,"href":"https:\/\/coworkdigital.com.ar\/hcd\/wp-json\/wp\/v2\/comments?post=5871"}],"version-history":[{"count":0,"href":"https:\/\/coworkdigital.com.ar\/hcd\/wp-json\/wp\/v2\/posts\/5871\/revisions"}],"wp:featuredmedia":[{"embeddable":true,"href":"https:\/\/coworkdigital.com.ar\/hcd\/wp-json\/wp\/v2\/media\/4276"}],"wp:attachment":[{"href":"https:\/\/coworkdigital.com.ar\/hcd\/wp-json\/wp\/v2\/media?parent=5871"}],"wp:term":[{"taxonomy":"category","embeddable":true,"href":"https:\/\/coworkdigital.com.ar\/hcd\/wp-json\/wp\/v2\/categories?post=5871"},{"taxonomy":"post_tag","embeddable":true,"href":"https:\/\/coworkdigital.com.ar\/hcd\/wp-json\/wp\/v2\/tags?post=5871"}],"curies":[{"name":"wp","href":"https:\/\/api.w.org\/{rel}","templated":true}]}}