{"id":5877,"date":"2017-10-31T13:47:40","date_gmt":"2017-10-31T13:47:40","guid":{"rendered":"http:\/\/www.rivadaviamendoza.gob.ar\/hcd\/?p=5877"},"modified":"2017-10-31T13:47:40","modified_gmt":"2017-10-31T13:47:40","slug":"declaracion40-2017","status":"publish","type":"post","link":"https:\/\/coworkdigital.com.ar\/hcd\/declaracion40-2017\/","title":{"rendered":"Declaraci\u00f3n40-2017"},"content":{"rendered":"<p style=\"text-align: center;\"><strong><img fetchpriority=\"high\" decoding=\"async\" class=\"wp-image-1054 aligncenter\" src=\"http:\/\/rd.gov.ar\/wp4\/wp-content\/uploads\/2017\/02\/encabezado-300x60.jpg\" sizes=\"(max-width: 669px) 100vw, 669px\" srcset=\"http:\/\/www.rivadaviamendoza.gob.ar\/hcd\/wp-content\/uploads\/2017\/02\/encabezado-300x60.jpg 300w, http:\/\/www.rivadaviamendoza.gob.ar\/hcd\/wp-content\/uploads\/2017\/02\/encabezado-768x153.jpg 768w, http:\/\/www.rivadaviamendoza.gob.ar\/hcd\/wp-content\/uploads\/2017\/02\/encabezado-1024x203.jpg 1024w\" alt=\"\" width=\"669\" height=\"134\" \/><\/strong><\/p>\n<p style=\"text-align: center;\"><strong>DECLARACION N\u00ba 40-17<\/strong><\/p>\n<p style=\"text-align: justify;\"><strong>VISTO:<\/strong><br \/>\nLa necesidad de repudiar los actos de violencia, el abuso de la fuerza y la desaparici\u00f3n forzada de personas; y<\/p>\n<p style=\"text-align: justify;\"><strong>CONSIDERANDO:<\/strong><br \/>\nQue Santiago Maldonado desapareci\u00f3 el 1 de Agosto de 2017, presuntamente detenido durante la represi\u00f3n de una protesta en el Pu Lof mapuche de Cushamen, Chubut.<br \/>\nQue\u00a0 la represi\u00f3n fue llevada a cabo por la Gendarmer\u00eda Nacional, fuerza de seguridad que opera bajo el mando directo de la ministra de Seguridad de la Naci\u00f3n, Patricia Bullrich, dependiente del presidente Mauricio Macri.<br \/>\nQue en la madrugada del 1 de agosto de 2017, siendo a\u00fan de noche, la Gendarmer\u00eda Nacional irrumpi\u00f3 por la fuerza en el Pu Lof de Resistencia de Cushamen, sin que medie orden judicial. Las fuerzas de seguridad rompieron la tranquera con un cami\u00f3n hidrante, e ingresaron al predio una cantidad indeterminada de gendarmes armados. Los agentes procedieron a reprimir a los habitantes con disparos de balas de goma y perdigones de plomo seg\u00fan los denunciantes, quemando elementos pertenecientes a la comunidad. Algunos de los que se encontraban en el campamento huyeron hacia el R\u00edo Chubut \u2013ubicado a pocos metros- y hacia un bosque cercano al campamento.<br \/>\nQue los denunciantes se\u00f1alaron que all\u00ed se encontraba el joven Santiago Maldonado, un mochilero procedente de la localidad bonaerense de 25 de Mayo, quien ante la represi\u00f3n, huy\u00f3 hacia la vegetaci\u00f3n y se escondi\u00f3 antes de llegar al r\u00edo Chubut, por no saber nadar. Testigos grabados por la Fiscal\u00eda en la zona de los hechos, relataron que \u00abentre los tiros y las agresiones, un segundo m\u00e1s tarde lo pierden de vista y escuchan que un gendarme da la voz de \u2018Tenemos uno\u2019 y luego acercan una camioneta de la Gendarmer\u00eda, abren las puertas traseras y entre varios efectivos rodean las puertas para que no se pueda ver\u00bb. La denuncia sostiene que Maldonado fue apresado y subido a un veh\u00edculo perteneciente a las fuerzas de seguridad.<br \/>\nQue el hecho es sospechado como un caso de desaparici\u00f3n forzada cometido por funcionarios del gobierno nacional en un r\u00e9gimen Democr\u00e1tico.<br \/>\nQue a fines de agosto la car\u00e1tula de la causa fue cambiada oficialmente a \u00abdesaparici\u00f3n forzada\u00bb, que es el t\u00e9rmino jur\u00eddico que designa a un tipo de delito complejo que supone la violaci\u00f3n de m\u00faltiples derechos humanos y que, cometido en determinadas circunstancias, constituye tambi\u00e9n un crimen de lesa humanidad, siendo sus v\u00edctimas conocidas com\u00fanmente como desaparecidos o, particularmente en Am\u00e9rica Latina, como detenidos desaparecidos.<br \/>\nQue\u00a0 la desaparici\u00f3n forzada, herramienta utilizada por nuestra \u00faltima y tremenda dictadura militar, est\u00e1 caracterizada por la privaci\u00f3n de la libertad de una persona por parte de agentes del Estado o grupos o individuos que act\u00faan con su apoyo, seguida de la negativa a reconocer dicha privaci\u00f3n o su suerte, con el fin de sustraerla de la protecci\u00f3n de la ley. El asesinato de la persona v\u00edctima de desaparici\u00f3n forzada, frecuentemente tras un cautiverio con torturas en un paradero oculto, pretende favorecer deliberadamente la impunidad de los responsables, que act\u00faan con el fin de intimidar o aterrorizar a la comunidad o colectivo social al que pertenece la persona. Los efectos de la desaparici\u00f3n forzada perduran hasta que no se resuelve la suerte o paradero de las personas, prolongando y amplificando el sufrimiento que se causa a familiares o allegados.<br \/>\nQue el gobierno argentino presidido por Mauricio Macri fue demandado ante el Comit\u00e9 contra las Desapariciones Forzadas de las Naciones Unidas, para que tome medidas para encontrar a Santiago Maldonado. El 7 de agosto el Comit\u00e9 expres\u00f3 su \u00abpreocupaci\u00f3n por la integridad f\u00edsica y psicol\u00f3gica del joven\u00bb y requiri\u00f3 al Estado argentino que adopte \u201cuna estrategia integral y exhaustiva para la b\u00fasqueda y localizaci\u00f3n\u00bb, tomando \u00abtodas las medidas urgentes que sean necesarias para buscarlo y localizarlo, tomando en cuenta los datos proporcionados por los miembros de la comunidad mapuche Pu Lof presentes durante la acci\u00f3n represiva\u201d. El organismo de las Naciones Unidas exigi\u00f3 tambi\u00e9n que \u201cla Gendarmer\u00eda Nacional Argentina se abstenga de participar en la b\u00fasqueda e investigaci\u00f3n de la desaparici\u00f3n\u201d y que el gobierno argentino resguarde las pruebas que permitan identificar a los responsables. El mismo d\u00eda, el Ministerio de Seguridad de la Naci\u00f3n ofreci\u00f3 una recompensa para quienes \u00absin haber intervenido en el hecho delictual, brinden datos \u00fatiles que sirvan para dar con el paradero\u00bb. El 23 de agosto, tambi\u00e9n la Comisi\u00f3n Interamericana de Derechos Humanos (CIDH) de la OEA, dict\u00f3 una medida cautelar para que el Estado Argentino adopte las medidas necesarias para determinar la situaci\u00f3n y el paradero del se\u00f1or Santiago Maldonado y que informe sobre las medidas adoptadas a fin de investigar los presuntos hechos.<br \/>\nQue el 1 de septiembre de 2017 miles de personas se expresaron en actos y movilizaciones pidiendo por su aparici\u00f3n con vida. Tambi\u00e9n hubo protestas en Espa\u00f1a, Brasil, Francia, Uruguay, Chile, M\u00e9xico, Austria y los Estados Unidos, que se convocaron a trav\u00e9s de los redes sociales. En Londres, San Pablo, Berl\u00edn, Montevideo, R\u00edo de Janeiro, Madrid, Barcelona, Sidney, Santiago, Ciudad de M\u00e9xico, Viena, Washington y Nueva York, grupos de personas expresaron su solidaridad con los reclamos por la aparici\u00f3n con vida de Santiago Maldonado.<br \/>\nQue es deber del Estado proteger y velar por\u00a0 los derechos y la integridad de todos los individuos.<\/p>\n<p style=\"text-align: justify;\"><strong>POR ELLO:<\/strong><br \/>\nEl Honorable Concejo Deliberante de Rivadavia, Mendoza, y en uso de sus facultades:<\/p>\n<p style=\"text-align: center;\"><strong>DECLARA<\/strong><\/p>\n<p style=\"text-align: justify;\"><strong>Art\u00edculo 1\u00ba:<\/strong> Decl\u00e1rase de Inter\u00e9s P\u00fablico, el esclarecimiento del hecho, ante la aparici\u00f3n sin vida de Santiago Maldonado, considerando los principios de VERDAD y JUSTICIA.<\/p>\n<p style=\"text-align: justify;\"><strong>Art\u00edculo 2\u00ba:<\/strong> Decl\u00e1rese la firme convicci\u00f3n de que la Democracia es el sistema de convivencia entre los argentinos que garantiza la libertad, la paz y la posibidad de un progreso solidario.<\/p>\n<p style=\"text-align: justify;\"><strong>Art\u00edculo 3\u00ba:<\/strong> Rem\u00edtase copia de la presente Declaraci\u00f3n a ambas C\u00e1maras Legislativas y a todos los Concejos Deliberantes de la provincia de Mendoza.<\/p>\n<p style=\"text-align: justify;\"><strong>Art\u00edculo 4\u00ba:<\/strong> Comun\u00edquese al Departamento Ejecutivo a sus efectos e ins\u00e9rtese en el Libro de Declaraciones de este Cuerpo.<\/p>\n<p style=\"text-align: justify;\">Dada en la Sala de Sesiones, \u201cBandera Nacional Argentina\u201d, del Honorable Concejo Deliberante de Rivadavia, Mendoza, a los 31 d\u00edas del mes de octubre de 2017.<\/p>\n<table>\n<tbody>\n<tr>\n<td style=\"text-align: center;\">Lic. BRUNO AMBROSINI<\/td>\n<td style=\"text-align: center;\">LUCIO GUTIERREZ<\/td>\n<\/tr>\n<tr>\n<td style=\"text-align: center;\">SECRETARIO H.C.D.<\/td>\n<td style=\"text-align: center;\">PRESIDENTE H.C.D.<\/td>\n<\/tr>\n<\/tbody>\n<\/table>\n<p style=\"text-align: right;\">Cpde. Expte. N\u00ba 2017-00236-7 H.C.D.<br \/>\nN\u00ba 2017-00237-5 H.C.D.<\/p>\n","protected":false},"excerpt":{"rendered":"<p>DECLARACION N\u00ba 40-17 VISTO: La necesidad de repudiar los actos de violencia, el abuso de la fuerza y la desaparici\u00f3n forzada de personas; y CONSIDERANDO: Que Santiago Maldonado desapareci\u00f3 el 1 de Agosto de 2017, presuntamente detenido durante la represi\u00f3n de una protesta en el Pu Lof mapuche de Cushamen, Chubut. Que\u00a0 la represi\u00f3n fue [&hellip;]<\/p>\n","protected":false},"author":1,"featured_media":4276,"comment_status":"closed","ping_status":"closed","sticky":false,"template":"","format":"standard","meta":{"_acf_changed":false,"footnotes":""},"categories":[66],"tags":[],"class_list":["post-5877","post","type-post","status-publish","format-standard","has-post-thumbnail","hentry","category-declaraciones"],"acf":[],"_links":{"self":[{"href":"https:\/\/coworkdigital.com.ar\/hcd\/wp-json\/wp\/v2\/posts\/5877","targetHints":{"allow":["GET"]}}],"collection":[{"href":"https:\/\/coworkdigital.com.ar\/hcd\/wp-json\/wp\/v2\/posts"}],"about":[{"href":"https:\/\/coworkdigital.com.ar\/hcd\/wp-json\/wp\/v2\/types\/post"}],"author":[{"embeddable":true,"href":"https:\/\/coworkdigital.com.ar\/hcd\/wp-json\/wp\/v2\/users\/1"}],"replies":[{"embeddable":true,"href":"https:\/\/coworkdigital.com.ar\/hcd\/wp-json\/wp\/v2\/comments?post=5877"}],"version-history":[{"count":0,"href":"https:\/\/coworkdigital.com.ar\/hcd\/wp-json\/wp\/v2\/posts\/5877\/revisions"}],"wp:featuredmedia":[{"embeddable":true,"href":"https:\/\/coworkdigital.com.ar\/hcd\/wp-json\/wp\/v2\/media\/4276"}],"wp:attachment":[{"href":"https:\/\/coworkdigital.com.ar\/hcd\/wp-json\/wp\/v2\/media?parent=5877"}],"wp:term":[{"taxonomy":"category","embeddable":true,"href":"https:\/\/coworkdigital.com.ar\/hcd\/wp-json\/wp\/v2\/categories?post=5877"},{"taxonomy":"post_tag","embeddable":true,"href":"https:\/\/coworkdigital.com.ar\/hcd\/wp-json\/wp\/v2\/tags?post=5877"}],"curies":[{"name":"wp","href":"https:\/\/api.w.org\/{rel}","templated":true}]}}