{"id":5881,"date":"2017-10-31T14:10:00","date_gmt":"2017-10-31T14:10:00","guid":{"rendered":"http:\/\/www.rivadaviamendoza.gob.ar\/hcd\/?p=5881"},"modified":"2017-10-31T14:10:00","modified_gmt":"2017-10-31T14:10:00","slug":"declaracion42-2017","status":"publish","type":"post","link":"https:\/\/coworkdigital.com.ar\/hcd\/declaracion42-2017\/","title":{"rendered":"Declaraci\u00f3n42-2017"},"content":{"rendered":"<p style=\"text-align: center;\"><strong><img fetchpriority=\"high\" decoding=\"async\" class=\"wp-image-1054 aligncenter\" src=\"http:\/\/rd.gov.ar\/wp4\/wp-content\/uploads\/2017\/02\/encabezado-300x60.jpg\" sizes=\"(max-width: 669px) 100vw, 669px\" srcset=\"http:\/\/www.rivadaviamendoza.gob.ar\/hcd\/wp-content\/uploads\/2017\/02\/encabezado-300x60.jpg 300w, http:\/\/www.rivadaviamendoza.gob.ar\/hcd\/wp-content\/uploads\/2017\/02\/encabezado-768x153.jpg 768w, http:\/\/www.rivadaviamendoza.gob.ar\/hcd\/wp-content\/uploads\/2017\/02\/encabezado-1024x203.jpg 1024w\" alt=\"\" width=\"669\" height=\"134\" \/><\/strong><\/p>\n<p style=\"text-align: center;\"><strong>DECLARACION N\u00ba 42-17<\/strong><\/p>\n<p style=\"text-align: justify;\"><strong>VISTO:<\/strong><br \/>\nLa destacada trayectoria de Mirtha Gladys Jofr\u00e9 como bailarina de danzas folkl\u00f3ricas de nuestro Departamento, y<\/p>\n<p style=\"text-align: justify;\"><strong>CONSIDERANDO:<\/strong><\/p>\n<p style=\"text-align: justify;\">Que desde muy joven se dedic\u00f3 a perfeccionarse en danzas folkl\u00f3ricas y transmiti\u00f3 dichos conocimientos a muchos ni\u00f1os, j\u00f3venes y adultos.<br \/>\nInici\u00f3 su carrera desde los 18 a\u00f1os como profesora del Conjunto El Cha\u00f1ar acompa\u00f1ada por el profesor \u00c1ngel Gim\u00e9nez. Particip\u00f3 en distintos festivales de car\u00e1cter participativo y competitivo: a (San Juan, C\u00f3rdoba, La Pampa, Mar del Plata y dentro de la Provincia de Mendoza. Actualmente se desempe\u00f1a como profesora de los Talleres Culturales de adultos en el Barrio La Florida y en el Centro de Jubilados y Pensionados de Rivadavia.<br \/>\nSu trayectoria ha sido destacada. En el a\u00f1o 1977, en el Festival de la Cueca y el Damasco (departamento de Santa Rosa) sac\u00f3 el 1\u00ba Puesto como pareja de danza tradicional.<br \/>\nEn el a\u00f1o 1985 form\u00f3 el taller de Folklore en la Municipalidad de Rivadavia con el apoyo del Intendente H\u00e9ctor Arboit, realizando la apertura de los primeros Festivales \u201cRivadavia Canta al Pa\u00eds\u201d; colabor\u00f3 tambi\u00e9n con las Vendimias Distritales y Departamentales.<br \/>\nRealiz\u00f3 durante varios a\u00f1os consecutivos el festival \u201cSan Isidro Labrador\u201d. Dicha actividad lleg\u00f3 a contar con m\u00e1s de 40 delegaciones en competencias de todo el pa\u00eds (Santiago del Estero, C\u00f3rdoba, La Pampa, Neuqu\u00e9n, Buenos Aires, Mar del Plata y Tucum\u00e1n). Este Festival fue declarado de Inter\u00e9s Departamental y Provincial que formaba parte de la agenda Cultural de la Provincia.<br \/>\nForm\u00f3 parte en distintas Vendimias Nacionales como bailarina y traspunte. Particip\u00f3 integrando JURADO en el Festival Charahuinca, en Los Barriales del departamento de Jun\u00edn. En el Festival \u201cJos\u00e9\u00a0 Dolores\u201d, de la Provincia de San Juan (a\u00f1o 1996). En Casting de Vendimia de Rivadavia y en los Juegos Evita representando a nuestro Departamento. Adem\u00e1s, actu\u00f3 en el programa \u201cGan\u00e1 con Gisela\u201d, emitido por Canal 7 y fue ganadora del 1\u00ba Puesto de Pareja de Danza Folkl\u00f3rica en el programa \u201cTu Mejor Domingo\u201d emitido por Canal 9 de Buenos Aires y conducido por Zaira Nara y Diego P\u00e9rez.<br \/>\nA nadie escapa que estamos frente a una destacada artista del Folklore de nuestro Departamento, que merece el reconocimiento de esta Instituci\u00f3n integrada por los representantes del pueblo de Rivadavia.<\/p>\n<p style=\"text-align: justify;\"><strong>POR ELLO:<\/strong><br \/>\nEl Honorable Concejo Deliberante de Rivadavia Mendoza, y en uso de sus facultades:<\/p>\n<p style=\"text-align: center;\"><strong>DECLARA<\/strong><\/p>\n<p style=\"text-align: justify;\"><strong>Art\u00edculo 1\u00ba:<\/strong> Reconocer la trayectoria art\u00edstica de Mirtha Gladys Jofr\u00e9 en el \u00e1mbito del quehacer folkl\u00f3rico Departamental.<\/p>\n<p style=\"text-align: justify;\"><strong>Art\u00edculo 2\u00ba:<\/strong> Rem\u00edtase copia de la presente pieza legal a la se\u00f1ora Mirtha Gladys Jofr\u00e9 para su conocimiento y dem\u00e1s efectos.<\/p>\n<p style=\"text-align: justify;\"><strong>Art\u00edculo 3\u00ba:<\/strong> Comun\u00edquese al Departamento Ejecutivo, a sus efectos e ins\u00e9rtese en el Libro de Ordenanzas de este Cuerpo.<\/p>\n<p style=\"text-align: justify;\">Dada en la Sala de Sesiones \u201cBandera Nacional Argentina\u201d, del Honorable Concejo Deliberante de Rivadavia, Mendoza, a los 31 d\u00edas del mes de octubre de 2017.<\/p>\n<table>\n<tbody>\n<tr>\n<td style=\"text-align: center;\">Lic. BRUNO AMBROSINI<\/td>\n<td style=\"text-align: center;\">LUCIO GUTIERREZ<\/td>\n<\/tr>\n<tr>\n<td style=\"text-align: center;\">SECRETARIO H.C.D.<\/td>\n<td style=\"text-align: center;\">PRESIDENTE H.C.D.<\/td>\n<\/tr>\n<\/tbody>\n<\/table>\n<p style=\"text-align: right;\">Cpde. Expte. N\u00ba 2017-00282-1 H. C. D.<\/p>\n","protected":false},"excerpt":{"rendered":"<p>DECLARACION N\u00ba 42-17 VISTO: La destacada trayectoria de Mirtha Gladys Jofr\u00e9 como bailarina de danzas folkl\u00f3ricas de nuestro Departamento, y CONSIDERANDO: Que desde muy joven se dedic\u00f3 a perfeccionarse en danzas folkl\u00f3ricas y transmiti\u00f3 dichos conocimientos a muchos ni\u00f1os, j\u00f3venes y adultos. Inici\u00f3 su carrera desde los 18 a\u00f1os como profesora del Conjunto El Cha\u00f1ar [&hellip;]<\/p>\n","protected":false},"author":1,"featured_media":4276,"comment_status":"closed","ping_status":"closed","sticky":false,"template":"","format":"standard","meta":{"_acf_changed":false,"footnotes":""},"categories":[66],"tags":[],"class_list":["post-5881","post","type-post","status-publish","format-standard","has-post-thumbnail","hentry","category-declaraciones"],"acf":[],"_links":{"self":[{"href":"https:\/\/coworkdigital.com.ar\/hcd\/wp-json\/wp\/v2\/posts\/5881","targetHints":{"allow":["GET"]}}],"collection":[{"href":"https:\/\/coworkdigital.com.ar\/hcd\/wp-json\/wp\/v2\/posts"}],"about":[{"href":"https:\/\/coworkdigital.com.ar\/hcd\/wp-json\/wp\/v2\/types\/post"}],"author":[{"embeddable":true,"href":"https:\/\/coworkdigital.com.ar\/hcd\/wp-json\/wp\/v2\/users\/1"}],"replies":[{"embeddable":true,"href":"https:\/\/coworkdigital.com.ar\/hcd\/wp-json\/wp\/v2\/comments?post=5881"}],"version-history":[{"count":0,"href":"https:\/\/coworkdigital.com.ar\/hcd\/wp-json\/wp\/v2\/posts\/5881\/revisions"}],"wp:featuredmedia":[{"embeddable":true,"href":"https:\/\/coworkdigital.com.ar\/hcd\/wp-json\/wp\/v2\/media\/4276"}],"wp:attachment":[{"href":"https:\/\/coworkdigital.com.ar\/hcd\/wp-json\/wp\/v2\/media?parent=5881"}],"wp:term":[{"taxonomy":"category","embeddable":true,"href":"https:\/\/coworkdigital.com.ar\/hcd\/wp-json\/wp\/v2\/categories?post=5881"},{"taxonomy":"post_tag","embeddable":true,"href":"https:\/\/coworkdigital.com.ar\/hcd\/wp-json\/wp\/v2\/tags?post=5881"}],"curies":[{"name":"wp","href":"https:\/\/api.w.org\/{rel}","templated":true}]}}