{"id":5883,"date":"2017-10-31T14:26:31","date_gmt":"2017-10-31T14:26:31","guid":{"rendered":"http:\/\/www.rivadaviamendoza.gob.ar\/hcd\/?p=5883"},"modified":"2017-10-31T14:26:31","modified_gmt":"2017-10-31T14:26:31","slug":"declaracion43-2017","status":"publish","type":"post","link":"https:\/\/coworkdigital.com.ar\/hcd\/declaracion43-2017\/","title":{"rendered":"Declaraci\u00f3n43-2017"},"content":{"rendered":"<p style=\"text-align: center;\"><strong><img fetchpriority=\"high\" decoding=\"async\" class=\"wp-image-1054 aligncenter\" src=\"http:\/\/rd.gov.ar\/wp4\/wp-content\/uploads\/2017\/02\/encabezado-300x60.jpg\" sizes=\"(max-width: 669px) 100vw, 669px\" srcset=\"http:\/\/www.rivadaviamendoza.gob.ar\/hcd\/wp-content\/uploads\/2017\/02\/encabezado-300x60.jpg 300w, http:\/\/www.rivadaviamendoza.gob.ar\/hcd\/wp-content\/uploads\/2017\/02\/encabezado-768x153.jpg 768w, http:\/\/www.rivadaviamendoza.gob.ar\/hcd\/wp-content\/uploads\/2017\/02\/encabezado-1024x203.jpg 1024w\" alt=\"\" width=\"669\" height=\"134\" \/><\/strong><\/p>\n<p style=\"text-align: center;\"><strong>DECLARACION N\u00ba 43-17<\/strong><\/p>\n<p style=\"text-align: justify;\"><strong>VISTO:<br \/>\n<\/strong>El Expediente N\u00ba 2017-00005-6, caratulado Bloque U.C.R, solicita realizar un homenaje Institucional a Emiliano Carbonero, y<\/p>\n<p style=\"text-align: justify;\"><strong>CONSIDERANDO:<\/strong><br \/>\nQue este joven deportista del Departamento fue el primer Rivadaviense en participar en una Competencia Internacional de tan trascendencia como fue el Dakar 2017.<br \/>\nComenz\u00f3 su pasi\u00f3n por el motociclismo en el a\u00f1o 1996. Sus primeras competencias fueron en speedway y carreras de enduro. A lo largo de los a\u00f1os fue participando en campeonatos Provinciales, Nacionales y Mundiales, aunque su sue\u00f1o estaba en formar parte del seleccionado Argentino y la participaci\u00f3n del Dakar.<br \/>\nCon mucho esfuerzo logr\u00f3 la participaci\u00f3n de correr los\u00a0 SEIS DIAS INTERNACIONALES DE ENDURO, en el a\u00f1o 2014, en San Juan Argentina, obteniendo el 2\u00ba puesto a nivel Mundial en la categor\u00eda Club Team.<br \/>\nFue Campe\u00f3n Argentino de enduro en Categor\u00eda Senior\u00a0 B, en los a\u00f1os 2012,\u00a0 2013 y 2014. Obtuvo el m\u00e9rito Deportivo en Diario Uno y Los Andes en el a\u00f1o 2013 y 2014. Gracias a sus logros deportivos fue seleccionado por el entrenador-piloto Augusto Chino Freytes para ser parte de los pilotos que representaran a la Argentina, obteniendo en este torneo el Sub-campeonato Mundial en la categor\u00eda CLUB TEAM, en el a\u00f1o 2014. De la misma forma pudo participar de los Mundiales 2000, 2007, 2012, 2013 y 2014.<br \/>\nLuego de varios a\u00f1os en esta categor\u00eda, sinti\u00f3 que era el momento de dar un paso m\u00e1s, y tras idas y vueltas logr\u00f3 armar su primera moto de Rally, realizando el primer curso de navegaci\u00f3n con su instructor y amigo Marcelo S\u00e1nchez en las dunas de Fiambal\u00e1. Esta capacitaci\u00f3n le permiti\u00f3 debutar en el Campeonato Argentino de Rally Cross Country, en el a\u00f1o 2016 en Mina Clavero, provincia de C\u00f3rdoba, obteniendo un muy buen resultado, lo que le permiti\u00f3 esta gran experiencia,\u00a0 su primera participaci\u00f3n en el DESAFIO RUTA 40. Esta competencia le abri\u00f3 las puertas para lograr su gran objetivo, que desde ni\u00f1o fue la participaci\u00f3n en el Dakar, algo inalcanzable en sus primeros pasos como piloto de enduro y rally.<br \/>\nEn este a\u00f1o, el 2017 logr\u00f3 cumplir su sue\u00f1o, que fue participar en su primer Dakar, habiendo logrado completar y terminar todas las etapas de esta competencia,\u00a0 que es sin duda la m\u00e1s dura a nivel mundial.<\/p>\n<p style=\"text-align: justify;\"><strong>POR ELLO:<\/strong><br \/>\nEl Honorable Concejo Deliberante de Rivadavia, Mendoza, y en uso de sus facultades:<\/p>\n<p style=\"text-align: center;\"><strong>DECLARA<\/strong><\/p>\n<p style=\"text-align: justify;\"><strong>Art\u00edculo 1\u00ba:<\/strong> El Honorable Concejo Deliberante de Rivadavia, Mendoza, reconoce al se\u00f1or EMILIANO CARBONERO, como deportista destacado del departamento de Rivadavia, por su larga trayectoria en el motociclismo y por su participaci\u00f3n en la competencia mundial del Dakar en el a\u00f1o 2017.<\/p>\n<p style=\"text-align: justify;\"><strong>Art\u00edculo 2\u00ba:<\/strong> Rem\u00edtase copia de la presente Declaraci\u00f3n, al Sr. Emiliano Carbonero.<\/p>\n<p style=\"text-align: justify;\"><strong>Art\u00edculo 3\u00ba:<\/strong> Comun\u00edquese al Departamento Ejecutivo a sus efectos e ins\u00e9rtese en el Libro de Declaraciones de este Cuerpo.<\/p>\n<p style=\"text-align: justify;\">Dada en la Sala de Sesiones \u201cBandera Nacional Argentina, del Honorable Concejo Deliberante de Rivadavia, Mendoza, a los 31 d\u00edas del mes de octubre de 2017.<\/p>\n<table>\n<tbody>\n<tr>\n<td style=\"text-align: center;\">Lic. BRUNO AMBROSINI<\/td>\n<td style=\"text-align: center;\">LUCIO GUTIERREZ<\/td>\n<\/tr>\n<tr>\n<td style=\"text-align: center;\">SECRETARIO H.C.D.<\/td>\n<td style=\"text-align: center;\">PRESIDENTE H.C.D.<\/td>\n<\/tr>\n<\/tbody>\n<\/table>\n<p style=\"text-align: right;\">Cpde. Expte. N\u00ba 2017-00005-6 H.C.D<\/p>\n","protected":false},"excerpt":{"rendered":"<p>DECLARACION N\u00ba 43-17 VISTO: El Expediente N\u00ba 2017-00005-6, caratulado Bloque U.C.R, solicita realizar un homenaje Institucional a Emiliano Carbonero, y CONSIDERANDO: Que este joven deportista del Departamento fue el primer Rivadaviense en participar en una Competencia Internacional de tan trascendencia como fue el Dakar 2017. Comenz\u00f3 su pasi\u00f3n por el motociclismo en el a\u00f1o 1996. [&hellip;]<\/p>\n","protected":false},"author":1,"featured_media":4276,"comment_status":"closed","ping_status":"closed","sticky":false,"template":"","format":"standard","meta":{"_acf_changed":false,"footnotes":""},"categories":[66],"tags":[],"class_list":["post-5883","post","type-post","status-publish","format-standard","has-post-thumbnail","hentry","category-declaraciones"],"acf":[],"_links":{"self":[{"href":"https:\/\/coworkdigital.com.ar\/hcd\/wp-json\/wp\/v2\/posts\/5883","targetHints":{"allow":["GET"]}}],"collection":[{"href":"https:\/\/coworkdigital.com.ar\/hcd\/wp-json\/wp\/v2\/posts"}],"about":[{"href":"https:\/\/coworkdigital.com.ar\/hcd\/wp-json\/wp\/v2\/types\/post"}],"author":[{"embeddable":true,"href":"https:\/\/coworkdigital.com.ar\/hcd\/wp-json\/wp\/v2\/users\/1"}],"replies":[{"embeddable":true,"href":"https:\/\/coworkdigital.com.ar\/hcd\/wp-json\/wp\/v2\/comments?post=5883"}],"version-history":[{"count":0,"href":"https:\/\/coworkdigital.com.ar\/hcd\/wp-json\/wp\/v2\/posts\/5883\/revisions"}],"wp:featuredmedia":[{"embeddable":true,"href":"https:\/\/coworkdigital.com.ar\/hcd\/wp-json\/wp\/v2\/media\/4276"}],"wp:attachment":[{"href":"https:\/\/coworkdigital.com.ar\/hcd\/wp-json\/wp\/v2\/media?parent=5883"}],"wp:term":[{"taxonomy":"category","embeddable":true,"href":"https:\/\/coworkdigital.com.ar\/hcd\/wp-json\/wp\/v2\/categories?post=5883"},{"taxonomy":"post_tag","embeddable":true,"href":"https:\/\/coworkdigital.com.ar\/hcd\/wp-json\/wp\/v2\/tags?post=5883"}],"curies":[{"name":"wp","href":"https:\/\/api.w.org\/{rel}","templated":true}]}}