{"id":5889,"date":"2017-11-07T15:40:06","date_gmt":"2017-11-07T15:40:06","guid":{"rendered":"http:\/\/www.rivadaviamendoza.gob.ar\/hcd\/?p=5889"},"modified":"2017-11-07T15:40:06","modified_gmt":"2017-11-07T15:40:06","slug":"declaracion46-2017","status":"publish","type":"post","link":"https:\/\/coworkdigital.com.ar\/hcd\/declaracion46-2017\/","title":{"rendered":"Declaraci\u00f3n46-2017"},"content":{"rendered":"<p style=\"text-align: center;\"><strong><img fetchpriority=\"high\" decoding=\"async\" class=\"wp-image-1054 aligncenter\" src=\"http:\/\/rd.gov.ar\/wp4\/wp-content\/uploads\/2017\/02\/encabezado-300x60.jpg\" sizes=\"(max-width: 669px) 100vw, 669px\" srcset=\"http:\/\/www.rivadaviamendoza.gob.ar\/hcd\/wp-content\/uploads\/2017\/02\/encabezado-300x60.jpg 300w, http:\/\/www.rivadaviamendoza.gob.ar\/hcd\/wp-content\/uploads\/2017\/02\/encabezado-768x153.jpg 768w, http:\/\/www.rivadaviamendoza.gob.ar\/hcd\/wp-content\/uploads\/2017\/02\/encabezado-1024x203.jpg 1024w\" alt=\"\" width=\"669\" height=\"134\" \/><\/strong><\/p>\n<p style=\"text-align: center;\"><strong>DECLARACION N\u00ba 46-17<\/strong><\/p>\n<p style=\"text-align: justify;\"><strong>VISTO:<\/strong><br \/>\nQue en el corriente a\u00f1o, la Asociaci\u00f3n Cooperadora del Hospital \u201cDoctor Carlos Francisco Saporiti\u201d est\u00e1 cumpliendo su 65\u00ba aniversario de vida institucional, y<\/p>\n<p style=\"text-align: justify;\"><strong>CONSIDERANDO:<\/strong><br \/>\nQue estamos frente a un acontecimiento de gran envergadura para nuestra comunidad, si tenemos en cuenta la larga y valiosa trayectoria de la mencionada Entidad. Seguramente, los anales de nuestra historia departamental van guardando los claros ejemplos que demuestran la responsabilidad, compromiso perseverancia y generosa entrega a quienes desde aquel a\u00f1o 1952 hasta la actualidad van formando parte de ella.<br \/>\nNuestro Hospital se ve permanentemente favorecido con los peque\u00f1os y los grandes aportes materiales econ\u00f3micos y humanos que la Asociaci\u00f3n le va brindando a\u00f1os tras a\u00f1o. Al destacar este hecho, queremos se\u00f1alar el gran beneficio que reciben las familias m\u00e1s carecientes de nuestro tejido social regional con el accionar de dicha Instituci\u00f3n.<br \/>\nCabe destacar, que la meritoria labor desplegada por ella tiene una firme y constante respuesta de vecinos de Rivadavia y de sus alrededores que concurren habitualmente a sus interesantes e importantes convocatorias anuales. En este sentido, compartimos ampliamente el lema de nuestra Cooperadora: \u201cLA SOLIDARIDAD ES LA \u00daNICA FURZA QUE DERRIBA LOS MUROS QUE SEPARAN AL HOMBRE\u201d.<br \/>\nAdem\u00e1s, a la actual Comisi\u00f3n Directiva y a todos los socios que la integran, les deseamos \u00e9xitos en la gesti\u00f3n y que se multipliquen las buenas obras a lo largo de nuevos Aniversarios.<\/p>\n<p style=\"text-align: justify;\"><strong>POR ELLO:<\/strong><br \/>\nEl Honorable Concejo Deliberante de Rivadavia Mendoza, y en uso de sus facultades:<\/p>\n<p style=\"text-align: center;\"><strong>DECLARA<\/strong><\/p>\n<p style=\"text-align: justify;\"><strong>Art\u00edculo 1\u00ba:<\/strong> El Honorable Concejo Deliberante de Rivadavia declara de Inter\u00e9s Departamental la valiosa obra que realiza la Asociaci\u00f3n Cooperadora del Hospital \u201cDoctor Carlos Francisco Saporitti\u201d, en favor de nuestra comunidad.<\/p>\n<p style=\"text-align: justify;\"><strong>Art\u00edculo 2\u00ba:<\/strong> Hacer llegar copia de la presente pieza legal y un reconocimiento institucional de este Cuerpo a la Comisi\u00f3n Directiva de la mencionada Entidad.<\/p>\n<p style=\"text-align: justify;\"><strong>Art\u00edculo 3\u00ba:<\/strong> Comun\u00edquese al Departamento Ejecutivo a sus efectos e ins\u00e9rtese en el Libro de Declaraciones de este Cuerpo.<\/p>\n<p style=\"text-align: justify;\">Dada en la Sala de Sesiones \u201cBandera Nacional Argentina\u201d, del Honorable Concejo Deliberante de Rivadavia, Mendoza, a los 07 d\u00edas del mes de noviembre de 2017.<\/p>\n<table>\n<tbody>\n<tr>\n<td style=\"text-align: center;\">Lic. BRUNO AMBROSINI<\/td>\n<td style=\"text-align: center;\">LUCIO GUTIERREZ<\/td>\n<\/tr>\n<tr>\n<td style=\"text-align: center;\">SECRETARIO H.C.D.<\/td>\n<td style=\"text-align: center;\">PRESIDENTE H.C.D.<\/td>\n<\/tr>\n<\/tbody>\n<\/table>\n<p style=\"text-align: right;\">Cpde. Expte. N\u00ba 2017-00293-8 H. C. D.<\/p>\n","protected":false},"excerpt":{"rendered":"<p>DECLARACION N\u00ba 46-17 VISTO: Que en el corriente a\u00f1o, la Asociaci\u00f3n Cooperadora del Hospital \u201cDoctor Carlos Francisco Saporiti\u201d est\u00e1 cumpliendo su 65\u00ba aniversario de vida institucional, y CONSIDERANDO: Que estamos frente a un acontecimiento de gran envergadura para nuestra comunidad, si tenemos en cuenta la larga y valiosa trayectoria de la mencionada Entidad. Seguramente, los [&hellip;]<\/p>\n","protected":false},"author":1,"featured_media":4276,"comment_status":"closed","ping_status":"closed","sticky":false,"template":"","format":"standard","meta":{"_acf_changed":false,"footnotes":""},"categories":[66],"tags":[],"class_list":["post-5889","post","type-post","status-publish","format-standard","has-post-thumbnail","hentry","category-declaraciones"],"acf":[],"_links":{"self":[{"href":"https:\/\/coworkdigital.com.ar\/hcd\/wp-json\/wp\/v2\/posts\/5889","targetHints":{"allow":["GET"]}}],"collection":[{"href":"https:\/\/coworkdigital.com.ar\/hcd\/wp-json\/wp\/v2\/posts"}],"about":[{"href":"https:\/\/coworkdigital.com.ar\/hcd\/wp-json\/wp\/v2\/types\/post"}],"author":[{"embeddable":true,"href":"https:\/\/coworkdigital.com.ar\/hcd\/wp-json\/wp\/v2\/users\/1"}],"replies":[{"embeddable":true,"href":"https:\/\/coworkdigital.com.ar\/hcd\/wp-json\/wp\/v2\/comments?post=5889"}],"version-history":[{"count":0,"href":"https:\/\/coworkdigital.com.ar\/hcd\/wp-json\/wp\/v2\/posts\/5889\/revisions"}],"wp:featuredmedia":[{"embeddable":true,"href":"https:\/\/coworkdigital.com.ar\/hcd\/wp-json\/wp\/v2\/media\/4276"}],"wp:attachment":[{"href":"https:\/\/coworkdigital.com.ar\/hcd\/wp-json\/wp\/v2\/media?parent=5889"}],"wp:term":[{"taxonomy":"category","embeddable":true,"href":"https:\/\/coworkdigital.com.ar\/hcd\/wp-json\/wp\/v2\/categories?post=5889"},{"taxonomy":"post_tag","embeddable":true,"href":"https:\/\/coworkdigital.com.ar\/hcd\/wp-json\/wp\/v2\/tags?post=5889"}],"curies":[{"name":"wp","href":"https:\/\/api.w.org\/{rel}","templated":true}]}}