{"id":5899,"date":"2017-11-21T11:25:44","date_gmt":"2017-11-21T11:25:44","guid":{"rendered":"http:\/\/www.rivadaviamendoza.gob.ar\/hcd\/?p=5899"},"modified":"2017-11-21T11:25:44","modified_gmt":"2017-11-21T11:25:44","slug":"declaracion51-2017","status":"publish","type":"post","link":"https:\/\/coworkdigital.com.ar\/hcd\/declaracion51-2017\/","title":{"rendered":"Declaraci\u00f3n51-2017"},"content":{"rendered":"<p style=\"text-align: center;\"><strong><img fetchpriority=\"high\" decoding=\"async\" class=\"wp-image-1054 aligncenter\" src=\"http:\/\/rd.gov.ar\/wp4\/wp-content\/uploads\/2017\/02\/encabezado-300x60.jpg\" sizes=\"(max-width: 669px) 100vw, 669px\" srcset=\"http:\/\/www.rivadaviamendoza.gob.ar\/hcd\/wp-content\/uploads\/2017\/02\/encabezado-300x60.jpg 300w, http:\/\/www.rivadaviamendoza.gob.ar\/hcd\/wp-content\/uploads\/2017\/02\/encabezado-768x153.jpg 768w, http:\/\/www.rivadaviamendoza.gob.ar\/hcd\/wp-content\/uploads\/2017\/02\/encabezado-1024x203.jpg 1024w\" alt=\"\" width=\"669\" height=\"134\" \/><\/strong><\/p>\n<p style=\"text-align: center;\"><strong>DECLARACION N\u00ba 51-17<\/strong><\/p>\n<p style=\"text-align: justify;\"><strong>VISTO:<\/strong><br \/>\nEl proyecto de \u201cCapacitaciones a la Comunidad\u201d, llevado a cabo por el Hospital Carlos Saporiti, y<\/p>\n<p style=\"text-align: justify;\"><strong>CONSIDERANDO:<\/strong><br \/>\nQue es un proyecto que lleva adelante el Hospital con el objetivo de establecer conexi\u00f3n entre el nosocomio y toda la poblaci\u00f3n del Departamento en la promoci\u00f3n y prevenci\u00f3n de la salud.<br \/>\nQue este proyecto se viene realizando desde el a\u00f1o 2016 y cuenta con la organizaci\u00f3n del Referente Regional de Enfermer\u00eda, Lic. Rub\u00e9n Gonz\u00e1lez, el Departamento de Enfermer\u00eda del Hospital, a trav\u00e9s de la Lic. Marisa Leiva, adem\u00e1s cuenta con la colaboraci\u00f3n de la Oficina de Prensa del nosocomio, a trav\u00e9s del Lic. Emiliano C\u00f3nsoli, bajo la supervisi\u00f3n del Director Ejecutivo del Hospital Saporiti, Dr. Manuel Liberal.<br \/>\nQue a lo largo de este a\u00f1o y medio se han realizado m\u00e1s de catorce capacitaciones en las \u00e1reas de Primeros Auxilios, RCP (Reanimaci\u00f3n Cardio Pulmonar), Lactancia, Maternidad, Neonatolog\u00eda, Pediatr\u00eda, Oncolog\u00eda, Ambiente y Salud, Infectolog\u00eda con Picaduras por Animales Ponzo\u00f1osos y Diabetes.<br \/>\nQue el proyecto llego a las escuelas, en este caso los que recibieron la capacitaci\u00f3n fueron alumnos y padres de las escuelas N\u00b0 9-006 \u201cProf. Francisco H. Tolosa\u201d, N\u00b0 4-096 \u201cMario Anselmo S\u00e1nchez\u201d, N\u00b0 3-434 \u201c18 de Abril\u201d y N\u00b0 4-181 \u201cGuillermo Moran\u201d.<br \/>\nQue tambi\u00e9n fueron capacitados Profesores de Educaci\u00f3n F\u00edsica del Municipio de Rivadavia en el \u00e1mbito de RCP y Primeros Auxilios.<br \/>\nQue es importante destacar que de las capacitaciones que se han realizado, lograron capacitar a m\u00e1s de mil doscientas personas.<\/p>\n<p style=\"text-align: justify;\"><strong>POR ELLO:<\/strong><br \/>\nEl Honorable Concejo Deliberante de Rivadavia Mendoza, y en uso de sus facultades:<\/p>\n<p style=\"text-align: center;\"><strong>DECLARA<\/strong><\/p>\n<p style=\"text-align: justify;\"><strong>Art\u00edculo 1\u00ba:<\/strong> Decl\u00e1rese de inter\u00e9s Departamental el Proyecto \u201cCapacitaciones a la Comunidad\u201d del Hospital \u201cCarlos Saporiti\u201d.<\/p>\n<p style=\"text-align: justify;\"><strong>Art\u00edculo 2\u00ba:<\/strong> Comun\u00edquese al Departamento Ejecutivo a sus efectos, e ins\u00e9rtese en el Libro de Declaraciones de este Cuerpo.<\/p>\n<p style=\"text-align: justify;\">Dada en la Sala de Sesiones \u201cBandera Nacional Argentina\u201d, del Honorable Concejo Deliberante de Rivadavia, Mendoza, a los 21 d\u00edas del mes de noviembre de 2017.<\/p>\n<table>\n<tbody>\n<tr>\n<td style=\"text-align: center;\">Lic. BRUNO AMBROSINI<\/td>\n<td style=\"text-align: center;\">LUCIO GUTIERREZ<\/td>\n<\/tr>\n<tr>\n<td style=\"text-align: center;\">SECRETARIO H.C.D.<\/td>\n<td style=\"text-align: center;\">PRESIDENTE H.C.D.<\/td>\n<\/tr>\n<\/tbody>\n<\/table>\n<p style=\"text-align: right;\">Cpde. Expte. N\u00ba 2017-00312-6 H.C.D.<\/p>\n","protected":false},"excerpt":{"rendered":"<p>DECLARACION N\u00ba 51-17 VISTO: El proyecto de \u201cCapacitaciones a la Comunidad\u201d, llevado a cabo por el Hospital Carlos Saporiti, y CONSIDERANDO: Que es un proyecto que lleva adelante el Hospital con el objetivo de establecer conexi\u00f3n entre el nosocomio y toda la poblaci\u00f3n del Departamento en la promoci\u00f3n y prevenci\u00f3n de la salud. Que este [&hellip;]<\/p>\n","protected":false},"author":1,"featured_media":4276,"comment_status":"closed","ping_status":"closed","sticky":false,"template":"","format":"standard","meta":{"_acf_changed":false,"footnotes":""},"categories":[66],"tags":[],"class_list":["post-5899","post","type-post","status-publish","format-standard","has-post-thumbnail","hentry","category-declaraciones"],"acf":[],"_links":{"self":[{"href":"https:\/\/coworkdigital.com.ar\/hcd\/wp-json\/wp\/v2\/posts\/5899","targetHints":{"allow":["GET"]}}],"collection":[{"href":"https:\/\/coworkdigital.com.ar\/hcd\/wp-json\/wp\/v2\/posts"}],"about":[{"href":"https:\/\/coworkdigital.com.ar\/hcd\/wp-json\/wp\/v2\/types\/post"}],"author":[{"embeddable":true,"href":"https:\/\/coworkdigital.com.ar\/hcd\/wp-json\/wp\/v2\/users\/1"}],"replies":[{"embeddable":true,"href":"https:\/\/coworkdigital.com.ar\/hcd\/wp-json\/wp\/v2\/comments?post=5899"}],"version-history":[{"count":0,"href":"https:\/\/coworkdigital.com.ar\/hcd\/wp-json\/wp\/v2\/posts\/5899\/revisions"}],"wp:featuredmedia":[{"embeddable":true,"href":"https:\/\/coworkdigital.com.ar\/hcd\/wp-json\/wp\/v2\/media\/4276"}],"wp:attachment":[{"href":"https:\/\/coworkdigital.com.ar\/hcd\/wp-json\/wp\/v2\/media?parent=5899"}],"wp:term":[{"taxonomy":"category","embeddable":true,"href":"https:\/\/coworkdigital.com.ar\/hcd\/wp-json\/wp\/v2\/categories?post=5899"},{"taxonomy":"post_tag","embeddable":true,"href":"https:\/\/coworkdigital.com.ar\/hcd\/wp-json\/wp\/v2\/tags?post=5899"}],"curies":[{"name":"wp","href":"https:\/\/api.w.org\/{rel}","templated":true}]}}