{"id":5905,"date":"2017-11-07T14:35:24","date_gmt":"2017-11-07T14:35:24","guid":{"rendered":"http:\/\/www.rivadaviamendoza.gob.ar\/hcd\/?p=5905"},"modified":"2017-11-07T14:35:24","modified_gmt":"2017-11-07T14:35:24","slug":"resolucion32-2017","status":"publish","type":"post","link":"https:\/\/coworkdigital.com.ar\/hcd\/resolucion32-2017\/","title":{"rendered":"Resoluci\u00f3n32-2017"},"content":{"rendered":"<p style=\"text-align: center;\"><strong><img fetchpriority=\"high\" decoding=\"async\" class=\"wp-image-1054 aligncenter\" src=\"http:\/\/rd.gov.ar\/wp4\/wp-content\/uploads\/2017\/02\/encabezado-300x60.jpg\" sizes=\"(max-width: 669px) 100vw, 669px\" srcset=\"http:\/\/www.rivadaviamendoza.gob.ar\/hcd\/wp-content\/uploads\/2017\/02\/encabezado-300x60.jpg 300w, http:\/\/www.rivadaviamendoza.gob.ar\/hcd\/wp-content\/uploads\/2017\/02\/encabezado-768x153.jpg 768w, http:\/\/www.rivadaviamendoza.gob.ar\/hcd\/wp-content\/uploads\/2017\/02\/encabezado-1024x203.jpg 1024w\" alt=\"\" width=\"669\" height=\"134\" \/><\/strong><\/p>\n<p style=\"text-align: center;\"><strong>RESOLUCION N\u00ba 32-17<\/strong><\/p>\n<p style=\"text-align: justify;\"><strong>VISTO:<\/strong><br \/>\nLa necesidad de ampliar la infraestructura escolar del departamento de Rivadavia de gesti\u00f3n estatal y promover el acceso universal a la educaci\u00f3n inicial; y<\/p>\n<p style=\"text-align: justify;\"><strong>CONSIDERANDO:<\/strong><br \/>\nQue el Jard\u00edn Maternal, como parte del Nivel Inicial, pertenece al sistema educativo formal y por lo tanto cumple funciones social y pedag\u00f3gica que caracterizan a toda instituci\u00f3n educativa.<br \/>\nQue educar a los ni\u00f1os peque\u00f1os implica una sabidur\u00eda y una responsabilidad que ubica a las instituciones y a los educadores como pilares del sistema educativo.<br \/>\nQue la educaci\u00f3n inicial traza las huellas del recorrido que la infancia transitar\u00e1 en su proceso educativo iniciando una modalidad de acercamiento al\u00a0 conocimiento que influir\u00e1 en sus posibilidades de aprender, de comunicarse, de expresarse.<br \/>\nQue la educaci\u00f3n de 0 a 3 a\u00f1os se ubica hist\u00f3ricamente sobre las bases de un dilema que es necesario superar para instalarla como una instituci\u00f3n educativa que incluye los cuidados b\u00e1sicos desde la intencionalidad\u00a0 pedag\u00f3gica\u00a0 y desarrolla\u00a0 propuestas\u00a0 de ense\u00f1anza adecuadas a los ni\u00f1os peque\u00f1os.<br \/>\nQue como espacio educativo, debemos, a su vez, establecer las peculiaridades que lo identifican y que caracterizan las especificidades de las acciones educativas ni\u00f1os m\u00e1s peque\u00f1os: la tarea con las familias, el desarrollo del lenguaje, el abordaje de los contenidos, el rol del\u00a0 educador,\u00a0 sus\u00a0 estrategias\u00a0 e\u00a0 intervenciones,\u00a0 los\u00a0 espacios,\u00a0 los\u00a0 tiempos,\u00a0 los materiales, la organizaci\u00f3n institucional, la planificaci\u00f3n, las propuestas de ense\u00f1anza.<br \/>\nQue el Jard\u00edn Maternal \u201cDuende Azul\u201d se encuentra ubicado a unos 5 km de la Ciudad de Rivadavia, en el distrito de Mundo Nuevo, en una casa alquilada para tal fin.<br \/>\nQue el distrito de Mundo Nuevo limita al norte con el departamento de Jun\u00edn por calle Belgrano, al sur con distrito Santa Mar\u00eda de Oro y Ciudad, al oeste con Ciudad y al este con Jun\u00edn.<br \/>\nQue la comunidad posee una poblaci\u00f3n de aproximadamente 900 personas que habitan viviendas dispersas en fincas y en un n\u00facleo poblacional de 60 viviendas; y cuenta con una Escuela Primaria N\u00b0 1-175 \u201cCatamarca\u201d en la que concurren cerca de 200 ni\u00f1os, un Centro de Salud, un Club, una Iglesia.<br \/>\nQue el Jard\u00edn Maternal Duende Azul comienza a funcionar en el a\u00f1o 1998, en una casa alquilada y actualmente brinda servicio educativo a 75 ni\u00f1os y ni\u00f1as, con un personal docente de 5 profesoras de nivel inicial y\u00a0 3 auxiliares de limpieza y cocina.<br \/>\nQue su cobertura por la localizaci\u00f3n geogr\u00e1fica es el distrito de Mundo Nuevo y zona norte del departamento de Rivadavia, con una demanda potencial de m\u00e1s de 200 ni\u00f1os en situaci\u00f3n de vulnerabilidad social.<br \/>\nQue a partir del diagn\u00f3stico realizado se recomienda ampliar la infraestructura escolar del departamento de Rivadavia de gesti\u00f3n estatal, con el fin de promover el acceso universal a la educaci\u00f3n inicial, considerando que esto se encuentra contemplado por la Ley de Educaci\u00f3n Nacional 26.206 que sostiene en el Cap\u00edtulo II Art. 18 que la\u00a0 educaci\u00f3n Inicial constituye una unidad pedag\u00f3gica y comprende a los\/as ni\u00f1os\/as desde los cuarenta y cinco (45) d\u00edas hasta los cinco (5) a\u00f1os de edad inclusive, siendo obligatorio el \u00faltimo a\u00f1o.<br \/>\nQue para la construcci\u00f3n de un nuevo edificio para el Jard\u00edn Maternal \u201cDuende Azul\u201d se prev\u00e9 un terreno adquirido mediante rifas, bingos y distintas actividades con la Cooperadora de Padres, ubicado a pocos metros de la actual casa que se alquila.<\/p>\n<p style=\"text-align: justify;\"><strong>POR ELLO:<\/strong><br \/>\nEl Honorable Concejo Deliberante de Rivadavia, Mendoza, y en uso de sus facultades:<\/p>\n<p style=\"text-align: center;\"><strong>RESUELVE<\/strong><\/p>\n<p style=\"text-align: justify;\"><strong>Art\u00edculo 1\u00ba:<\/strong> Solicitar al Departamento Ejecutivo que gestione ante organismos provinciales y nacionales la construcci\u00f3n de un edificio para que funcione el Jard\u00edn Maternal \u201cDuende Azul\u201d en el distrito Mundo Nuevo.<\/p>\n<p style=\"text-align: justify;\"><strong>Art\u00edculo 2\u00ba:<\/strong> El Departamento Ejecutivo, en caso de ser necesario, deber\u00e1 considerar en la elaboraci\u00f3n de futuros presupuestos Municipales, la disponibilidad\u00a0 de una partida presupuestaria especial como aporte\u00a0 para la construcci\u00f3n de la citada obra.<\/p>\n<p style=\"text-align: justify;\"><strong>Art\u00edculo 3\u00ba:<\/strong> Comun\u00edquese al Departamento Ejecutivo a sus efectos e ins\u00e9rtese en el Libro de Resoluciones de este Cuerpo.<\/p>\n<p style=\"text-align: justify;\">Dada en la Sala de Sesiones \u201cBandera Nacional Argentina\u201d, del Honorable Concejo Deliberante de Rivadavia, Mendoza, a los 7 d\u00edas del mes de noviembre de 2017.<\/p>\n<table>\n<tbody>\n<tr>\n<td style=\"text-align: center;\">Lic. BRUNO AMBROSINI<\/td>\n<td style=\"text-align: center;\">LUCIO GUTIERREZ<\/td>\n<\/tr>\n<tr>\n<td style=\"text-align: center;\">SECRETARIO H.C.D.<\/td>\n<td style=\"text-align: center;\">PRESIDENTE H.C.D.<\/td>\n<\/tr>\n<\/tbody>\n<\/table>\n<p style=\"text-align: right;\">Cpde. Expte. N\u00ba 2017-00136-9 H.C.D.<\/p>\n","protected":false},"excerpt":{"rendered":"<p>RESOLUCION N\u00ba 32-17 VISTO: La necesidad de ampliar la infraestructura escolar del departamento de Rivadavia de gesti\u00f3n estatal y promover el acceso universal a la educaci\u00f3n inicial; y CONSIDERANDO: Que el Jard\u00edn Maternal, como parte del Nivel Inicial, pertenece al sistema educativo formal y por lo tanto cumple funciones social y pedag\u00f3gica que caracterizan a [&hellip;]<\/p>\n","protected":false},"author":1,"featured_media":1020,"comment_status":"closed","ping_status":"closed","sticky":false,"template":"","format":"standard","meta":{"_acf_changed":false,"footnotes":""},"categories":[65],"tags":[],"class_list":["post-5905","post","type-post","status-publish","format-standard","has-post-thumbnail","hentry","category-resoluciones"],"acf":[],"_links":{"self":[{"href":"https:\/\/coworkdigital.com.ar\/hcd\/wp-json\/wp\/v2\/posts\/5905","targetHints":{"allow":["GET"]}}],"collection":[{"href":"https:\/\/coworkdigital.com.ar\/hcd\/wp-json\/wp\/v2\/posts"}],"about":[{"href":"https:\/\/coworkdigital.com.ar\/hcd\/wp-json\/wp\/v2\/types\/post"}],"author":[{"embeddable":true,"href":"https:\/\/coworkdigital.com.ar\/hcd\/wp-json\/wp\/v2\/users\/1"}],"replies":[{"embeddable":true,"href":"https:\/\/coworkdigital.com.ar\/hcd\/wp-json\/wp\/v2\/comments?post=5905"}],"version-history":[{"count":0,"href":"https:\/\/coworkdigital.com.ar\/hcd\/wp-json\/wp\/v2\/posts\/5905\/revisions"}],"wp:featuredmedia":[{"embeddable":true,"href":"https:\/\/coworkdigital.com.ar\/hcd\/wp-json\/wp\/v2\/media\/1020"}],"wp:attachment":[{"href":"https:\/\/coworkdigital.com.ar\/hcd\/wp-json\/wp\/v2\/media?parent=5905"}],"wp:term":[{"taxonomy":"category","embeddable":true,"href":"https:\/\/coworkdigital.com.ar\/hcd\/wp-json\/wp\/v2\/categories?post=5905"},{"taxonomy":"post_tag","embeddable":true,"href":"https:\/\/coworkdigital.com.ar\/hcd\/wp-json\/wp\/v2\/tags?post=5905"}],"curies":[{"name":"wp","href":"https:\/\/api.w.org\/{rel}","templated":true}]}}