{"id":5915,"date":"2017-11-21T15:32:57","date_gmt":"2017-11-21T15:32:57","guid":{"rendered":"http:\/\/www.rivadaviamendoza.gob.ar\/hcd\/?p=5915"},"modified":"2017-11-21T15:32:57","modified_gmt":"2017-11-21T15:32:57","slug":"resolucion37-2017","status":"publish","type":"post","link":"https:\/\/coworkdigital.com.ar\/hcd\/resolucion37-2017\/","title":{"rendered":"Resoluci\u00f3n37-2017"},"content":{"rendered":"<p style=\"text-align: center;\"><strong><img fetchpriority=\"high\" decoding=\"async\" class=\"wp-image-1054 aligncenter\" src=\"http:\/\/rd.gov.ar\/wp4\/wp-content\/uploads\/2017\/02\/encabezado-300x60.jpg\" sizes=\"(max-width: 669px) 100vw, 669px\" srcset=\"http:\/\/www.rivadaviamendoza.gob.ar\/hcd\/wp-content\/uploads\/2017\/02\/encabezado-300x60.jpg 300w, http:\/\/www.rivadaviamendoza.gob.ar\/hcd\/wp-content\/uploads\/2017\/02\/encabezado-768x153.jpg 768w, http:\/\/www.rivadaviamendoza.gob.ar\/hcd\/wp-content\/uploads\/2017\/02\/encabezado-1024x203.jpg 1024w\" alt=\"\" width=\"669\" height=\"134\" \/><\/strong><\/p>\n<p style=\"text-align: center;\"><strong>RESOLUCION N\u00ba 37-17<\/strong><\/p>\n<p style=\"text-align: justify;\"><strong>VISTO:<\/strong><br \/>\nEl Centenario de la Reforma Universitaria producida en C\u00f3rdoba el 15 de Junio de 1918, y<\/p>\n<p style=\"text-align: justify;\"><strong>CONSIDERANDO:<\/strong><br \/>\nQue se conoce por Reforma Universitaria al movimiento estudiantil que se inici\u00f3 en la Universidad Nacional de C\u00f3rdoba de Argentina en 1918, liderado por Deodoro Roca y otros dirigentes estudiantiles, y que se extendi\u00f3 luego a las dem\u00e1s universidades del Pa\u00eds y de Am\u00e9rica Latina.<br \/>\nQue la Reforma Universitaria dio origen a una amplia tendencia del activismo estudiantil, integrada por agrupaciones de diversas vertientes ideol\u00f3gicas, que se definen como reformistas.<br \/>\nQue entre sus principios se encuentran la autonom\u00eda universitaria, el cogobierno, la extensi\u00f3n universitaria, la periodicidad de las c\u00e1tedras y los concursos de oposici\u00f3n.<br \/>\nQue aunque en el umbral del siglo XX la influencia de la Universidad se extend\u00eda en m\u00faltiples \u00e1mbitos, fue a partir de 1918 cuando su car\u00e1cter rector adquiri\u00f3 una fuerza inusitada.<br \/>\nQue en consonancia con los acontecimientos que viv\u00edan el Pa\u00eds y el mundo, en junio de 1918 la juventud universitaria de C\u00f3rdoba inici\u00f3 un movimiento por la genuina democratizaci\u00f3n de la ense\u00f1anza, que cosech\u00f3 r\u00e1pidamente la adhesi\u00f3n de todo el continente.<br \/>\nQue en 1918 hac\u00eda ya dos a\u00f1os que hab\u00eda asumido en Argentina el primer gobierno democr\u00e1tico (sufragio universal masculino) liderado por el presidente Hip\u00f3lito Yrigoyen de la Uni\u00f3n C\u00edvica Radical, C\u00f3rdoba ten\u00eda una antigua universidad, fundada por los jesuitas en tiempos de la colonia espa\u00f1ola, en la que se manten\u00edan a\u00fan caracter\u00edsticas elitistas y clericales.<br \/>\nQue las reivindicaciones reformistas bregaban por la renovaci\u00f3n de las estructuras y objetivos de las universidades, la implementaci\u00f3n de nuevas metodolog\u00edas de estudio y ense\u00f1anza, el razonamiento cient\u00edfico frente al dogmatismo, la libre expresi\u00f3n del pensamiento, el compromiso con la realidad social y la participaci\u00f3n del claustro estudiantil en el gobierno universitario.<br \/>\nQue la importancia de este movimiento qued\u00f3 impreso en el Manifiesto Liminar redactado por el joven Deodoro Roca que, cargado de romanticismo, fue publicado el 21 de junio de 1918.<br \/>\nQue se transcriben aqu\u00ed algunos pasajes de este manifiesto para recalcar la importancia de este movimiento:<\/p>\n<p style=\"text-align: center;\"><span style=\"text-decoration: underline;\">La Juventud argentina de C\u00f3rdoba a los Hombres Libres de Sudam\u00e9rica.<\/span><br \/>\n<em>\u201cHombres de una Rep\u00fablica libre, acabamos de romper la \u00faltima cadena que, en pleno siglo XX, nos ataba a la antigua dominaci\u00f3n mon\u00e1rquica y mon\u00e1stica. Hemos resuelto llamar a todas las cosas por el nombre que tienen. C\u00f3rdoba se redime. Desde hoy contamos para el pa\u00eds una verg\u00fcenza menos y una libertad m\u00e1s. Los dolores que quedan son las libertades que faltan. Creemos no equivocarnos, las resonancias del coraz\u00f3n nos lo advierten: estamos pisando sobre una revoluci\u00f3n, estamos viviendo una hora americana.\u201d<\/em><br \/>\n<em>\u201cLa rebeld\u00eda estalla en C\u00f3rdoba y es violenta porque aqu\u00ed los tiranos se hab\u00edan ensoberbecido y era necesario borrar para siempre el recuerdo de los contrarrevolucionarios de Mayo. Las universidades han sido hasta aqu\u00ed el refugio secular de los mediocres, la renta de los ignorantes, la hospitalizaci\u00f3n segura de los inv\u00e1lidos y &#8211; lo que es peor a\u00fan- el lugar en donde todas las formas de tiranizar y de insensibilizar hallaron la c\u00e1tedra que las dictara.\u201d<\/em><br \/>\n<em>\u201cLa juventud vive siempre en trance de hero\u00edsmo. Es desinteresada, es pura. No ha tenido tiempo a\u00fan de contaminarse. No se equivoca nunca en la elecci\u00f3n de sus propios maestros. Ante los j\u00f3venes no se hace m\u00e9rito adulando o comprando. Hay que dejar que ellos mismos elijan sus maestros y directores, seguros de que el acierto ha de coronar sus determinaciones. En adelante, s\u00f3lo podr\u00e1n ser maestros en la futura rep\u00fablica universitaria los verdaderos constructores de almas, los creadores de verdad, de belleza y de bien.\u201d<\/em><br \/>\n<em>\u201cLa juventud ya no pide. Exige que se le reconozca el derecho a exteriorizar ese pensamiento propio en los cuerpos universitarios por medio de sus representantes. Est\u00e1 cansada de soportar a los tiranos. Si ha sido capaz de realizar una revoluci\u00f3n en las conciencias, no puede desconoc\u00e9rsele la capacidad de intervenir en el gobierno de su propia casa.\u201d<\/em><br \/>\n<em>\u201cLa juventud universitaria de C\u00f3rdoba, por intermedio de su federaci\u00f3n, saluda a los compa\u00f1eros de la Am\u00e9rica toda y les incita a colaborar en la obra de libertad que inicia.\u201d<\/em><\/p>\n<p style=\"text-align: justify;\"><strong>POR ELLO:<\/strong><br \/>\nEl Honorable Concejo Deliberante de Rivadavia, Mendoza, y en uso de sus facultades:<\/p>\n<p style=\"text-align: center;\"><strong>RESUELVE<\/strong><\/p>\n<p style=\"text-align: justify;\"><strong>Art\u00edculo 1\u00ba:<\/strong> Decl\u00e1rese el a\u00f1o 2018 como \u201cA\u00f1o del Centenario de la Reforma Universitaria\u201d.<\/p>\n<p style=\"text-align: justify;\"><strong>Art\u00edculo 2\u00ba:<\/strong> Decl\u00e1rese la firme defensa de la Educaci\u00f3n P\u00fablica, Gratuita y Laica, siguiendo el legado de los j\u00f3venes reformistas de 1918.<\/p>\n<p style=\"text-align: justify;\"><strong>Art\u00edculo 3\u00ba:<\/strong> Incl\u00fayase en el membrete de toda papeler\u00eda de este Honorable Cuerpo desde el 1\u00ba de enero de 2018 y hasta el 31 de diciembre del mismo a\u00f1o el siguiente texto:<\/p>\n<p style=\"text-align: center;\"><strong>\u201cLos dolores que nos quedan son las libertades que nos faltan\u201d 1918 \u2013 Educaci\u00f3n P\u00fablica, Gratuita y Laica SIEMPRE &#8211; 2018<\/strong><\/p>\n<p style=\"text-align: justify;\"><strong>Art\u00edculo 4\u00ba:<\/strong> Inv\u00edtese al Poder Ejecutivo Municipal a imitar la presente Resoluci\u00f3n.<\/p>\n<p style=\"text-align: justify;\"><strong>Art\u00edculo 5\u00ba:<\/strong> Rem\u00edtase copia de la presente Resoluci\u00f3n a ambas C\u00e1maras Legislativas y a los Honorables Concejos Deliberantes de la provincia de Mendoza.<\/p>\n<p style=\"text-align: justify;\"><strong>Art\u00edculo 6\u00ba:<\/strong> Comun\u00edquese al Departamento Ejecutivo a sus efectos e ins\u00e9rtese en el Libro de Resoluciones de este Cuerpo.<\/p>\n<p style=\"text-align: justify;\">Dada en la Sala de Sesiones \u201cBandera Nacional Argentina\u201d, del Honorable Concejo Deliberante de Rivadavia, Mendoza, a los 21 d\u00edas del mes de noviembre de 2017.<\/p>\n<table>\n<tbody>\n<tr>\n<td style=\"text-align: center;\">Lic. BRUNO AMBROSINI<\/td>\n<td style=\"text-align: center;\">LUCIO GUTIERREZ<\/td>\n<\/tr>\n<tr>\n<td style=\"text-align: center;\">SECRETARIO H.C.D.<\/td>\n<td style=\"text-align: center;\">PRESIDENTE H.C.D.<\/td>\n<\/tr>\n<\/tbody>\n<\/table>\n<p style=\"text-align: right;\">Cpde. Expte. N\u00ba 2017-00313-4 H.C.D.<\/p>\n","protected":false},"excerpt":{"rendered":"<p>RESOLUCION N\u00ba 37-17 VISTO: El Centenario de la Reforma Universitaria producida en C\u00f3rdoba el 15 de Junio de 1918, y CONSIDERANDO: Que se conoce por Reforma Universitaria al movimiento estudiantil que se inici\u00f3 en la Universidad Nacional de C\u00f3rdoba de Argentina en 1918, liderado por Deodoro Roca y otros dirigentes estudiantiles, y que se extendi\u00f3 [&hellip;]<\/p>\n","protected":false},"author":1,"featured_media":1020,"comment_status":"closed","ping_status":"closed","sticky":false,"template":"","format":"standard","meta":{"_acf_changed":false,"footnotes":""},"categories":[65],"tags":[],"class_list":["post-5915","post","type-post","status-publish","format-standard","has-post-thumbnail","hentry","category-resoluciones"],"acf":[],"_links":{"self":[{"href":"https:\/\/coworkdigital.com.ar\/hcd\/wp-json\/wp\/v2\/posts\/5915","targetHints":{"allow":["GET"]}}],"collection":[{"href":"https:\/\/coworkdigital.com.ar\/hcd\/wp-json\/wp\/v2\/posts"}],"about":[{"href":"https:\/\/coworkdigital.com.ar\/hcd\/wp-json\/wp\/v2\/types\/post"}],"author":[{"embeddable":true,"href":"https:\/\/coworkdigital.com.ar\/hcd\/wp-json\/wp\/v2\/users\/1"}],"replies":[{"embeddable":true,"href":"https:\/\/coworkdigital.com.ar\/hcd\/wp-json\/wp\/v2\/comments?post=5915"}],"version-history":[{"count":0,"href":"https:\/\/coworkdigital.com.ar\/hcd\/wp-json\/wp\/v2\/posts\/5915\/revisions"}],"wp:featuredmedia":[{"embeddable":true,"href":"https:\/\/coworkdigital.com.ar\/hcd\/wp-json\/wp\/v2\/media\/1020"}],"wp:attachment":[{"href":"https:\/\/coworkdigital.com.ar\/hcd\/wp-json\/wp\/v2\/media?parent=5915"}],"wp:term":[{"taxonomy":"category","embeddable":true,"href":"https:\/\/coworkdigital.com.ar\/hcd\/wp-json\/wp\/v2\/categories?post=5915"},{"taxonomy":"post_tag","embeddable":true,"href":"https:\/\/coworkdigital.com.ar\/hcd\/wp-json\/wp\/v2\/tags?post=5915"}],"curies":[{"name":"wp","href":"https:\/\/api.w.org\/{rel}","templated":true}]}}