{"id":5923,"date":"2017-08-01T13:29:04","date_gmt":"2017-08-01T13:29:04","guid":{"rendered":"http:\/\/www.rivadaviamendoza.gob.ar\/hcd\/?p=5923"},"modified":"2017-08-01T13:29:04","modified_gmt":"2017-08-01T13:29:04","slug":"declaracion18-2017","status":"publish","type":"post","link":"https:\/\/coworkdigital.com.ar\/hcd\/declaracion18-2017\/","title":{"rendered":"Declaraci\u00f3n18-2017"},"content":{"rendered":"<p style=\"text-align: center;\"><strong><img fetchpriority=\"high\" decoding=\"async\" class=\"wp-image-1054 aligncenter\" src=\"http:\/\/rd.gov.ar\/wp4\/wp-content\/uploads\/2017\/02\/encabezado-300x60.jpg\" sizes=\"(max-width: 669px) 100vw, 669px\" srcset=\"http:\/\/www.rivadaviamendoza.gob.ar\/hcd\/wp-content\/uploads\/2017\/02\/encabezado-300x60.jpg 300w, http:\/\/www.rivadaviamendoza.gob.ar\/hcd\/wp-content\/uploads\/2017\/02\/encabezado-768x153.jpg 768w, http:\/\/www.rivadaviamendoza.gob.ar\/hcd\/wp-content\/uploads\/2017\/02\/encabezado-1024x203.jpg 1024w\" alt=\"\" width=\"669\" height=\"134\" \/><\/strong><\/p>\n<p style=\"text-align: center;\"><strong>DECLARACION N\u00ba 18-17<\/strong><\/p>\n<p style=\"text-align: justify;\"><strong>VISTO:<\/strong><br \/>\nLa importancia que reviste el \u00e1rbol en la geograf\u00eda mendocina, y<\/p>\n<p style=\"text-align: justify;\"><strong>CONSIDERANDO:<\/strong><br \/>\nQue nuestra Provincia ha dado muestra de perseverante lucha contra su ambiente territorial desertico y hostil. Bien sabemos que la historia de Mendoza registra &#8211; desde sus arboles &#8211; c\u00f3mo sus primitivos habitantes encontraban la manera de contrarrestar la aridez del suelo que habitan y la adversidad climatica imperante. Desde aquellos tiempos, el suelo, el agua, y el arbol fueron la trilogia natural que movio al hombre hacia la conquista de su espacio vital. Seguramente, todos los intentos y experiencias efectuados fueron se\u00f1alando el cambio constructivo de los lugares que hoy constituyen nuestros <strong>\u201cOASIS MENDOCINOS\u201d<\/strong>. As\u00ed como Egipto es un don del r\u00edo Nilo, Mendoza es un don de sus r\u00edos: el hom\u00f3nimo, el Tunuy\u00e1n, el Diamamnte, el Atuel, el Grande, el Barrancas, el Desaguadero, el Salado y otros menores\u2026<br \/>\nLos primeros asentamientos humanos en nuestro territorio provincial no dejaron grandes experiencias en el campo de la forestaci\u00f3n, puesto que nuestra cubierta vegetal no muestra \u00e1rboles de gran porte, s\u00f3lo se observan arbustos de distintos tama\u00f1os. Sin embargo, con el desarrollo de las actividades agropecuarias comenzaron a aparecer en los paisajes ruraly urbano, galerias de \u00e1rboles, parques, paseos y calles arboladas; cortinas de forestales en fincas y campos de producci\u00f3n, etc. Ala flora aut\u00f3ctona se la sumaron variedades de \u00e1rboles ex\u00f3ticos: el carolino, el pl\u00e1tano, eleucaliptus, el fresno, el para\u00edso, la tipa, el sauce y otros.<br \/>\nNo obstante, y seg\u00fan los datos brindados por Facultad de Ciencias Agrarias de la UNCuyo, en los \u00faltimos a\u00f1os <strong>\u201cMedoza perdi\u00f3 el 30% de sus \u00e1rboles (casi medio mill\u00f3n de \u00e1rboles). Adem\u00e1s, llama la atenci\u00f3n que estos seres vivos que cuentan con derechos y leyes que protegen casi como a una persona, no est\u00e1n entre las prioridades de los m\u00e1s beneficiados por su noble prestaci\u00f3n: los mendocinos\u201d<\/strong>.<br \/>\nEl Gobernador Intendente de Cuyo, Don Jos\u00e9 de San Mart\u00edn fue un pionero del arbolado p\u00fablico en nuestra Provincia: en el a\u00f1o 1815 orden\u00f3 la forestaci\u00f3n de un extenso tramo de la calle San Mart\u00edn. A este bello paseo lo conocemos como <strong>\u201cLa Alameda\u201d<\/strong>, tambi\u00e9n el Libertador hizo constituir varios canales de riego para asegurar la actividad agropecuaria y el desarrollo socieoecon\u00f3mico de su pueblo. No obstante, esa preocupaci\u00f3n gubernamental no se vio limitada, sostenida y continuada a lo largo del tiempo..<br \/>\nEn v\u00edspera de un nuevo <strong>D\u00eda Provincial del \u00c1rbol<\/strong> el pr\u00f3ximo 15 de agosto, queremos poner de relieve su profunda significaci\u00f3n y adem\u00e1s, aportar una sencilla iniciativa en pro de su defensa y promoci\u00f3n de estos amigos que a nosotros nos sostienen la vida gracias al ox\u00edgeno que nos brindan. La misma est\u00e1 anclada en el lema <strong>\u201cPLANTEMOS VIDA\u201d<\/strong> y tiende a inculcar el respeto y el cuidado del \u00e1rbol por parte de los ni\u00f1os desde temprana edad.<br \/>\nLa actividad consiste en que los ni\u00f1os, adolescentes y j\u00f3venes de aquellas escuelas de Rivadavia, que cuenten con un espacio de tierra (jard\u00edn, cantero, parcela de cultivo, quinta o parquizado) implanten en esos lugares, un \u00e1rbol de la flora nativa, es decir, <strong>UN AGUARIBAY, UN CHA\u00d1AR O UN ALGARROBO<\/strong>, en la pr\u00f3xima Semana del \u00c1rbol. A tal fin, acordaremos con el INTA (Sede Rivadavia) la posibilidad de poder contar con la provisi\u00f3n suficiente de plantas de especies mendocinas para llevar adelante la propuesta descripta. As\u00ed mismo, se dejar\u00e1 en cada establecimiento educacional, material informativo sobre las especies arb\u00f3reas que se implanten en ellos.<\/p>\n<p style=\"text-align: justify;\"><strong>POR\u00a0 ELLO:<\/strong><br \/>\nEl Honorable Concejo Deliberante de Rivadavia, Mendoza, en uso de sus facultades:<\/p>\n<p style=\"text-align: center;\"><strong>DECLARA<\/strong><\/p>\n<p style=\"text-align: justify;\"><strong>Art\u00edculo 1\u00ba:<\/strong> El Honorable Concejo Deliberante de Rivadavia ver\u00eda con agrado que el Departamento Ejecutivo, a trav\u00e9s de sus \u00c1reas Prensa y Difusi\u00f3n; Parques y Paseos; Cultura y Educaci\u00f3n brinden el pertinente apoyo log\u00edstico para llevar adelante la pr\u00f3xima Semana del \u00c1rbol, la actividad descripta en esta pieza legal: \u201cPLANTEMOS VIDA\u201d.<\/p>\n<p style=\"text-align: justify;\"><strong>Art\u00edculo 2\u00ba:<\/strong> Comun\u00edquese al Departamento Ejecutivo a sus efectos e ins\u00e9rtese en el Libro de Declaraciones de este Cuerpo.<\/p>\n<p style=\"text-align: justify;\">Dada en la Sala de Sesiones, \u201cBandera Nacional Argentina\u201d, del Honorable Concejo Deliberante de Rivadavia, Mendoza, a los 01 d\u00edas del mes de agosto\u00a0 de 2017.<\/p>\n<table>\n<tbody>\n<tr>\n<td style=\"text-align: center;\">Lic. BRUNO AMBROSINI<\/td>\n<td style=\"text-align: center;\">LUCIO GUTIERREZ<\/td>\n<\/tr>\n<tr>\n<td style=\"text-align: center;\">SECRETARIO H.C.D.<\/td>\n<td style=\"text-align: center;\">PRESIDENTE H.C.D.<\/td>\n<\/tr>\n<\/tbody>\n<\/table>\n<p style=\"text-align: right;\">Cpde. Expte. N\u00ba 2017-00163-3 H.C.D.<\/p>\n","protected":false},"excerpt":{"rendered":"<p>DECLARACION N\u00ba 18-17 VISTO: La importancia que reviste el \u00e1rbol en la geograf\u00eda mendocina, y CONSIDERANDO: Que nuestra Provincia ha dado muestra de perseverante lucha contra su ambiente territorial desertico y hostil. Bien sabemos que la historia de Mendoza registra &#8211; desde sus arboles &#8211; c\u00f3mo sus primitivos habitantes encontraban la manera de contrarrestar la [&hellip;]<\/p>\n","protected":false},"author":1,"featured_media":4276,"comment_status":"closed","ping_status":"closed","sticky":false,"template":"","format":"standard","meta":{"_acf_changed":false,"footnotes":""},"categories":[66],"tags":[],"class_list":["post-5923","post","type-post","status-publish","format-standard","has-post-thumbnail","hentry","category-declaraciones"],"acf":[],"_links":{"self":[{"href":"https:\/\/coworkdigital.com.ar\/hcd\/wp-json\/wp\/v2\/posts\/5923","targetHints":{"allow":["GET"]}}],"collection":[{"href":"https:\/\/coworkdigital.com.ar\/hcd\/wp-json\/wp\/v2\/posts"}],"about":[{"href":"https:\/\/coworkdigital.com.ar\/hcd\/wp-json\/wp\/v2\/types\/post"}],"author":[{"embeddable":true,"href":"https:\/\/coworkdigital.com.ar\/hcd\/wp-json\/wp\/v2\/users\/1"}],"replies":[{"embeddable":true,"href":"https:\/\/coworkdigital.com.ar\/hcd\/wp-json\/wp\/v2\/comments?post=5923"}],"version-history":[{"count":0,"href":"https:\/\/coworkdigital.com.ar\/hcd\/wp-json\/wp\/v2\/posts\/5923\/revisions"}],"wp:featuredmedia":[{"embeddable":true,"href":"https:\/\/coworkdigital.com.ar\/hcd\/wp-json\/wp\/v2\/media\/4276"}],"wp:attachment":[{"href":"https:\/\/coworkdigital.com.ar\/hcd\/wp-json\/wp\/v2\/media?parent=5923"}],"wp:term":[{"taxonomy":"category","embeddable":true,"href":"https:\/\/coworkdigital.com.ar\/hcd\/wp-json\/wp\/v2\/categories?post=5923"},{"taxonomy":"post_tag","embeddable":true,"href":"https:\/\/coworkdigital.com.ar\/hcd\/wp-json\/wp\/v2\/tags?post=5923"}],"curies":[{"name":"wp","href":"https:\/\/api.w.org\/{rel}","templated":true}]}}