{"id":5925,"date":"2017-08-08T13:40:04","date_gmt":"2017-08-08T13:40:04","guid":{"rendered":"http:\/\/www.rivadaviamendoza.gob.ar\/hcd\/?p=5925"},"modified":"2017-08-08T13:40:04","modified_gmt":"2017-08-08T13:40:04","slug":"declaracion19-2017","status":"publish","type":"post","link":"https:\/\/coworkdigital.com.ar\/hcd\/declaracion19-2017\/","title":{"rendered":"Declaraci\u00f3n19-2017"},"content":{"rendered":"<p style=\"text-align: center;\"><strong><img fetchpriority=\"high\" decoding=\"async\" class=\"wp-image-1054 aligncenter\" src=\"http:\/\/rd.gov.ar\/wp4\/wp-content\/uploads\/2017\/02\/encabezado-300x60.jpg\" sizes=\"(max-width: 669px) 100vw, 669px\" srcset=\"http:\/\/www.rivadaviamendoza.gob.ar\/hcd\/wp-content\/uploads\/2017\/02\/encabezado-300x60.jpg 300w, http:\/\/www.rivadaviamendoza.gob.ar\/hcd\/wp-content\/uploads\/2017\/02\/encabezado-768x153.jpg 768w, http:\/\/www.rivadaviamendoza.gob.ar\/hcd\/wp-content\/uploads\/2017\/02\/encabezado-1024x203.jpg 1024w\" alt=\"\" width=\"669\" height=\"134\" \/><\/strong><\/p>\n<p style=\"text-align: center;\"><strong>DECLARACION N\u00ba 19-17<\/strong><\/p>\n<p style=\"text-align: justify;\"><strong>VISTO:<\/strong><br \/>\nEl imponente ejemplar de Pl\u00e1tano ubicado en calle Cano, de la Ciudad de Rivadavia y;<\/p>\n<p style=\"text-align: justify;\"><strong>CONSIDERANDO:<\/strong><br \/>\nQue los pl\u00e1tanos, tal como los conocemos en Mendoza, tienen su origen en Europa (Platanus orientalis) y en Estados Unidos (Platanus occidentalis). En Europa hay ejemplares centenarios que dan fe de su potencial longevidad pues han sido plantados hace m\u00e1s de 300 a\u00f1os. Su porte, su r\u00e1pido crecimiento y su gran adaptaci\u00f3n a nuestro clima, han hecho que este \u00e1rbol se encuentre en plazas, parques, calles y avenidas mostrando todo su esplendor. En Mendoza no presenta problemas de plagas, pero tiene algunos aspectos que deben ser tenidos en cuenta para asegurar su supervivencia en \u00f3ptimas condiciones y mostrando todo su esplendor. Nos referimos a su requerimiento h\u00eddrico y al cuidado y mantenimiento que necesitan. Pl\u00e1tano hisp\u00e1nico, el pl\u00e1tano de sombra, es un \u00e1rbol de imponente porte que alcanza los 35 m de alto, perteneciente a la familia de las platan\u00e1ceas. Es com\u00fan en los parques y jardines de todas las ciudades de las zonas templadas del mundo.<br \/>\nQue, es un \u00e1rbol\u00a0 de ramas abiertas y amplia copa. Su corteza, de color ceniciento o verdoso, casta\u00f1o en los troncos viejos, se desprende en placas escamosas que dejan al descubierto manchas irregulares amarillentas o blanquecinas de la corteza interna. Los frutos permanecen en el \u00e1rbol desde su maduraci\u00f3n hasta la primavera siguiente. La semilla recogida en invierno y sembrada inmediatamente germina aceptablemente sin necesidad de tratamientos previos.<br \/>\nQue, este \u00e1rbol es muy resistente y longevo que prefiere suelos ligeros y frescos. Soporta en general la poluci\u00f3n de las ciudades. Aunque es uno de los \u00e1rboles de parques y paseos m\u00e1s utilizados por la agradable sombra que proporciona. Por su gran desarrollo hay que emplazarlo en lugares espaciosos, para evitar el posible da\u00f1o de sus ra\u00edces.<br \/>\nQue teniendo en cuenta la Ordenanza N\u00b02.505 existente del a\u00f1o 1987, en la cual se Declara de Patrimonio Departamental un Pl\u00e1tano ubicado en la Calle San Isidro N\u00b0105 de la Ciudad de Rivadavia.<br \/>\nQue tuvimos el placer de conocer a Ernesto Gregorio Cano, la persona que desde muy peque\u00f1o cuida este ejemplar, desde los 10 a\u00f1os hoy el vecino tiene 73, su descripci\u00f3n acerca del Pl\u00e1tano es\u2026 <em>\u201cque nos aporta una sombra divina, un lugar impagable\u201d<\/em>, lo planto su T\u00edo hace casi 100 a\u00f1os. El Pl\u00e1tano est\u00e1 ubicado en el callej\u00f3n Cano, del Distrito Ciudad. Dicho vecino lo ha protegido en varias ocasiones, para que no <em>\u201cpisen sus ra\u00edces con camiones, que no lo corten cuando hicieron\u00a0 la hijuela\u201d<\/em>\u2026<br \/>\nQue, este ejemplar tiene un di\u00e1metro de 7,20 metros en sus ra\u00edces, y una longitud de 35 metros aproximadamente, brindando as\u00ed una vista y sombra imponente. Adjuntamos fotograf\u00edas del mismo para su conocimiento.<\/p>\n<p style=\"text-align: justify;\"><strong>POR ELLO:<\/strong><br \/>\nEl Honorable Concejo Deliberante de Rivadavia, Mendoza, en uso de sus facultades:<\/p>\n<p style=\"text-align: center;\"><strong>DECLARA<\/strong><\/p>\n<p style=\"text-align: justify;\"><strong>Art\u00edculo 1\u00ba:<\/strong> Declarar de Patrimonio Departamental el \u00c1rbol de Pl\u00e1tano, ubicado en la calle Cano s\/n del distrito Ciudad del Departamento de Rivadavia.<\/p>\n<p style=\"text-align: justify;\"><strong>Art\u00edculo 2\u00ba:<\/strong> Solicitar al Departamento Ejecutivo Municipal, la construcci\u00f3n de un cantero que rodee a \u00e9ste y la colocaci\u00f3n de una placa conmemorativa indicando: nombre cient\u00edfico, nombre vulgar, origen, fecha aproximada en que fue plantado.<\/p>\n<p style=\"text-align: justify;\"><strong>Art\u00edculo 3\u00ba:<\/strong> Solicitar\u00a0 al Departamento Ejecutivo Municipal, a incluir este acto en la programaci\u00f3n que realizar\u00e1 el Municipio para recordar el D\u00eda del \u00c1rbol este pr\u00f3ximo 15 de agosto del corriente a\u00f1o.<\/p>\n<p style=\"text-align: justify;\"><strong>Art\u00edculo 4\u00ba:<\/strong> Comun\u00edquese al Departamento Ejecutivo a sus efectos e ins\u00e9rtese en el Libro de Declaraciones de este Cuerpo.<\/p>\n<p style=\"text-align: justify;\">Dada en la Sala de Sesiones, \u201cBandera Nacional Argentina\u201d, del Honorable Concejo Deliberante de Rivadavia, Mendoza, a los 08 d\u00edas del mes de agosto\u00a0 de 2017.<\/p>\n<table>\n<tbody>\n<tr>\n<td style=\"text-align: center;\">Lic. BRUNO AMBROSINI<\/td>\n<td style=\"text-align: center;\">LUCIO GUTIERREZ<\/td>\n<\/tr>\n<tr>\n<td style=\"text-align: center;\">SECRETARIO H.C.D.<\/td>\n<td style=\"text-align: center;\">PRESIDENTE H.C.D.<\/td>\n<\/tr>\n<\/tbody>\n<\/table>\n<p style=\"text-align: right;\">Cpde. Expte. N\u00ba 2017-00194-8 H.C.D.<\/p>\n","protected":false},"excerpt":{"rendered":"<p>DECLARACION N\u00ba 19-17 VISTO: El imponente ejemplar de Pl\u00e1tano ubicado en calle Cano, de la Ciudad de Rivadavia y; CONSIDERANDO: Que los pl\u00e1tanos, tal como los conocemos en Mendoza, tienen su origen en Europa (Platanus orientalis) y en Estados Unidos (Platanus occidentalis). En Europa hay ejemplares centenarios que dan fe de su potencial longevidad pues [&hellip;]<\/p>\n","protected":false},"author":1,"featured_media":4276,"comment_status":"closed","ping_status":"closed","sticky":false,"template":"","format":"standard","meta":{"_acf_changed":false,"footnotes":""},"categories":[66],"tags":[],"class_list":["post-5925","post","type-post","status-publish","format-standard","has-post-thumbnail","hentry","category-declaraciones"],"acf":[],"_links":{"self":[{"href":"https:\/\/coworkdigital.com.ar\/hcd\/wp-json\/wp\/v2\/posts\/5925","targetHints":{"allow":["GET"]}}],"collection":[{"href":"https:\/\/coworkdigital.com.ar\/hcd\/wp-json\/wp\/v2\/posts"}],"about":[{"href":"https:\/\/coworkdigital.com.ar\/hcd\/wp-json\/wp\/v2\/types\/post"}],"author":[{"embeddable":true,"href":"https:\/\/coworkdigital.com.ar\/hcd\/wp-json\/wp\/v2\/users\/1"}],"replies":[{"embeddable":true,"href":"https:\/\/coworkdigital.com.ar\/hcd\/wp-json\/wp\/v2\/comments?post=5925"}],"version-history":[{"count":0,"href":"https:\/\/coworkdigital.com.ar\/hcd\/wp-json\/wp\/v2\/posts\/5925\/revisions"}],"wp:featuredmedia":[{"embeddable":true,"href":"https:\/\/coworkdigital.com.ar\/hcd\/wp-json\/wp\/v2\/media\/4276"}],"wp:attachment":[{"href":"https:\/\/coworkdigital.com.ar\/hcd\/wp-json\/wp\/v2\/media?parent=5925"}],"wp:term":[{"taxonomy":"category","embeddable":true,"href":"https:\/\/coworkdigital.com.ar\/hcd\/wp-json\/wp\/v2\/categories?post=5925"},{"taxonomy":"post_tag","embeddable":true,"href":"https:\/\/coworkdigital.com.ar\/hcd\/wp-json\/wp\/v2\/tags?post=5925"}],"curies":[{"name":"wp","href":"https:\/\/api.w.org\/{rel}","templated":true}]}}