{"id":5927,"date":"2017-08-22T13:49:56","date_gmt":"2017-08-22T13:49:56","guid":{"rendered":"http:\/\/www.rivadaviamendoza.gob.ar\/hcd\/?p=5927"},"modified":"2017-08-22T13:49:56","modified_gmt":"2017-08-22T13:49:56","slug":"declaracion20-2017","status":"publish","type":"post","link":"https:\/\/coworkdigital.com.ar\/hcd\/declaracion20-2017\/","title":{"rendered":"Declaraci\u00f3n20-2017"},"content":{"rendered":"<p style=\"text-align: center;\"><strong><img fetchpriority=\"high\" decoding=\"async\" class=\"wp-image-1054 aligncenter\" src=\"http:\/\/rd.gov.ar\/wp4\/wp-content\/uploads\/2017\/02\/encabezado-300x60.jpg\" sizes=\"(max-width: 669px) 100vw, 669px\" srcset=\"http:\/\/www.rivadaviamendoza.gob.ar\/hcd\/wp-content\/uploads\/2017\/02\/encabezado-300x60.jpg 300w, http:\/\/www.rivadaviamendoza.gob.ar\/hcd\/wp-content\/uploads\/2017\/02\/encabezado-768x153.jpg 768w, http:\/\/www.rivadaviamendoza.gob.ar\/hcd\/wp-content\/uploads\/2017\/02\/encabezado-1024x203.jpg 1024w\" alt=\"\" width=\"669\" height=\"134\" \/><\/strong><\/p>\n<p style=\"text-align: center;\"><strong>DECLARACION N\u00ba 20-17<\/strong><\/p>\n<p style=\"text-align: justify;\"><strong>VISTO:<\/strong><br \/>\nQue el pr\u00f3ximo 29 de agosto se llevar\u00e1 a cabo en nuestra Ciudad, la Feria Departamental de Educaci\u00f3n, Arte, Ciencia, Tecnolog\u00eda y Deporte en la Escuela, impulsada por la Coordinaci\u00f3n de Ferias de Ciencias de la Direcci\u00f3n General de Escuelas de la provincia de Mendoza, y<\/p>\n<p style=\"text-align: justify;\"><strong>CONSIDERANDO:<\/strong><br \/>\nQue dicha actividad consiste en una exposici\u00f3n p\u00fablica de proyectos referidos a educaci\u00f3n, arte, ciencia, tecnolog\u00eda y deporte, realizado por ni\u00f1os, j\u00f3venes y adultos de todos los niveles y modalidades del sistema educacional provincial y nacional. Adem\u00e1s, tiene el valioso objetivo de promover en los alumnos inter\u00e9s por dichas disciplinas y sus posibles aplicaciones en el diario quehacer, como as\u00ed tambi\u00e9n despertar en ellos la conciencia y la vocaci\u00f3n por la investigaci\u00f3n y el esp\u00edritu creador, de modo tal que ambos le permitan desarrollar la capacidad de tomar decisiones propias y basadas en evidencias.<br \/>\nA nadie escapa que en este tipo de emprendimientos culturales se ven involucrados no solo los alumnos, principales protagonistas, sino los docentes, directivos, supervisores desde la etapa intraescuela pasando por la departamental, la provincial y en \u00faltima instancia la nacional.<br \/>\nCabe destacar, que esta instancia conlleva una excelente oportunidad para que los rivadavienses podamos conocer y apreciar la variedad y calidad de los trabajos elaborados en la mayor\u00eda de los establecimientos educacionales. Este relevante hecho cultural amerita nuestro reconocimiento institucional, al igual que lo merecer\u00e1n los integrantes de los proyectos ganadores el pr\u00f3ximo 29 de agosto. A tal efecto, queda prevista, tambi\u00e9n, la invitaci\u00f3n en tiempo y forma a quienes resulten premiados ese d\u00eda.<\/p>\n<p style=\"text-align: justify;\"><strong>POR ELLO:<\/strong><br \/>\nEl Honorable Concejo Deliberante de Rivadavia, Mendoza, en uso de sus facultades:<\/p>\n<p style=\"text-align: center;\"><strong>DECLARA<\/strong><\/p>\n<p style=\"text-align: justify;\"><strong>Art\u00edculo 1\u00ba:<\/strong> El Honorable Concejo Deliberante de Rivadavia, declara de inter\u00e9s departamental la organizaci\u00f3n y exposici\u00f3n de la Feria Departamental de Educaci\u00f3n, Arte, Ciencia, Tecnolog\u00eda y Deporte en la Escuela, impulsada por la Coordinaci\u00f3n de Ferias de Ciencias de la Direcci\u00f3n General de Escuelas de la provincia de Mendoza, y que se llevar\u00e1 a cabo en esta Ciudad el pr\u00f3ximo 29 de agosto.<\/p>\n<p style=\"text-align: justify;\"><strong>Art\u00edculo 2\u00ba:<\/strong> Solicitar al \u00c1rea de Prensa de la Municipalidad de Rivadavia que d\u00e9 amplia difusi\u00f3n al citado acontecimiento.<\/p>\n<p style=\"text-align: justify;\"><strong>Art\u00edculo 3\u00ba:<\/strong> Remitir copia de la presente pieza legal a la Coordinadora Provincial de la Feria de Ciencias, profesora Natalia Castro y a los respectivos Directivos de los establecimientos educacionales que participen de dicha Feria.<\/p>\n<p style=\"text-align: justify;\"><strong>Art\u00edculo 4\u00ba: <\/strong>Comun\u00edquese al Departamento Ejecutivo a sus efectos e ins\u00e9rtese en el Libro de Declaraciones de este Cuerpo.<\/p>\n<p style=\"text-align: justify;\">Dada en la Sala de Sesiones, \u201cBandera Nacional Argentina\u201d, del Honorable Concejo Deliberante de Rivadavia, Mendoza, a los 22 d\u00edas del mes de agosto\u00a0 de 2017.<\/p>\n<table>\n<tbody>\n<tr>\n<td style=\"text-align: center;\">Lic. BRUNO AMBROSINI<\/td>\n<td style=\"text-align: center;\">FABIAN MONTES<\/td>\n<\/tr>\n<tr>\n<td style=\"text-align: center;\">SECRETARIO H.C.D.<\/td>\n<td style=\"text-align: center;\">VICEPRESIDENTE 1\u00ba H.C.D.<\/td>\n<\/tr>\n<\/tbody>\n<\/table>\n<p style=\"text-align: right;\">Cpde. Expte. N\u00ba 2017-00200-3 H.C.D.<\/p>\n","protected":false},"excerpt":{"rendered":"<p>DECLARACION N\u00ba 20-17 VISTO: Que el pr\u00f3ximo 29 de agosto se llevar\u00e1 a cabo en nuestra Ciudad, la Feria Departamental de Educaci\u00f3n, Arte, Ciencia, Tecnolog\u00eda y Deporte en la Escuela, impulsada por la Coordinaci\u00f3n de Ferias de Ciencias de la Direcci\u00f3n General de Escuelas de la provincia de Mendoza, y CONSIDERANDO: Que dicha actividad consiste [&hellip;]<\/p>\n","protected":false},"author":1,"featured_media":4276,"comment_status":"closed","ping_status":"closed","sticky":false,"template":"","format":"standard","meta":{"_acf_changed":false,"footnotes":""},"categories":[66],"tags":[],"class_list":["post-5927","post","type-post","status-publish","format-standard","has-post-thumbnail","hentry","category-declaraciones"],"acf":[],"_links":{"self":[{"href":"https:\/\/coworkdigital.com.ar\/hcd\/wp-json\/wp\/v2\/posts\/5927","targetHints":{"allow":["GET"]}}],"collection":[{"href":"https:\/\/coworkdigital.com.ar\/hcd\/wp-json\/wp\/v2\/posts"}],"about":[{"href":"https:\/\/coworkdigital.com.ar\/hcd\/wp-json\/wp\/v2\/types\/post"}],"author":[{"embeddable":true,"href":"https:\/\/coworkdigital.com.ar\/hcd\/wp-json\/wp\/v2\/users\/1"}],"replies":[{"embeddable":true,"href":"https:\/\/coworkdigital.com.ar\/hcd\/wp-json\/wp\/v2\/comments?post=5927"}],"version-history":[{"count":0,"href":"https:\/\/coworkdigital.com.ar\/hcd\/wp-json\/wp\/v2\/posts\/5927\/revisions"}],"wp:featuredmedia":[{"embeddable":true,"href":"https:\/\/coworkdigital.com.ar\/hcd\/wp-json\/wp\/v2\/media\/4276"}],"wp:attachment":[{"href":"https:\/\/coworkdigital.com.ar\/hcd\/wp-json\/wp\/v2\/media?parent=5927"}],"wp:term":[{"taxonomy":"category","embeddable":true,"href":"https:\/\/coworkdigital.com.ar\/hcd\/wp-json\/wp\/v2\/categories?post=5927"},{"taxonomy":"post_tag","embeddable":true,"href":"https:\/\/coworkdigital.com.ar\/hcd\/wp-json\/wp\/v2\/tags?post=5927"}],"curies":[{"name":"wp","href":"https:\/\/api.w.org\/{rel}","templated":true}]}}