{"id":5929,"date":"2017-09-05T14:19:35","date_gmt":"2017-09-05T14:19:35","guid":{"rendered":"http:\/\/www.rivadaviamendoza.gob.ar\/hcd\/?p=5929"},"modified":"2017-09-05T14:19:35","modified_gmt":"2017-09-05T14:19:35","slug":"declaracion21-2017","status":"publish","type":"post","link":"https:\/\/coworkdigital.com.ar\/hcd\/declaracion21-2017\/","title":{"rendered":"Declaraci\u00f3n21-2017"},"content":{"rendered":"<p style=\"text-align: center;\"><strong><img fetchpriority=\"high\" decoding=\"async\" class=\"wp-image-1054 aligncenter\" src=\"http:\/\/rd.gov.ar\/wp4\/wp-content\/uploads\/2017\/02\/encabezado-300x60.jpg\" sizes=\"(max-width: 669px) 100vw, 669px\" srcset=\"http:\/\/www.rivadaviamendoza.gob.ar\/hcd\/wp-content\/uploads\/2017\/02\/encabezado-300x60.jpg 300w, http:\/\/www.rivadaviamendoza.gob.ar\/hcd\/wp-content\/uploads\/2017\/02\/encabezado-768x153.jpg 768w, http:\/\/www.rivadaviamendoza.gob.ar\/hcd\/wp-content\/uploads\/2017\/02\/encabezado-1024x203.jpg 1024w\" alt=\"\" width=\"669\" height=\"134\" \/><\/strong><\/p>\n<p style=\"text-align: center;\"><strong>DECLARACION N\u00ba 21-17<\/strong><\/p>\n<p style=\"text-align: justify;\"><strong>VISTO:<\/strong><br \/>\nLa desaparici\u00f3n de Johana Chac\u00f3n el d\u00eda 04 de Setiembre de 2012 y su quinto aniversario; y<\/p>\n<p style=\"text-align: justify;\"><strong>CONSIDERANDO:<\/strong><br \/>\nQue el 4 de septiembre de 2012 se perdi\u00f3 el rastro de Johana Chac\u00f3n cuando descendi\u00f3 del transporte escolar que el gobierno dispon\u00eda para los alumnos de Tres de Mayo en el departamento de Lavalle, y all\u00ed fue vista por \u00faltima vez.<br \/>\nQue el caso de la ni\u00f1a de 13 a\u00f1os desaparecida se ha transformado en uno de los m\u00e1s emblem\u00e1ticos para la sociedad mendocina y justamente el viernes la jueza Alejandra Mauricio elev\u00f3 a juicio la causa en contra de Mariano Luque, \u00fanico acusado por asesinar y desaparecer a la peque\u00f1a.<br \/>\nQue cuando Johana volv\u00eda de la escuela se trasladaba hasta la finca donde tambi\u00e9n viv\u00eda Luque, a ra\u00edz de que su hermana manten\u00eda una relaci\u00f3n sentimental con \u00e9l; y la hermana de Johana, Beatriz Chac\u00f3n, afirm\u00f3 haber presenciado el asesinato de la joven en manos de Luque, sin embargo las pericias psiqui\u00e1tricas que le realizaron en su momento determinaron que estaba fabulando y que su relato era contradictorio.<br \/>\nQue hace dos meses, Luque fue condenado a 12 a\u00f1os de prisi\u00f3n por el crimen de Soledad Olivera, a pesar de que, al igual que con Johana Chac\u00f3n, el cuerpo nunca apareci\u00f3; es la sentencia m\u00ednima en un caso por homicidio simple, misma calificaci\u00f3n que enfrentar\u00e1 cuando el caso Chac\u00f3n finalmente se eleve a juicio.<\/p>\n<p style=\"text-align: justify;\"><strong>POR ELLO:<\/strong><br \/>\nEl Honorable Concejo Deliberante de Rivadavia, Mendoza, en uso de sus facultades:<\/p>\n<p style=\"text-align: center;\"><strong>DECLARA<\/strong><\/p>\n<p style=\"text-align: justify;\"><strong>Art\u00edculo 1\u00ba:<\/strong> Decl\u00e1rese de inter\u00e9s sociocultural de Rivadavia el pedido de aparici\u00f3n con vida de Johana Chac\u00f3n al cumplirse el 5\u00ba aniversario de su desaparici\u00f3n.<\/p>\n<p style=\"text-align: justify;\"><strong>Art\u00edculo 2\u00ba:<\/strong> Comun\u00edquese al Departamento Ejecutivo a sus efectos e ins\u00e9rtese en el Libro de Declaraciones de este Cuerpo.<\/p>\n<p style=\"text-align: justify;\">Dada en la Sala de Sesiones, \u201cBandera Nacional Argentina\u201d, del Honorable Concejo Deliberante de Rivadavia, Mendoza, a los 05 d\u00edas del mes de setiembre\u00a0 de 2017.<\/p>\n<table>\n<tbody>\n<tr>\n<td style=\"text-align: center;\">Lic. BRUNO AMBROSINI<\/td>\n<td style=\"text-align: center;\">LUCIO GUTIERREZ<\/td>\n<\/tr>\n<tr>\n<td style=\"text-align: center;\">SECRETARIO H.C.D.<\/td>\n<td style=\"text-align: center;\">PRESIDENTE H.C.D.<\/td>\n<\/tr>\n<\/tbody>\n<\/table>\n<p style=\"text-align: right;\">Cpde. Expte. N\u00ba 2017-00233-4 H.C.D.<\/p>\n","protected":false},"excerpt":{"rendered":"<p>DECLARACION N\u00ba 21-17 VISTO: La desaparici\u00f3n de Johana Chac\u00f3n el d\u00eda 04 de Setiembre de 2012 y su quinto aniversario; y CONSIDERANDO: Que el 4 de septiembre de 2012 se perdi\u00f3 el rastro de Johana Chac\u00f3n cuando descendi\u00f3 del transporte escolar que el gobierno dispon\u00eda para los alumnos de Tres de Mayo en el departamento [&hellip;]<\/p>\n","protected":false},"author":1,"featured_media":4276,"comment_status":"closed","ping_status":"closed","sticky":false,"template":"","format":"standard","meta":{"_acf_changed":false,"footnotes":""},"categories":[66],"tags":[],"class_list":["post-5929","post","type-post","status-publish","format-standard","has-post-thumbnail","hentry","category-declaraciones"],"acf":[],"_links":{"self":[{"href":"https:\/\/coworkdigital.com.ar\/hcd\/wp-json\/wp\/v2\/posts\/5929","targetHints":{"allow":["GET"]}}],"collection":[{"href":"https:\/\/coworkdigital.com.ar\/hcd\/wp-json\/wp\/v2\/posts"}],"about":[{"href":"https:\/\/coworkdigital.com.ar\/hcd\/wp-json\/wp\/v2\/types\/post"}],"author":[{"embeddable":true,"href":"https:\/\/coworkdigital.com.ar\/hcd\/wp-json\/wp\/v2\/users\/1"}],"replies":[{"embeddable":true,"href":"https:\/\/coworkdigital.com.ar\/hcd\/wp-json\/wp\/v2\/comments?post=5929"}],"version-history":[{"count":0,"href":"https:\/\/coworkdigital.com.ar\/hcd\/wp-json\/wp\/v2\/posts\/5929\/revisions"}],"wp:featuredmedia":[{"embeddable":true,"href":"https:\/\/coworkdigital.com.ar\/hcd\/wp-json\/wp\/v2\/media\/4276"}],"wp:attachment":[{"href":"https:\/\/coworkdigital.com.ar\/hcd\/wp-json\/wp\/v2\/media?parent=5929"}],"wp:term":[{"taxonomy":"category","embeddable":true,"href":"https:\/\/coworkdigital.com.ar\/hcd\/wp-json\/wp\/v2\/categories?post=5929"},{"taxonomy":"post_tag","embeddable":true,"href":"https:\/\/coworkdigital.com.ar\/hcd\/wp-json\/wp\/v2\/tags?post=5929"}],"curies":[{"name":"wp","href":"https:\/\/api.w.org\/{rel}","templated":true}]}}