{"id":5933,"date":"2017-09-26T14:33:02","date_gmt":"2017-09-26T14:33:02","guid":{"rendered":"http:\/\/www.rivadaviamendoza.gob.ar\/hcd\/?p=5933"},"modified":"2017-09-26T14:33:02","modified_gmt":"2017-09-26T14:33:02","slug":"declaracion23-2017","status":"publish","type":"post","link":"https:\/\/coworkdigital.com.ar\/hcd\/declaracion23-2017\/","title":{"rendered":"Declaraci\u00f3n23-2017"},"content":{"rendered":"<p style=\"text-align: center;\"><strong><img fetchpriority=\"high\" decoding=\"async\" class=\"wp-image-1054 aligncenter\" src=\"http:\/\/rd.gov.ar\/wp4\/wp-content\/uploads\/2017\/02\/encabezado-300x60.jpg\" sizes=\"(max-width: 669px) 100vw, 669px\" srcset=\"http:\/\/www.rivadaviamendoza.gob.ar\/hcd\/wp-content\/uploads\/2017\/02\/encabezado-300x60.jpg 300w, http:\/\/www.rivadaviamendoza.gob.ar\/hcd\/wp-content\/uploads\/2017\/02\/encabezado-768x153.jpg 768w, http:\/\/www.rivadaviamendoza.gob.ar\/hcd\/wp-content\/uploads\/2017\/02\/encabezado-1024x203.jpg 1024w\" alt=\"\" width=\"669\" height=\"134\" \/><\/strong><\/p>\n<p style=\"text-align: center;\"><strong>DECLARACION N\u00ba 23-17<\/strong><\/p>\n<p><strong>VISTO:<\/strong><br \/>\nLa Resoluci\u00f3n N\u00ba 326\/17 de la Honorable C\u00e1mara de Diputados de la Provincia de Mendoza, y<\/p>\n<p style=\"text-align: justify;\"><strong>CONSIDERANDO:<br \/>\n<\/strong>Que la Villa del distrito Medrano, pertenece a dos Departamentos: Jun\u00edn y Rivadavia; y posee en la actualidad un solo Centro de Salud, constituyendo \u00e9ste el segundo lugar de prestaciones m\u00e9dicas m\u00e1s concurrido del Departamento de Rivadavia.<br \/>\nQue su \u00e1rea de cobertura de atenci\u00f3n supera los cuatro mil (4.000) habitantes, sin embargo, por no contar con atenci\u00f3n m\u00e9dica durante las veinticuatro (24) horas, necesariamente quienes concurren para ser atendidos en el lugar, deben ser derivados al Hospital Carlos Saporiti de Rivadavia, o al Hospital Perrupato de San Mart\u00edn.<br \/>\nQue dada la importancia de este Centro de Salud se hace imprescindible que el mismo cuente con la asignaci\u00f3n de personal necesaria para que existan guardias m\u00e9dicas de veinticuatro (24) horas, inclusive s\u00e1bados, domingos y feriados, y de esta manera se pueda instrumentar la prestaci\u00f3n de un servicio de internaci\u00f3n abreviada, de acuerdo a la determinaci\u00f3n de los profesionales intervinientes, como lo merece el citado lugar, evitando los traslados innecesarios.<br \/>\nQue esto lograr\u00eda generar en el distrito de Medrano un verdadero centro de prevenci\u00f3n y contenci\u00f3n para aquellos casos que no ameriten el traslado, lo que redundar\u00eda tambi\u00e9n, en un claro beneficio para toda su zona de influencia.<\/p>\n<p style=\"text-align: justify;\"><strong>POR ELLO:<br \/>\n<\/strong>El Honorable Concejo Deliberante de Rivadavia, Mendoza, y en uso de sus facultades:<\/p>\n<p style=\"text-align: center;\"><strong>DECLARA<\/strong><\/p>\n<p style=\"text-align: justify;\"><strong>Art\u00edculo 1\u00ba:<\/strong> El Honorable Concejo Deliberante de Rivadavia ver\u00eda con agrado, que el Gobierno de Mendoza arbitre los medios necesarios para que el Centro de Salud de Medrano cuente con el servicio de internaci\u00f3n abreviada.<\/p>\n<p style=\"text-align: justify;\"><strong>Art\u00edculo 2\u00ba:<\/strong> Env\u00edese esta Declaraci\u00f3n al Ministerio de Salud, Desarrollo Social y Deportes, del Gobierno de Mendoza y al \u00c1rea Sanitaria de Rivadavia, para su conocimiento.<\/p>\n<p style=\"text-align: justify;\"><strong>Art\u00edculo 3\u00ba:<\/strong> Rem\u00edtase copia de la presente pieza legal al Honorable Concejo Deliberante de Jun\u00edn, para adherir al mencionado pedido.<\/p>\n<p style=\"text-align: justify;\"><strong>Art\u00edculo 4\u00ba:<\/strong> Comun\u00edquese al Departamento Ejecutivo a sus efectos e ins\u00e9rtese en el Libro de Declaraciones de este Cuerpo.<\/p>\n<p style=\"text-align: justify;\">Dada en la Sala de Sesiones, \u201cBandera Nacional Argentina\u201d, del Honorable Concejo Deliberante de Rivadavia, Mendoza, a los 26 d\u00edas del mes de setiembre\u00a0 de 2017.<\/p>\n<table>\n<tbody>\n<tr>\n<td style=\"text-align: center;\">Lic. BRUNO AMBROSINI<\/td>\n<td style=\"text-align: center;\">LUCIO GUTIERREZ<\/td>\n<\/tr>\n<tr>\n<td style=\"text-align: center;\">SECRETARIO H.C.D.<\/td>\n<td style=\"text-align: center;\">PRESIDENTE H.C.D.<\/td>\n<\/tr>\n<\/tbody>\n<\/table>\n<p style=\"text-align: right;\">Cpde. Expte. N\u00ba 2017-00217-7 H.C.D.<\/p>\n","protected":false},"excerpt":{"rendered":"<p>DECLARACION N\u00ba 23-17 VISTO: La Resoluci\u00f3n N\u00ba 326\/17 de la Honorable C\u00e1mara de Diputados de la Provincia de Mendoza, y CONSIDERANDO: Que la Villa del distrito Medrano, pertenece a dos Departamentos: Jun\u00edn y Rivadavia; y posee en la actualidad un solo Centro de Salud, constituyendo \u00e9ste el segundo lugar de prestaciones m\u00e9dicas m\u00e1s concurrido del [&hellip;]<\/p>\n","protected":false},"author":1,"featured_media":4276,"comment_status":"closed","ping_status":"closed","sticky":false,"template":"","format":"standard","meta":{"_acf_changed":false,"footnotes":""},"categories":[66],"tags":[],"class_list":["post-5933","post","type-post","status-publish","format-standard","has-post-thumbnail","hentry","category-declaraciones"],"acf":[],"_links":{"self":[{"href":"https:\/\/coworkdigital.com.ar\/hcd\/wp-json\/wp\/v2\/posts\/5933","targetHints":{"allow":["GET"]}}],"collection":[{"href":"https:\/\/coworkdigital.com.ar\/hcd\/wp-json\/wp\/v2\/posts"}],"about":[{"href":"https:\/\/coworkdigital.com.ar\/hcd\/wp-json\/wp\/v2\/types\/post"}],"author":[{"embeddable":true,"href":"https:\/\/coworkdigital.com.ar\/hcd\/wp-json\/wp\/v2\/users\/1"}],"replies":[{"embeddable":true,"href":"https:\/\/coworkdigital.com.ar\/hcd\/wp-json\/wp\/v2\/comments?post=5933"}],"version-history":[{"count":0,"href":"https:\/\/coworkdigital.com.ar\/hcd\/wp-json\/wp\/v2\/posts\/5933\/revisions"}],"wp:featuredmedia":[{"embeddable":true,"href":"https:\/\/coworkdigital.com.ar\/hcd\/wp-json\/wp\/v2\/media\/4276"}],"wp:attachment":[{"href":"https:\/\/coworkdigital.com.ar\/hcd\/wp-json\/wp\/v2\/media?parent=5933"}],"wp:term":[{"taxonomy":"category","embeddable":true,"href":"https:\/\/coworkdigital.com.ar\/hcd\/wp-json\/wp\/v2\/categories?post=5933"},{"taxonomy":"post_tag","embeddable":true,"href":"https:\/\/coworkdigital.com.ar\/hcd\/wp-json\/wp\/v2\/tags?post=5933"}],"curies":[{"name":"wp","href":"https:\/\/api.w.org\/{rel}","templated":true}]}}