{"id":5936,"date":"2017-09-26T14:56:22","date_gmt":"2017-09-26T14:56:22","guid":{"rendered":"http:\/\/www.rivadaviamendoza.gob.ar\/hcd\/?p=5936"},"modified":"2017-09-26T14:56:22","modified_gmt":"2017-09-26T14:56:22","slug":"declaracion24-2017","status":"publish","type":"post","link":"https:\/\/coworkdigital.com.ar\/hcd\/declaracion24-2017\/","title":{"rendered":"Declaraci\u00f3n24-2017"},"content":{"rendered":"<p style=\"text-align: center;\"><strong><img fetchpriority=\"high\" decoding=\"async\" class=\"wp-image-1054 aligncenter\" src=\"http:\/\/rd.gov.ar\/wp4\/wp-content\/uploads\/2017\/02\/encabezado-300x60.jpg\" sizes=\"(max-width: 669px) 100vw, 669px\" srcset=\"http:\/\/www.rivadaviamendoza.gob.ar\/hcd\/wp-content\/uploads\/2017\/02\/encabezado-300x60.jpg 300w, http:\/\/www.rivadaviamendoza.gob.ar\/hcd\/wp-content\/uploads\/2017\/02\/encabezado-768x153.jpg 768w, http:\/\/www.rivadaviamendoza.gob.ar\/hcd\/wp-content\/uploads\/2017\/02\/encabezado-1024x203.jpg 1024w\" alt=\"\" width=\"669\" height=\"134\" \/><\/strong><\/p>\n<p style=\"text-align: center;\"><strong>DECLARACION N\u00ba 24-17<\/strong><\/p>\n<p style=\"text-align: justify;\"><strong>VISTO:<\/strong><br \/>\nEl Expediente N\u00ba 2017-00235-9, mediante el cual la Organizaci\u00f3n denominada \u201cLuz del Cielo-Mendoza.\u201d, solicita declarar de Inter\u00e9s Departamental la labor que realiza dicha Instituci\u00f3n, y<\/p>\n<p style=\"text-align: justify;\"><strong>CONSIDERANDO:<br \/>\n<\/strong>Que este grupo de apoyo mutuo esta orientado para padres que perdieron a sus hijos, durante el embarazo, el parto o despu\u00e9s de nacer.<br \/>\nQue en el a\u00f1o 2010, en la Ciudad de Rosario, Provincia de Santa F\u00e9 una ni\u00f1a de tan solo siete meses, fallece por una enfermedad denominada diarrea cong\u00e9nita perdedora de sodio, el caso 25 a nivel mundial y el primero en la Argentina.<br \/>\nQue desde el a\u00f1o 2013, y junto a otros padres de distintas provincias, y que han pasado por la misma experiencia, deciden formar esta organizaci\u00f3n denominada \u201cLuz del Cielo\u201d, participando activamente en la difusi\u00f3n y concientizaci\u00f3n del mes internacional de las muertes gestacionales, neonatales e infantiles. De esta manera se brinda apoyo a todos los padres que han perdido un hijo, a resolver positivamente la pena y proveerles\u00a0 informaci\u00f3n para elaborar un duelo de la manera m\u00e1s sana posible.<br \/>\nQue por el a\u00f1o 2014, y desde el departamento de Lujan de Cuyo se inician los primeros programas de contenci\u00f3n, hoy abarca a todos los departamentos de la Provincia de Mendoza.<br \/>\nQue una de las misiones de este grupo es lograr que todos los familiares (padres, abuelos y hermanos) sepan que no estan solos, y que se sientan acompa\u00f1ados en el nuevo camino que la vida nos da.<\/p>\n<p style=\"text-align: justify;\"><strong>POR ELLO:<\/strong><br \/>\nEl Honorable Concejo Deliberante de Rivadavia, Mendoza, y en uso de sus facultades:<\/p>\n<p style=\"text-align: center;\"><strong>DECLARA<\/strong><\/p>\n<p style=\"text-align: justify;\"><strong>Art\u00edculo 1\u00ba:<\/strong> El Honorable Concejo Deliberante de Rivadavia, Mendoza, Declara de Inter\u00e9s Departamental la labor llevada a cabo por la Instituci\u00f3n denominada \u201cLuz del Cielo-Mendoza\u201d, y el mes de octubre la conmemoraci\u00f3n de las muertes gestacionales, neonatales e infantiles.<\/p>\n<p style=\"text-align: justify;\"><strong>Art\u00edculo 2\u00ba:<\/strong>\u00a0 Rem\u00edtase copia certificada de la presente Declaraci\u00f3n a las responsables de la citada organizaci\u00f3n.<\/p>\n<p style=\"text-align: justify;\"><strong>Art\u00edculo 3\u00ba:<\/strong> Comun\u00edquese al Departamento Ejecutivo a sus efectos e ins\u00e9rtese en el Libro de Declaraciones de este Cuerpo.<\/p>\n<p style=\"text-align: justify;\">Dada en la Sala de Sesiones, \u201cBandera Nacional Argentina\u201d, del Honorable Concejo Deliberante de Rivadavia, Mendoza, a los 26 d\u00edas del mes de setiembre\u00a0 de 2017.<\/p>\n<table>\n<tbody>\n<tr>\n<td style=\"text-align: center;\">Lic. BRUNO AMBROSINI<\/td>\n<td style=\"text-align: center;\">LUCIO GUTIERREZ<\/td>\n<\/tr>\n<tr>\n<td style=\"text-align: center;\">SECRETARIO H.C.D.<\/td>\n<td style=\"text-align: center;\">PRESIDENTE H.C.D.<\/td>\n<\/tr>\n<\/tbody>\n<\/table>\n<p style=\"text-align: right;\">Cpde. Expte. N\u00ba 2017-00235-9\u00a0 H.C.D.<\/p>\n","protected":false},"excerpt":{"rendered":"<p>DECLARACION N\u00ba 24-17 VISTO: El Expediente N\u00ba 2017-00235-9, mediante el cual la Organizaci\u00f3n denominada \u201cLuz del Cielo-Mendoza.\u201d, solicita declarar de Inter\u00e9s Departamental la labor que realiza dicha Instituci\u00f3n, y CONSIDERANDO: Que este grupo de apoyo mutuo esta orientado para padres que perdieron a sus hijos, durante el embarazo, el parto o despu\u00e9s de nacer. Que [&hellip;]<\/p>\n","protected":false},"author":1,"featured_media":4276,"comment_status":"closed","ping_status":"closed","sticky":false,"template":"","format":"standard","meta":{"_acf_changed":false,"footnotes":""},"categories":[66],"tags":[],"class_list":["post-5936","post","type-post","status-publish","format-standard","has-post-thumbnail","hentry","category-declaraciones"],"acf":[],"_links":{"self":[{"href":"https:\/\/coworkdigital.com.ar\/hcd\/wp-json\/wp\/v2\/posts\/5936","targetHints":{"allow":["GET"]}}],"collection":[{"href":"https:\/\/coworkdigital.com.ar\/hcd\/wp-json\/wp\/v2\/posts"}],"about":[{"href":"https:\/\/coworkdigital.com.ar\/hcd\/wp-json\/wp\/v2\/types\/post"}],"author":[{"embeddable":true,"href":"https:\/\/coworkdigital.com.ar\/hcd\/wp-json\/wp\/v2\/users\/1"}],"replies":[{"embeddable":true,"href":"https:\/\/coworkdigital.com.ar\/hcd\/wp-json\/wp\/v2\/comments?post=5936"}],"version-history":[{"count":0,"href":"https:\/\/coworkdigital.com.ar\/hcd\/wp-json\/wp\/v2\/posts\/5936\/revisions"}],"wp:featuredmedia":[{"embeddable":true,"href":"https:\/\/coworkdigital.com.ar\/hcd\/wp-json\/wp\/v2\/media\/4276"}],"wp:attachment":[{"href":"https:\/\/coworkdigital.com.ar\/hcd\/wp-json\/wp\/v2\/media?parent=5936"}],"wp:term":[{"taxonomy":"category","embeddable":true,"href":"https:\/\/coworkdigital.com.ar\/hcd\/wp-json\/wp\/v2\/categories?post=5936"},{"taxonomy":"post_tag","embeddable":true,"href":"https:\/\/coworkdigital.com.ar\/hcd\/wp-json\/wp\/v2\/tags?post=5936"}],"curies":[{"name":"wp","href":"https:\/\/api.w.org\/{rel}","templated":true}]}}