{"id":6011,"date":"2018-02-27T10:38:03","date_gmt":"2018-02-27T10:38:03","guid":{"rendered":"http:\/\/www.rivadaviamendoza.gob.ar\/hcd\/?p=6011"},"modified":"2018-02-27T10:38:03","modified_gmt":"2018-02-27T10:38:03","slug":"resolucion01-2018","status":"publish","type":"post","link":"https:\/\/coworkdigital.com.ar\/hcd\/resolucion01-2018\/","title":{"rendered":"Resoluci\u00f3n01-2018"},"content":{"rendered":"<p style=\"text-align: center;\"><strong><img fetchpriority=\"high\" decoding=\"async\" class=\"wp-image-1054 aligncenter\" src=\"http:\/\/rd.gov.ar\/wp4\/wp-content\/uploads\/2017\/02\/encabezado-300x60.jpg\" sizes=\"(max-width: 669px) 100vw, 669px\" srcset=\"http:\/\/www.rivadaviamendoza.gob.ar\/hcd\/wp-content\/uploads\/2017\/02\/encabezado-300x60.jpg 300w, http:\/\/www.rivadaviamendoza.gob.ar\/hcd\/wp-content\/uploads\/2017\/02\/encabezado-768x153.jpg 768w, http:\/\/www.rivadaviamendoza.gob.ar\/hcd\/wp-content\/uploads\/2017\/02\/encabezado-1024x203.jpg 1024w\" alt=\"\" width=\"669\" height=\"134\" \/><\/strong><\/p>\n<p style=\"text-align: center;\"><strong>RESOLUCION N\u00ba 01-18<\/strong><\/p>\n<p style=\"text-align: justify;\"><strong>VISTO:<\/strong><br \/>\nQue por Resoluci\u00f3n de Presidencia N\u00ba 10-18, se convoc\u00f3 al Honorable Concejo Deliberante de Rivadavia a Sesi\u00f3n Preparatoria, y<\/p>\n<p style=\"text-align: justify;\"><strong>CONSIDERANDO:<\/strong><br \/>\nQue la Ley N\u00ba 1.079 Org\u00e1nica de\u00a0 Municipalidades, y sus modificatorias, Leyes N\u00ba 6.167 y N\u00ba 6.349, determinan y establecen cu\u00e1l ser\u00e1 el Per\u00edodo de Sesiones Ordinarias, y su Pr\u00f3rroga, como as\u00ed tambi\u00e9n, el Per\u00edodo de Sesiones Extraordinarias; que adem\u00e1s\u00a0 fija el procedimiento previsto para la elecci\u00f3n de las Autoridades de los Honorables Concejos Deliberantes, referenciando al respecto la siguiente f\u00f3rmula que dice: <strong>\u201c&#8230; Los Honorables Concejos Deliberantes, proceder\u00e1n a la elecci\u00f3n de un Presidente, un Vice-Presidente 1\u00ba y un Vice-Presidente 2\u00ba, a simple pluralidad de votos, debiendo los tres ser ciudadanos Argentinos. En los casos de empate se decidir\u00e1 por sorteo. El per\u00edodo de esas Autoridades corre desde el primero de marzo hasta el veintiocho de febrero del a\u00f1o siguiente, pero su nombramiento es revocable en cualquier tiempo por Resoluci\u00f3n de dos tercios adoptada en Sesi\u00f3n P\u00fablica convocada a tal\u00a0 efecto. En caso de acefalia o ausencia de las Autoridades indicadas, asumir\u00e1 la Presidencia del Concejo el Concejal Argentino de mayor edad\u201d.<\/strong><\/p>\n<p style=\"text-align: justify;\"><strong>POR ELLO:<\/strong><br \/>\nEl Honorable Concejo Deliberante de Rivadavia, Mendoza, en uso de sus facultades:<\/p>\n<p style=\"text-align: center;\"><strong>RESUELVE<\/strong><\/p>\n<p style=\"text-align: justify;\"><strong>Art\u00edculo 1\u00ba:<\/strong> Designar en el cargo de Presidente del Honorable Concejo Deliberante de Rivadavia, Mendoza, al Concejal LUCIO \u00c1NGEL GUTIERREZ, D.N.I. N\u00ba 21.786.621, por el per\u00edodo comprendido entre los d\u00edas 01 de marzo de 2018\u00a0 al 28 de febrero de 2019.<\/p>\n<p style=\"text-align: justify;\"><strong>Art\u00edculo 2\u00ba:<\/strong> Designar en el cargo de Vicepresidente 1\u00ba del Honorable Concejo Deliberante de Rivadavia, Mendoza, al Concejal ALEJANDRO ADALBERTO DERKAEZ, D.N.I. N\u00ba 21.739.986, por el per\u00edodo comprendido entre los d\u00edas 01 de marzo de 2018 al 28 de febrero de 2019.<\/p>\n<p style=\"text-align: justify;\"><strong>Art\u00edculo 3\u00ba:<\/strong> Designar en el cargo de Vicepresidente 2\u00ba del Honorable Concejo Deliberante de Rivadavia, Mendoza, al Concejal MAURICIO FLAVIO DI CESARE, D.N.I. N\u00ba 17.573.504, por el per\u00edodo comprendido entre los d\u00edas 01 de marzo de 2018 al 28 de febrero de 2019.<\/p>\n<p style=\"text-align: justify;\"><strong>Art\u00edculo 4\u00ba:<\/strong> Designar en el Cargo de Secretario del Honorable Concejo Deliberante de Rivadavia, al Se\u00f1or BRUNO EDGARDO AMBROSINI, D.N.I. N\u00ba 33.890.571, por el per\u00edodo comprendido entre los d\u00edas 01 de marzo de 2018 al 28 de febrero de 2019.<\/p>\n<p style=\"text-align: justify;\"><strong>Art\u00edculo 5\u00ba:<\/strong> Comun\u00edquese al Departamento Ejecutivo a sus efectos e ins\u00e9rtese en el Libro de Resoluciones de este Cuerpo.<\/p>\n<p style=\"text-align: justify;\">Dada en la Sala de Sesiones \u201cBandera Nacional Argentina\u201d, del Honorable Concejo Deliberante de Rivadavia, (Mendoza), a los 27 d\u00edas del mes de febrero de 2018.<\/p>\n<table>\n<tbody>\n<tr>\n<td style=\"text-align: center;\">Lic. BRUNO AMBROSINI<\/td>\n<td style=\"text-align: center;\">LUCIO GUTIERREZ<\/td>\n<\/tr>\n<tr>\n<td style=\"text-align: center;\">SECRETARIO H.C.D.<\/td>\n<td style=\"text-align: center;\">PRESIDENTE H.C.D.<\/td>\n<\/tr>\n<\/tbody>\n<\/table>\n<p style=\"text-align: right;\">Cpde. Expte. N\u00ba 2017-00014-7 H.C.D.<\/p>\n","protected":false},"excerpt":{"rendered":"<p>RESOLUCION N\u00ba 01-18 VISTO: Que por Resoluci\u00f3n de Presidencia N\u00ba 10-18, se convoc\u00f3 al Honorable Concejo Deliberante de Rivadavia a Sesi\u00f3n Preparatoria, y CONSIDERANDO: Que la Ley N\u00ba 1.079 Org\u00e1nica de\u00a0 Municipalidades, y sus modificatorias, Leyes N\u00ba 6.167 y N\u00ba 6.349, determinan y establecen cu\u00e1l ser\u00e1 el Per\u00edodo de Sesiones Ordinarias, y su Pr\u00f3rroga, como [&hellip;]<\/p>\n","protected":false},"author":1,"featured_media":1020,"comment_status":"closed","ping_status":"closed","sticky":false,"template":"","format":"standard","meta":{"_acf_changed":false,"footnotes":""},"categories":[65],"tags":[],"class_list":["post-6011","post","type-post","status-publish","format-standard","has-post-thumbnail","hentry","category-resoluciones"],"acf":[],"_links":{"self":[{"href":"https:\/\/coworkdigital.com.ar\/hcd\/wp-json\/wp\/v2\/posts\/6011","targetHints":{"allow":["GET"]}}],"collection":[{"href":"https:\/\/coworkdigital.com.ar\/hcd\/wp-json\/wp\/v2\/posts"}],"about":[{"href":"https:\/\/coworkdigital.com.ar\/hcd\/wp-json\/wp\/v2\/types\/post"}],"author":[{"embeddable":true,"href":"https:\/\/coworkdigital.com.ar\/hcd\/wp-json\/wp\/v2\/users\/1"}],"replies":[{"embeddable":true,"href":"https:\/\/coworkdigital.com.ar\/hcd\/wp-json\/wp\/v2\/comments?post=6011"}],"version-history":[{"count":0,"href":"https:\/\/coworkdigital.com.ar\/hcd\/wp-json\/wp\/v2\/posts\/6011\/revisions"}],"wp:featuredmedia":[{"embeddable":true,"href":"https:\/\/coworkdigital.com.ar\/hcd\/wp-json\/wp\/v2\/media\/1020"}],"wp:attachment":[{"href":"https:\/\/coworkdigital.com.ar\/hcd\/wp-json\/wp\/v2\/media?parent=6011"}],"wp:term":[{"taxonomy":"category","embeddable":true,"href":"https:\/\/coworkdigital.com.ar\/hcd\/wp-json\/wp\/v2\/categories?post=6011"},{"taxonomy":"post_tag","embeddable":true,"href":"https:\/\/coworkdigital.com.ar\/hcd\/wp-json\/wp\/v2\/tags?post=6011"}],"curies":[{"name":"wp","href":"https:\/\/api.w.org\/{rel}","templated":true}]}}