{"id":6017,"date":"2018-03-20T12:32:26","date_gmt":"2018-03-20T12:32:26","guid":{"rendered":"http:\/\/www.rivadaviamendoza.gob.ar\/hcd\/?p=6017"},"modified":"2018-03-20T12:32:26","modified_gmt":"2018-03-20T12:32:26","slug":"resolucion03-2018","status":"publish","type":"post","link":"https:\/\/coworkdigital.com.ar\/hcd\/resolucion03-2018\/","title":{"rendered":"Resoluci\u00f3n03-2018"},"content":{"rendered":"<p style=\"text-align: center;\"><strong><img fetchpriority=\"high\" decoding=\"async\" class=\"wp-image-1054 aligncenter\" src=\"http:\/\/rd.gov.ar\/wp4\/wp-content\/uploads\/2017\/02\/encabezado-300x60.jpg\" sizes=\"(max-width: 669px) 100vw, 669px\" srcset=\"http:\/\/www.rivadaviamendoza.gob.ar\/hcd\/wp-content\/uploads\/2017\/02\/encabezado-300x60.jpg 300w, http:\/\/www.rivadaviamendoza.gob.ar\/hcd\/wp-content\/uploads\/2017\/02\/encabezado-768x153.jpg 768w, http:\/\/www.rivadaviamendoza.gob.ar\/hcd\/wp-content\/uploads\/2017\/02\/encabezado-1024x203.jpg 1024w\" alt=\"\" width=\"669\" height=\"134\" \/><\/strong><\/p>\n<p style=\"text-align: center;\"><strong>RESOLUCION N\u00ba 03-18<\/strong><\/p>\n<p style=\"text-align: justify;\"><strong>VISTO:<\/strong><br \/>\nEl Expte. N\u00ba 2018-00033-7 caratulado, Voluntarias del Hospital Carlos F. Saporiti, solicitan la \u201cBanca del Pueblo\u201d, y<\/p>\n<p style=\"text-align: justify;\"><strong>CONSIDERANDO:<\/strong><br \/>\nQue este Cuerpo mediante Ordenanza N\u00b0 3.981, instrument\u00f3 un espacio institucional denominado \u201cLa Voz del Pueblo\u201d, con el fin de que vecinos e instituciones de nuestro Departamento expongan sus inquietudes.<br \/>\nQue la citada norma reglamenta el modo en que los ciudadanos deben solicitar el uso de este espacio de participaci\u00f3n y la modalidad en que se desarrollar\u00e1 la exposici\u00f3n.<br \/>\nQue la solicitud realizada por las Voluntarias del Hospital Carlos Saporiti, es a los fines de realizar una sala especial para las voluntarias del citado Hospital, destacando que se cuenta con el espacio f\u00edsico y adecuado para la construcci\u00f3n de la sala solicitada.<br \/>\nQue tal petici\u00f3n ha sido considerada y no existe objeci\u00f3n alguna para autorizar la participaci\u00f3n del Cuerpo de Voluntarias en una Sesi\u00f3n Ordinaria.<br \/>\nQue la Comisi\u00f3n de Legislaci\u00f3n, Peticiones y Poderes, ha propuesto conceder la \u201cVoz del Pueblo\u201d, a las voluntarias del Hospital, para el d\u00eda Martes 27 de marzo a las 9:30 hs., como fecha tentativa.<\/p>\n<p style=\"text-align: justify;\"><strong>POR ELLO:<\/strong><br \/>\nEl Honorable Concejo Deliberante de Rivadavia, Mendoza, y en uso de sus facultades:<\/p>\n<p style=\"text-align: center;\"><strong>RESUELVE<\/strong><\/p>\n<p style=\"text-align: justify;\"><strong>Art\u00edculo 1\u00ba:<\/strong> Invitar al Cuerpo de Voluntarias del Hospital Carlos F. Saporiti, para el d\u00eda martes 27\u00a0 de marzo del corriente a\u00f1o, a partir de la hora 09.30, a hacer uso del espacio de participaci\u00f3n ciudadana \u201cLa Voz del Pueblo\u201d, en un todo de acuerdo a lo establecido en la Ordenanza N\u00ba 3.981.<\/p>\n<p style=\"text-align: justify;\"><strong>Art\u00edculo 2\u00ba:<\/strong> Notif\u00edquese a las autoridades del Cuerpo de Voluntarias, acompa\u00f1ando copia certificada de la citada Resoluci\u00f3n, y de la Ordenanza N\u00b0 3.981.<\/p>\n<p style=\"text-align: justify;\"><strong>Art\u00edculo 3\u00ba:<\/strong> Comun\u00edquese al Departamento Ejecutivo a sus efectos e ins\u00e9rtese en el Libro de Resoluciones de este Cuerpo.<\/p>\n<p style=\"text-align: justify;\">Dada en la Sala de Sesiones \u201cBandera Nacional Argentina\u201d, del Honorable Concejo Deliberante de Rivadavia, Mendoza, a los 20 d\u00edas del mes de marzo de 2018.<\/p>\n<table>\n<tbody>\n<tr>\n<td style=\"text-align: center;\">Lic. BRUNO AMBROSINI<\/td>\n<td style=\"text-align: center;\">LUCIO GUTIERREZ<\/td>\n<\/tr>\n<tr>\n<td style=\"text-align: center;\">SECRETARIO H.C.D.<\/td>\n<td style=\"text-align: center;\">PRESIDENTE H.C.D.<\/td>\n<\/tr>\n<\/tbody>\n<\/table>\n<p style=\"text-align: right;\">Cpde. Expte. N\u00ba 2018-00033-7 H.C.D.<\/p>\n","protected":false},"excerpt":{"rendered":"<p>RESOLUCION N\u00ba 03-18 VISTO: El Expte. N\u00ba 2018-00033-7 caratulado, Voluntarias del Hospital Carlos F. Saporiti, solicitan la \u201cBanca del Pueblo\u201d, y CONSIDERANDO: Que este Cuerpo mediante Ordenanza N\u00b0 3.981, instrument\u00f3 un espacio institucional denominado \u201cLa Voz del Pueblo\u201d, con el fin de que vecinos e instituciones de nuestro Departamento expongan sus inquietudes. Que la citada [&hellip;]<\/p>\n","protected":false},"author":1,"featured_media":1020,"comment_status":"closed","ping_status":"closed","sticky":false,"template":"","format":"standard","meta":{"_acf_changed":false,"footnotes":""},"categories":[65],"tags":[],"class_list":["post-6017","post","type-post","status-publish","format-standard","has-post-thumbnail","hentry","category-resoluciones"],"acf":[],"_links":{"self":[{"href":"https:\/\/coworkdigital.com.ar\/hcd\/wp-json\/wp\/v2\/posts\/6017","targetHints":{"allow":["GET"]}}],"collection":[{"href":"https:\/\/coworkdigital.com.ar\/hcd\/wp-json\/wp\/v2\/posts"}],"about":[{"href":"https:\/\/coworkdigital.com.ar\/hcd\/wp-json\/wp\/v2\/types\/post"}],"author":[{"embeddable":true,"href":"https:\/\/coworkdigital.com.ar\/hcd\/wp-json\/wp\/v2\/users\/1"}],"replies":[{"embeddable":true,"href":"https:\/\/coworkdigital.com.ar\/hcd\/wp-json\/wp\/v2\/comments?post=6017"}],"version-history":[{"count":0,"href":"https:\/\/coworkdigital.com.ar\/hcd\/wp-json\/wp\/v2\/posts\/6017\/revisions"}],"wp:featuredmedia":[{"embeddable":true,"href":"https:\/\/coworkdigital.com.ar\/hcd\/wp-json\/wp\/v2\/media\/1020"}],"wp:attachment":[{"href":"https:\/\/coworkdigital.com.ar\/hcd\/wp-json\/wp\/v2\/media?parent=6017"}],"wp:term":[{"taxonomy":"category","embeddable":true,"href":"https:\/\/coworkdigital.com.ar\/hcd\/wp-json\/wp\/v2\/categories?post=6017"},{"taxonomy":"post_tag","embeddable":true,"href":"https:\/\/coworkdigital.com.ar\/hcd\/wp-json\/wp\/v2\/tags?post=6017"}],"curies":[{"name":"wp","href":"https:\/\/api.w.org\/{rel}","templated":true}]}}