{"id":6019,"date":"2018-03-06T12:55:22","date_gmt":"2018-03-06T12:55:22","guid":{"rendered":"http:\/\/www.rivadaviamendoza.gob.ar\/hcd\/?p=6019"},"modified":"2018-03-06T12:55:22","modified_gmt":"2018-03-06T12:55:22","slug":"declaracion01-2018","status":"publish","type":"post","link":"https:\/\/coworkdigital.com.ar\/hcd\/declaracion01-2018\/","title":{"rendered":"Declaraci\u00f3n01-2018"},"content":{"rendered":"<p style=\"text-align: center;\"><strong><img fetchpriority=\"high\" decoding=\"async\" class=\"wp-image-1054 aligncenter\" src=\"http:\/\/rd.gov.ar\/wp4\/wp-content\/uploads\/2017\/02\/encabezado-300x60.jpg\" sizes=\"(max-width: 669px) 100vw, 669px\" srcset=\"http:\/\/www.rivadaviamendoza.gob.ar\/hcd\/wp-content\/uploads\/2017\/02\/encabezado-300x60.jpg 300w, http:\/\/www.rivadaviamendoza.gob.ar\/hcd\/wp-content\/uploads\/2017\/02\/encabezado-768x153.jpg 768w, http:\/\/www.rivadaviamendoza.gob.ar\/hcd\/wp-content\/uploads\/2017\/02\/encabezado-1024x203.jpg 1024w\" alt=\"\" width=\"669\" height=\"134\" \/><\/strong><\/p>\n<p style=\"text-align: center;\"><strong>DECLARACION N\u00ba 01-18<\/strong><\/p>\n<p style=\"text-align: justify;\"><strong>VISTO:<br \/>\n<\/strong>Que el pr\u00f3ximo 10 de Marzo un vecino de Rivadavia, Don Pedro \u201cPerico\u201d Rubiales cumple sus 100 a\u00f1os de vida, y<\/p>\n<p style=\"text-align: justify;\"><strong>CONSIDERANDO:<\/strong><br \/>\nQue es un vecino del distrito de La Reducci\u00f3n que llega a un siglo de vida.<br \/>\nQue fue hijo de Inmigrantes espa\u00f1oles llegados a la Argentina en 1909.<br \/>\nQue es el s\u00e9ptimo hijo de Mar\u00eda Bernal y Salvador Rubiales.<br \/>\nQue naci\u00f3 en La Reducci\u00f3n el 10 de Marzo de 1918.<br \/>\nQue se cas\u00f3 con Emilia Mucarcel con quien comparti\u00f3 57 a\u00f1os y tuvo dos hijos: Pedro y Marisa y cuatro nietos: Yamilia, Milena, Luc\u00eda y Pablo.<br \/>\nQue la mayor parte de su vida se desempe\u00f1\u00f3 en el oficio de la herrer\u00eda en su pueblo natal.<br \/>\nQue es de destacar su solidaridad y compromiso permanente con la comunidad y como Rivadavienses debemos homenajear a los vecinos que cumplen 100 a\u00f1os de vida en nuestro Departamento.<\/p>\n<p style=\"text-align: justify;\"><strong>POR ELLO:<br \/>\n<\/strong>El Honorable Concejo Deliberante de Rivadavia Mendoza, y en uso de sus facultades:<\/p>\n<p style=\"text-align: center;\"><strong>DECLARA<\/strong><\/p>\n<p style=\"text-align: justify;\"><strong>Art\u00edculo 1\u00ba:<\/strong> El Honorable Concejo Deliberante de Rivadavia, resuelve otorgar un reconocimiento institucional al vecino de La Reducci\u00f3n, se\u00f1or Pedro \u201cPerico\u201d Rubiales por su 100 a\u00f1os de vida.<\/p>\n<p style=\"text-align: justify;\"><strong>Art\u00edculo 2\u00ba:<\/strong> Autor\u00edcese a la Presidencia de este Cuerpo, para que en nombre del Honorable Concejo Deliberante de Rivadavia, en representaci\u00f3n del Pueblo de nuestro Departamento, haga entrega de un diploma de reconocimiento a mencionado vecino.<\/p>\n<p style=\"text-align: justify;\"><strong>Art\u00edculo 3\u00ba:<\/strong> Comun\u00edquese al Departamento Ejecutivo a sus efectos, e ins\u00e9rtese en el Libro de Declaraciones de este Cuerpo.<\/p>\n<p style=\"text-align: justify;\">Dada en la Sala de Sesiones \u201cBandera Nacional Argentina\u201d, del Honorable Concejo Deliberante de Rivadavia, Mendoza, a los 06 d\u00edas del mes de marzo de 2018.<\/p>\n<table>\n<tbody>\n<tr>\n<td style=\"text-align: center;\">Lic. BRUNO AMBROSINI<\/td>\n<td style=\"text-align: center;\">LUCIO GUTIERREZ<\/td>\n<\/tr>\n<tr>\n<td style=\"text-align: center;\">SECRETARIO H.C.D.<\/td>\n<td style=\"text-align: center;\">PRESIDENTE H.C.D.<\/td>\n<\/tr>\n<\/tbody>\n<\/table>\n<p style=\"text-align: right;\">Cpde. Expte. N\u00ba 2018-00028-7\u00a0H.C.D<\/p>\n","protected":false},"excerpt":{"rendered":"<p>DECLARACION N\u00ba 01-18 VISTO: Que el pr\u00f3ximo 10 de Marzo un vecino de Rivadavia, Don Pedro \u201cPerico\u201d Rubiales cumple sus 100 a\u00f1os de vida, y CONSIDERANDO: Que es un vecino del distrito de La Reducci\u00f3n que llega a un siglo de vida. Que fue hijo de Inmigrantes espa\u00f1oles llegados a la Argentina en 1909. Que [&hellip;]<\/p>\n","protected":false},"author":1,"featured_media":4276,"comment_status":"closed","ping_status":"closed","sticky":false,"template":"","format":"standard","meta":{"_acf_changed":false,"footnotes":""},"categories":[66],"tags":[],"class_list":["post-6019","post","type-post","status-publish","format-standard","has-post-thumbnail","hentry","category-declaraciones"],"acf":[],"_links":{"self":[{"href":"https:\/\/coworkdigital.com.ar\/hcd\/wp-json\/wp\/v2\/posts\/6019","targetHints":{"allow":["GET"]}}],"collection":[{"href":"https:\/\/coworkdigital.com.ar\/hcd\/wp-json\/wp\/v2\/posts"}],"about":[{"href":"https:\/\/coworkdigital.com.ar\/hcd\/wp-json\/wp\/v2\/types\/post"}],"author":[{"embeddable":true,"href":"https:\/\/coworkdigital.com.ar\/hcd\/wp-json\/wp\/v2\/users\/1"}],"replies":[{"embeddable":true,"href":"https:\/\/coworkdigital.com.ar\/hcd\/wp-json\/wp\/v2\/comments?post=6019"}],"version-history":[{"count":0,"href":"https:\/\/coworkdigital.com.ar\/hcd\/wp-json\/wp\/v2\/posts\/6019\/revisions"}],"wp:featuredmedia":[{"embeddable":true,"href":"https:\/\/coworkdigital.com.ar\/hcd\/wp-json\/wp\/v2\/media\/4276"}],"wp:attachment":[{"href":"https:\/\/coworkdigital.com.ar\/hcd\/wp-json\/wp\/v2\/media?parent=6019"}],"wp:term":[{"taxonomy":"category","embeddable":true,"href":"https:\/\/coworkdigital.com.ar\/hcd\/wp-json\/wp\/v2\/categories?post=6019"},{"taxonomy":"post_tag","embeddable":true,"href":"https:\/\/coworkdigital.com.ar\/hcd\/wp-json\/wp\/v2\/tags?post=6019"}],"curies":[{"name":"wp","href":"https:\/\/api.w.org\/{rel}","templated":true}]}}