{"id":6268,"date":"2019-11-05T15:00:17","date_gmt":"2019-11-05T15:00:17","guid":{"rendered":"http:\/\/rivadaviamendoza.gob.ar\/hcd\/?p=6268"},"modified":"2023-08-07T18:26:03","modified_gmt":"2023-08-07T18:26:03","slug":"reconocimientos-anuales-2019","status":"publish","type":"post","link":"https:\/\/coworkdigital.com.ar\/hcd\/reconocimientos-anuales-2019\/","title":{"rendered":"Reconocimientos Anuales 2019"},"content":{"rendered":"<p><strong>Desde el Honorable Concejo Deliberante de Rivadavia tenemos el agrado de invitar muy especialmente a nuestra comunidad al reconocimiento anual 2019. El evento se llevar\u00e1 a cabo el pr\u00f3ximo jueves 7 de noviembre a las 19 hs en el Teatro Luis Encio Bianchi.<\/strong><\/p>\n<p>En esta ocasi\u00f3n realizaremos los siguientes reconocimientos:<\/p>\n<p>Declarar Persona Ilustre a:<br \/>\n\u2022 Dr. Jorge V\u00e1squez<br \/>\n\u2022 Dra. Ana Mar\u00eda Flori<br \/>\n\u2022 Dr. Orlando Llaver<br \/>\n\u2022 Dr. Juan Carlos Martinez Peralta<br \/>\n\u2022 Dra. Marina In\u00e9s Flamini<br \/>\n\u2022 Dr. \u00c1ngel Mat\u00edas S\u00e1nchez<\/p>\n<p>Reconocimientos por su labor a profesores y entrenadores de personas con discapacidad:<br \/>\n\u2022 Prof. Arnaldo Domingo Oro<br \/>\n\u2022 Prof. Mar\u00eda Jos\u00e9 Mar\u00edn<br \/>\n\u2022 Prof. Carlos Pacchioni<br \/>\n\u2022 Prof. Nego P\u00e1ez<br \/>\n\u2022 Ent. Alberto P\u00e1ez<br \/>\n\u2022 Ent. Javier Gonz\u00e1lez<br \/>\n\u2022 Ent. Antonio Arancibia<br \/>\n\u2022 Ent. Ram\u00f3n Valdez<\/p>\n<p>Reconocimiento por su actitud policial, dedicaci\u00f3n y compromiso para con la comunidad Rivadaviense:<br \/>\n\u2022 Principal Omar Felipe Tello Garay<\/p>\n<p>Reconocimiento a Francesco Urtubey por su participaci\u00f3n en el Campeonato Juvenil de Salto F.E.I. American Jumping Championship.<\/p>\n<p>Reconocimiento a la joven rivadaviense Guadalupe Valverde Montivero por ser finalista de las Olimpiadas Mendoza: Un recorrido por sus Departamentos.<\/p>\n<p>Reconocimiento a la Sra. Laura Ochoa como participante del Concurso J\u00f3venes Mendocinos Destacados en su XVI edici\u00f3n representando a Rivadavia.<\/p>\n<p>Reconocimiento a la joven rivadaviense Julieta Encina integrante del Equipo C\u00f3ndor Mendoza, por su participaci\u00f3n del First Global Challenge 2019, Olimpiada de Rob\u00f3tica, realizada en Dubai.<\/p>\n<p>Reconocimiento a la Joven rivadaviense Martina Cozzari por su desempe\u00f1o deportivo como jugadora de v\u00f3ley.<\/p>\n<p>Reconocimiento al Profesor Am\u00e9rico \u201cPirincho\u201d Tondini por su trayectoria y gran aporte al crecimiento de cada disciplina deportiva en el Departamento.<\/p>\n<p>Declarar de Inter\u00e9s Departamental el 30\u00b0 Aniversario del B\u00b0 Albarracin Godoy.<\/p>\n<p>Declarar de inter\u00e9s departamental el 25\u00b0 Aniversario del Radio Club 18 de Abril.<\/p>\n<p>Reconocimientos a alumnos de 7mo grado y docentes de la Escuela N\u00b0 1-732 Ang\u00e9lica Comeglio, por los logros obtenidos en la Feria de Ciencia, Deporte y Arte 2019.<\/p>\n<p>Declarar de Inter\u00e9s Departamental y Educativo al Proyecto denominado Calidad del Agua en Rivadavia, de alumnos de 5to grado A del Instituto PS- 032 Casa de Mar\u00eda.<\/p>\n<p>Declarar de Inter\u00e9s Departamental, Educativo y Cultural el 2do Modelo de Naciones Unidas instancia externa Instituto PS- 032 Casa de Mar\u00eda.<\/p>\n<p>Esperamos contar con su presencia para brindar todos juntos nuestra gratitud a los merecedores de nuestros reconocimientos anuales.<\/p>\n","protected":false},"excerpt":{"rendered":"<p>Desde el Honorable Concejo Deliberante de Rivadavia tenemos el agrado de invitar muy especialmente a nuestra comunidad al reconocimiento anual 2019. El evento se llevar\u00e1 a cabo el pr\u00f3ximo jueves 7 de noviembre a las 19 hs en el Teatro Luis Encio Bianchi. En esta ocasi\u00f3n realizaremos los siguientes reconocimientos: Declarar Persona Ilustre a: \u2022 [&hellip;]<\/p>\n","protected":false},"author":1,"featured_media":12806,"comment_status":"closed","ping_status":"closed","sticky":false,"template":"","format":"standard","meta":{"_acf_changed":false,"footnotes":""},"categories":[69],"tags":[],"class_list":["post-6268","post","type-post","status-publish","format-standard","has-post-thumbnail","hentry","category-novedades"],"acf":[],"_links":{"self":[{"href":"https:\/\/coworkdigital.com.ar\/hcd\/wp-json\/wp\/v2\/posts\/6268","targetHints":{"allow":["GET"]}}],"collection":[{"href":"https:\/\/coworkdigital.com.ar\/hcd\/wp-json\/wp\/v2\/posts"}],"about":[{"href":"https:\/\/coworkdigital.com.ar\/hcd\/wp-json\/wp\/v2\/types\/post"}],"author":[{"embeddable":true,"href":"https:\/\/coworkdigital.com.ar\/hcd\/wp-json\/wp\/v2\/users\/1"}],"replies":[{"embeddable":true,"href":"https:\/\/coworkdigital.com.ar\/hcd\/wp-json\/wp\/v2\/comments?post=6268"}],"version-history":[{"count":1,"href":"https:\/\/coworkdigital.com.ar\/hcd\/wp-json\/wp\/v2\/posts\/6268\/revisions"}],"predecessor-version":[{"id":12807,"href":"https:\/\/coworkdigital.com.ar\/hcd\/wp-json\/wp\/v2\/posts\/6268\/revisions\/12807"}],"wp:featuredmedia":[{"embeddable":true,"href":"https:\/\/coworkdigital.com.ar\/hcd\/wp-json\/wp\/v2\/media\/12806"}],"wp:attachment":[{"href":"https:\/\/coworkdigital.com.ar\/hcd\/wp-json\/wp\/v2\/media?parent=6268"}],"wp:term":[{"taxonomy":"category","embeddable":true,"href":"https:\/\/coworkdigital.com.ar\/hcd\/wp-json\/wp\/v2\/categories?post=6268"},{"taxonomy":"post_tag","embeddable":true,"href":"https:\/\/coworkdigital.com.ar\/hcd\/wp-json\/wp\/v2\/tags?post=6268"}],"curies":[{"name":"wp","href":"https:\/\/api.w.org\/{rel}","templated":true}]}}