{"id":6272,"date":"2019-11-13T15:04:36","date_gmt":"2019-11-13T15:04:36","guid":{"rendered":"http:\/\/rivadaviamendoza.gob.ar\/hcd\/?p=6272"},"modified":"2023-08-07T18:24:17","modified_gmt":"2023-08-07T18:24:17","slug":"ii-jornada-contra-abuso-de-ninos-ninas-y-adolescentes","status":"publish","type":"post","link":"https:\/\/coworkdigital.com.ar\/hcd\/ii-jornada-contra-abuso-de-ninos-ninas-y-adolescentes\/","title":{"rendered":"II Jornada contra abuso de ni\u00f1os, ni\u00f1as y adolescentes"},"content":{"rendered":"<p><strong>Bajo el lema de \u201cQue el silencio no sea nuestro, yo te veo, te escucho y te creo\u201d se llevar\u00e1 adelante la jornada en busca de prevenir y concientizar sobre esta problem\u00e1tica.<\/strong><\/p>\n<p>Las actividades se realizar\u00e1n el jueves 21 de noviembre de 8 a 12:30 hrs en el Teatro Luis Encio Bianchi del departamento de Rivadavia a cargo del Honorable Concejo Deliberante de Rivadavia y el Programa Provincial de Prevenci\u00f3n y Atenci\u00f3n del Maltrato a la Ni\u00f1ez, Adolescencia y Familia.<\/p>\n<p>La entrada es gratuita y la invitaci\u00f3n est\u00e1 dirigida al Personal de Salud, Personal Docente, Personal del Ministerio Publico Fiscal, Organizaciones Sociales que trabajan en la tem\u00e1tica y p\u00fablico en general. Al finalizar la jornada se entregar\u00e1n certificados de asistencia a todos los participantes.<\/p>\n<p>La cita contar\u00e1 con m\u00faltiples charlas, para capacitar a nuestros asistentes, distribuidas en el cronograma de actividades que detallamos a continuaci\u00f3n:<\/p>\n<ul>\n<li>08:00 a 08:30 hrs: Acreditaciones<\/li>\n<li>08:30 a 9:00 hrs: Apertura \u2013 Presentaciones<\/li>\n<li>09:00 a 09:30 hrs: Programa Provincial de Maltrato Infantil: Charla \u201cEl Silencio en el Abuso\u201d<\/li>\n<li>09:30 a 10:00 hrs: Programa Provincial de Maltrato Infantil: Charla \u201cAbordaje de la problem\u00e1tica de abuso sexual en la infancia y Estad\u00edsticas\u201d a cargo de la Licenciada Silvina Mollo.<\/li>\n<li>10:00 a 10:15 hrs: Charla sobre la L\u00ednea 102 a cargo de la Licenciada Silvina Mollo.<\/li>\n<li>10:15 a 10: 45 hrs: Break<\/li>\n<li>10:45 a 11:15 hrs: Charla \u201cAbuso sexual y la ley 9054\u201d a cargo de la Asesora de Ni\u00f1os, Ni\u00f1as y Adolescentes y Personas con Capacidad Restringida: Dra. Patricia M\u00f3nica Aguilera.<\/li>\n<li>11:15 a 11:45 hrs: Charla \u201cAspectos probatorios en delitos de Abuso Sexual\u201d a cargo del Juez de C\u00e1mara en Materia Penal: Dr. Eduardo Andr\u00e9s<\/li>\n<li>11:45 al Cierre: Conformaci\u00f3n de Mesa de Preguntas<\/li>\n<\/ul>\n<p>Inscripciones en&nbsp;<a href=\"https:\/\/drive.google.com\/open?id=1kjD4JMWqC7fxJZXb3urUb5hBHwOxXRfESoaUJ8R4dHc\">https:\/\/drive.google.com\/open?id=1kjD4JMWqC7fxJZXb3urUb5hBHwOxXRfESoaUJ8R4dHc<\/a><\/p>\n<p>Los esperamos!<\/p>\n<p><img fetchpriority=\"high\" decoding=\"async\" class=\"size-medium wp-image-6219 aligncenter\" src=\"http:\/\/201.234.130.29\/wp-content\/uploads\/2019\/11\/WhatsApp-Image-2019-11-13-at-11.06.01-212x300.jpeg\" sizes=\"(max-width: 212px) 100vw, 212px\" srcset=\"http:\/\/hcd.rivadaviamendoza.gob.ar\/wp-content\/uploads\/2019\/11\/WhatsApp-Image-2019-11-13-at-11.06.01-212x300.jpeg 212w, http:\/\/hcd.rivadaviamendoza.gob.ar\/wp-content\/uploads\/2019\/11\/WhatsApp-Image-2019-11-13-at-11.06.01-768x1086.jpeg 768w, http:\/\/hcd.rivadaviamendoza.gob.ar\/wp-content\/uploads\/2019\/11\/WhatsApp-Image-2019-11-13-at-11.06.01-724x1024.jpeg 724w, http:\/\/hcd.rivadaviamendoza.gob.ar\/wp-content\/uploads\/2019\/11\/WhatsApp-Image-2019-11-13-at-11.06.01.jpeg 905w\" alt=\"\" width=\"212\" height=\"300\"><\/p>\n","protected":false},"excerpt":{"rendered":"<p>Bajo el lema de \u201cQue el silencio no sea nuestro, yo te veo, te escucho y te creo\u201d se llevar\u00e1 adelante la jornada en busca de prevenir y concientizar sobre esta problem\u00e1tica. Las actividades se realizar\u00e1n el jueves 21 de noviembre de 8 a 12:30 hrs en el Teatro Luis Encio Bianchi del departamento de [&hellip;]<\/p>\n","protected":false},"author":1,"featured_media":12804,"comment_status":"closed","ping_status":"closed","sticky":false,"template":"","format":"standard","meta":{"_acf_changed":false,"footnotes":""},"categories":[69],"tags":[],"class_list":["post-6272","post","type-post","status-publish","format-standard","has-post-thumbnail","hentry","category-novedades"],"acf":[],"_links":{"self":[{"href":"https:\/\/coworkdigital.com.ar\/hcd\/wp-json\/wp\/v2\/posts\/6272","targetHints":{"allow":["GET"]}}],"collection":[{"href":"https:\/\/coworkdigital.com.ar\/hcd\/wp-json\/wp\/v2\/posts"}],"about":[{"href":"https:\/\/coworkdigital.com.ar\/hcd\/wp-json\/wp\/v2\/types\/post"}],"author":[{"embeddable":true,"href":"https:\/\/coworkdigital.com.ar\/hcd\/wp-json\/wp\/v2\/users\/1"}],"replies":[{"embeddable":true,"href":"https:\/\/coworkdigital.com.ar\/hcd\/wp-json\/wp\/v2\/comments?post=6272"}],"version-history":[{"count":1,"href":"https:\/\/coworkdigital.com.ar\/hcd\/wp-json\/wp\/v2\/posts\/6272\/revisions"}],"predecessor-version":[{"id":12805,"href":"https:\/\/coworkdigital.com.ar\/hcd\/wp-json\/wp\/v2\/posts\/6272\/revisions\/12805"}],"wp:featuredmedia":[{"embeddable":true,"href":"https:\/\/coworkdigital.com.ar\/hcd\/wp-json\/wp\/v2\/media\/12804"}],"wp:attachment":[{"href":"https:\/\/coworkdigital.com.ar\/hcd\/wp-json\/wp\/v2\/media?parent=6272"}],"wp:term":[{"taxonomy":"category","embeddable":true,"href":"https:\/\/coworkdigital.com.ar\/hcd\/wp-json\/wp\/v2\/categories?post=6272"},{"taxonomy":"post_tag","embeddable":true,"href":"https:\/\/coworkdigital.com.ar\/hcd\/wp-json\/wp\/v2\/tags?post=6272"}],"curies":[{"name":"wp","href":"https:\/\/api.w.org\/{rel}","templated":true}]}}