{"id":6275,"date":"2019-11-28T15:07:08","date_gmt":"2019-11-28T15:07:08","guid":{"rendered":"http:\/\/rivadaviamendoza.gob.ar\/hcd\/?p=6275"},"modified":"2023-08-07T18:22:53","modified_gmt":"2023-08-07T18:22:53","slug":"asumieron-los-nuevos-concejales-de-rivadavia","status":"publish","type":"post","link":"https:\/\/coworkdigital.com.ar\/hcd\/asumieron-los-nuevos-concejales-de-rivadavia\/","title":{"rendered":"Asumieron los nuevos concejales de Rivadavia"},"content":{"rendered":"<div class=\"blog-top\">\n<p><span class=\"blog-title\">Asumieron los nuevos concejales de Rivadavia<\/span><\/p>\n<div class=\"row\">\n<div class=\"col-md-6 col-sm-6 blog-details\">noviembre 28, 2019&nbsp;<span class=\"post-author-name\">By Institucional<\/span><\/div>\n<div class=\"col-md-6 col-sm-6 text-right blog-comments-count-single\"><a href=\"http:\/\/hcd.rivadaviamendoza.gob.ar\/index.php\/2019\/11\/28\/asumieron-los-nuevos-concejales-de-rivadavia\/#respond\"><i class=\"fa fa-comment-o\"><\/i>0<\/a><\/div>\n<\/div>\n<\/div>\n<div class=\"blog-bottom\">\n<div class=\"blog-content\">\n<div class=\"post-inner\">\n<p>Con la presencia del Intendente Miguel \u00c1ngel Ronco, el Secretario de Gobierno, Hern\u00e1n Amat, Senadores, Diputados Provinciales, miembros del poder ejecutivo y p\u00fablico en general, en una sala de sesiones \u201cBandera Nacional Argentina\u201d del Honorable Concejo Deliberante de Rivadavia, se llev\u00f3 el acto de asunci\u00f3n de los cinco ediles electos en los comicios del pasado 29 de setiembre.<br \/>\nDe esta manera qued\u00f3 conformado el nuevo cuerpo deliberativo. El radicalismo continuar\u00e1 con una amplia mayor\u00eda, el justicialismo tendr\u00e1 tres bancas, mientras el partido Intransigente continuar\u00e1 con una.<br \/>\nFernando Rodr\u00edguez, Leila Amar, Anabella Machin (renovaci\u00f3n) Francisco Novello y F\u00e1tima Del Valle Campos, son quienes ocuparan las bancas del Honorable Concejo Deliberante durante los pr\u00f3ximos cuatros a\u00f1os.<br \/>\nEl \u00f3rgano deliberante no tendr\u00e1 mayores cambios, la Uni\u00f3n C\u00edvica Radical tendr\u00e1 una mayor\u00eda de seis bancas, mientras que la oposici\u00f3n (Alianza Elegi Mendoza Frente Pol\u00edtico Social), tendr\u00e1 tres representantes mientras que el partido Intransigente continua por 2 a\u00f1os m\u00e1s con una banca.<\/p>\n<p><strong>Concejales que finalizaron su mandato:<\/strong><br \/>\n\u2022 Beatriz S\u00e1nchez (UCR)<br \/>\n\u2022 Anabella Mach\u00edn (UCR)<br \/>\n\u2022 Lucio Guti\u00e9rrez (UCR)<br \/>\n\u2022 Alejandro Derkaez (PJ)<br \/>\n\u2022 Anal\u00eda Del Rio(PJ)<\/p>\n<p><strong>Concejales que asumieron:<\/strong><br \/>\n\u2022 Fernando Rodr\u00edguez (UCR)<br \/>\n\u2022 Anabella Mach\u00edn -renov\u00f3- (UCR)<br \/>\n\u2022 Leila Amar (UCR)<br \/>\n\u2022 Francisco Novello (Alianza Eleg\u00ed Mendoza Frente Pol\u00edtico Social)<br \/>\n\u2022 F\u00e1tima Campos (Alianza Eleg\u00ed Mendoza Frente Pol\u00edtico Social)<\/p>\n<p><strong>De esta manera as\u00ed qued\u00f3 conformado el nuevo Honorable Concejo Deliberante de Rivadavia:<\/strong><br \/>\n\u2022 Mauricio Di Cesare (UCR \u2013 Presidente del HCD)<br \/>\n\u2022 Laura Abate (UCR)<br \/>\n\u2022 Fernando Rodriguez (UCR)<br \/>\n\u2022 Anabella Mach\u00edn (UCR)<br \/>\n\u2022 Leila Amar (UCR)<br \/>\n\u2022 Maria Jos\u00e9 Gil (UCR)<br \/>\n\u2022 Juan Garrido (PJ)<br \/>\n\u2022 Francisco Novello (Alianza Eleg\u00ed Mendoza Frente Pol\u00edtico Social)<br \/>\n\u2022 F\u00e1tima Campos (Alianza Eleg\u00ed Mendoza Frente Pol\u00edtico Social)<br \/>\n\u2022 Nelson Santarelli (PI)<\/p>\n<p><strong>POSTALES<\/strong><\/p>\n<p>[su_custom_gallery source=\u00bbmedia: 6295,6296,6294,6289,6300,6299,6297,6298,6293,6292,6291,6290,6288,6289,6286,6287,6285,6284&#8243; limit=\u00bb26&#8243; link=\u00bblightbox\u00bb width=\u00bb288&#8243; height=\u00bb162&#8243;]<\/p>\n<p>&nbsp;<\/p>\n<p>&nbsp;<\/p>\n<\/div>\n<\/div>\n<\/div>\n","protected":false},"excerpt":{"rendered":"<p>Asumieron los nuevos concejales de Rivadavia noviembre 28, 2019&nbsp;By Institucional 0 Con la presencia del Intendente Miguel \u00c1ngel Ronco, el Secretario de Gobierno, Hern\u00e1n Amat, Senadores, Diputados Provinciales, miembros del poder ejecutivo y p\u00fablico en general, en una sala de sesiones \u201cBandera Nacional Argentina\u201d del Honorable Concejo Deliberante de Rivadavia, se llev\u00f3 el acto de [&hellip;]<\/p>\n","protected":false},"author":1,"featured_media":12802,"comment_status":"closed","ping_status":"closed","sticky":false,"template":"","format":"standard","meta":{"_acf_changed":false,"footnotes":""},"categories":[69],"tags":[],"class_list":["post-6275","post","type-post","status-publish","format-standard","has-post-thumbnail","hentry","category-novedades"],"acf":[],"_links":{"self":[{"href":"https:\/\/coworkdigital.com.ar\/hcd\/wp-json\/wp\/v2\/posts\/6275","targetHints":{"allow":["GET"]}}],"collection":[{"href":"https:\/\/coworkdigital.com.ar\/hcd\/wp-json\/wp\/v2\/posts"}],"about":[{"href":"https:\/\/coworkdigital.com.ar\/hcd\/wp-json\/wp\/v2\/types\/post"}],"author":[{"embeddable":true,"href":"https:\/\/coworkdigital.com.ar\/hcd\/wp-json\/wp\/v2\/users\/1"}],"replies":[{"embeddable":true,"href":"https:\/\/coworkdigital.com.ar\/hcd\/wp-json\/wp\/v2\/comments?post=6275"}],"version-history":[{"count":1,"href":"https:\/\/coworkdigital.com.ar\/hcd\/wp-json\/wp\/v2\/posts\/6275\/revisions"}],"predecessor-version":[{"id":12803,"href":"https:\/\/coworkdigital.com.ar\/hcd\/wp-json\/wp\/v2\/posts\/6275\/revisions\/12803"}],"wp:featuredmedia":[{"embeddable":true,"href":"https:\/\/coworkdigital.com.ar\/hcd\/wp-json\/wp\/v2\/media\/12802"}],"wp:attachment":[{"href":"https:\/\/coworkdigital.com.ar\/hcd\/wp-json\/wp\/v2\/media?parent=6275"}],"wp:term":[{"taxonomy":"category","embeddable":true,"href":"https:\/\/coworkdigital.com.ar\/hcd\/wp-json\/wp\/v2\/categories?post=6275"},{"taxonomy":"post_tag","embeddable":true,"href":"https:\/\/coworkdigital.com.ar\/hcd\/wp-json\/wp\/v2\/tags?post=6275"}],"curies":[{"name":"wp","href":"https:\/\/api.w.org\/{rel}","templated":true}]}}