{"id":6280,"date":"2019-12-28T15:10:23","date_gmt":"2019-12-28T15:10:23","guid":{"rendered":"http:\/\/rivadaviamendoza.gob.ar\/hcd\/?p=6280"},"modified":"2023-08-07T18:19:03","modified_gmt":"2023-08-07T18:19:03","slug":"suarez-anuncio-la-derogacion-de-la-ley-9209","status":"publish","type":"post","link":"https:\/\/coworkdigital.com.ar\/hcd\/suarez-anuncio-la-derogacion-de-la-ley-9209\/","title":{"rendered":"Suarez anunci\u00f3 la derogaci\u00f3n de la ley 9209"},"content":{"rendered":"<h5>Se trata de la legislaci\u00f3n que reforma la norma 7722. El&nbsp;lunes se enviar\u00e1 el proyecto a la Legislatura, donde primero lo tratar\u00e1 la C\u00e1mara de Senadores y luego la C\u00e1mara de Diputados para que se restablezca la ley. \u201cEl pueblo es el soberano, y nosotros lo escuchamos\u201d, asegur\u00f3 el mandatario.<\/h5>\n<p>En Casa de Gobierno, el Gobernador Rodolfo Suarez se reuni\u00f3 este viernes con los intendentes de Mendoza y legisladores provinciales para tratar la derogaci\u00f3n de la ley 9209, que reforma la ley 7722.<\/p>\n<p>Luego del encuentro, el Gobernador brind\u00f3 una conferencia de prensa donde anunci\u00f3 la derogaci\u00f3n de la norma.<\/p>\n<p>El mandatario detall\u00f3 la serie de reuniones que formaron parte de la mesa de di\u00e1logo que se abri\u00f3 durante los \u00faltimos d\u00edas con distintos sectores como la Iglesia; la Corenave; la C\u00e1mara de Comercio de Malarg\u00fce, y, esta tarde, los representantes de cada departamento.<\/p>\n<p>\u201cHemos llegado a una conclusi\u00f3n, como lo dijimos en campa\u00f1a, los partidos mayoritarios, nosotros impuls\u00e1bamos una ley de manera tal de posibilitar el crecimiento econ\u00f3mico de la provincia, en base a dos condiciones, una que era bajo estrictos controles; y la otra, bajo consenso o licencia social. Evidentemente, esa licencia social no existe en la provincia\u201d.<\/p>\n<p>\u201cTambi\u00e9n dijimos en campa\u00f1a que este Gobierno iba a ser de puertas abiertas, de dialogo, como lo estamos haciendo en este momento y que \u00edbamos a escuchar a los mendocinos\u201d.<\/p>\n<p>\u201cDespu\u00e9s de haber escuchado a los intendentes decid\u00ed enviar la derogaci\u00f3n de la ley 9209 y el restablecimiento de la ley 7722 en toda la provincia, eso tiene que ver que si bien esta ley es legal no tiene la legitimidad del pueblo\u201d, sostuvo Suarez. Y agreg\u00f3: \u201cNo dimensionamos esto y como Gobernador asumo toda la responsabilidad que tenga que asumir\u201d.<\/p>\n<p>\u201cLo hice en el convencimiento de que la matriz productiva de Mendoza tiene que crecer. Adem\u00e1s, dije que las decisiones no solo tienen que ser legales, sino tambi\u00e9n tienen que ser leg\u00edtimas, y nosotros escuchamos\u201d.<\/p>\n<p>El Gobernador mendocino confirm\u00f3 que el lunes enviar\u00e1 el proyecto a la Legislatura, donde primero lo tratar\u00e1 la C\u00e1mara de Senadores y luego la C\u00e1mara de Diputados para que se restablezca todo a la ley 7722, y as\u00ed dejar sin vigencia la ley 9209.<\/p>\n<p>\u201cHa sido comunicado a todos los legisladores de la provincia y est\u00e1n de acuerdo en este sentido, por lo cual a todo el pueblo de Mendoza quiero transmitirle tranquilidad y que cesen los cortes y las protestas que no tienen raz\u00f3n de ser con esto queda demostrado que el Gobierno escucha y que queremos paz en nuestros hogares\u201d.<\/p>\n<p>\u201cLa m\u00e1xima responsabilidad es que tengamos un fin de a\u00f1o en paz\u201d, asegur\u00f3 y agreg\u00f3 que los cambios los hizo \u201ccon el convencimiento de que es la forma de mejorar la matriz productiva de la provincia\u201d.<\/p>\n<p>\u201cVamos a abrir el dialogo del debate que hemos tenido con los intendentes\u201d, asegur\u00f3 Suarez.<\/p>\n<p>\u201cVamos a constituir una mesa del desarrollo productivo de Mendoza, donde vamos a escuchar a todos. Vamos a buscar alternativas, porque las necesitamos\u201d.<\/p>\n<p>En este sentido, el mandatario indic\u00f3 que el espacio puede llegar a funcionar en la Legislatura, donde \u201cvamos a convocar a todos para tener pol\u00edticas de Estado en cuanto al desarrollo de Mendoza\u201d.<\/p>\n<p>\u201cEl pueblo se ha expresado en las calles. El pueblo es soberano, y nosotros lo escuchamos\u201d.<\/p>\n<p>&nbsp;<\/p>\n","protected":false},"excerpt":{"rendered":"<p>Se trata de la legislaci\u00f3n que reforma la norma 7722. El&nbsp;lunes se enviar\u00e1 el proyecto a la Legislatura, donde primero lo tratar\u00e1 la C\u00e1mara de Senadores y luego la C\u00e1mara de Diputados para que se restablezca la ley. \u201cEl pueblo es el soberano, y nosotros lo escuchamos\u201d, asegur\u00f3 el mandatario. En Casa de Gobierno, el [&hellip;]<\/p>\n","protected":false},"author":1,"featured_media":12797,"comment_status":"closed","ping_status":"closed","sticky":false,"template":"","format":"standard","meta":{"_acf_changed":false,"footnotes":""},"categories":[69],"tags":[],"class_list":["post-6280","post","type-post","status-publish","format-standard","has-post-thumbnail","hentry","category-novedades"],"acf":[],"_links":{"self":[{"href":"https:\/\/coworkdigital.com.ar\/hcd\/wp-json\/wp\/v2\/posts\/6280","targetHints":{"allow":["GET"]}}],"collection":[{"href":"https:\/\/coworkdigital.com.ar\/hcd\/wp-json\/wp\/v2\/posts"}],"about":[{"href":"https:\/\/coworkdigital.com.ar\/hcd\/wp-json\/wp\/v2\/types\/post"}],"author":[{"embeddable":true,"href":"https:\/\/coworkdigital.com.ar\/hcd\/wp-json\/wp\/v2\/users\/1"}],"replies":[{"embeddable":true,"href":"https:\/\/coworkdigital.com.ar\/hcd\/wp-json\/wp\/v2\/comments?post=6280"}],"version-history":[{"count":1,"href":"https:\/\/coworkdigital.com.ar\/hcd\/wp-json\/wp\/v2\/posts\/6280\/revisions"}],"predecessor-version":[{"id":12799,"href":"https:\/\/coworkdigital.com.ar\/hcd\/wp-json\/wp\/v2\/posts\/6280\/revisions\/12799"}],"wp:featuredmedia":[{"embeddable":true,"href":"https:\/\/coworkdigital.com.ar\/hcd\/wp-json\/wp\/v2\/media\/12797"}],"wp:attachment":[{"href":"https:\/\/coworkdigital.com.ar\/hcd\/wp-json\/wp\/v2\/media?parent=6280"}],"wp:term":[{"taxonomy":"category","embeddable":true,"href":"https:\/\/coworkdigital.com.ar\/hcd\/wp-json\/wp\/v2\/categories?post=6280"},{"taxonomy":"post_tag","embeddable":true,"href":"https:\/\/coworkdigital.com.ar\/hcd\/wp-json\/wp\/v2\/tags?post=6280"}],"curies":[{"name":"wp","href":"https:\/\/api.w.org\/{rel}","templated":true}]}}