{"id":8067,"date":"2007-04-10T12:27:32","date_gmt":"2007-04-10T12:27:32","guid":{"rendered":"http:\/\/www.rivadaviamendoza.gob.ar\/hcd\/?p=5416"},"modified":"2007-04-10T12:27:32","modified_gmt":"2007-04-10T12:27:32","slug":"resolucion-45-2007","status":"publish","type":"post","link":"https:\/\/coworkdigital.com.ar\/hcd\/resolucion-45-2007\/","title":{"rendered":"Resoluci\u00f3n 45-2007"},"content":{"rendered":"<p style=\"text-align: center;\"><strong><img fetchpriority=\"high\" decoding=\"async\" class=\"wp-image-1054 aligncenter\" src=\"http:\/\/rd.gov.ar\/wp4\/wp-content\/uploads\/2017\/02\/encabezado-300x60.jpg\" sizes=\"(max-width: 669px) 100vw, 669px\" srcset=\"http:\/\/www.rivadaviamendoza.gob.ar\/hcd\/wp-content\/uploads\/2017\/02\/encabezado-300x60.jpg 300w, http:\/\/www.rivadaviamendoza.gob.ar\/hcd\/wp-content\/uploads\/2017\/02\/encabezado-768x153.jpg 768w, http:\/\/www.rivadaviamendoza.gob.ar\/hcd\/wp-content\/uploads\/2017\/02\/encabezado-1024x203.jpg 1024w\" alt=\"\" width=\"669\" height=\"134\" \/><\/strong><\/p>\n<p style=\"text-align: center;\"><strong>RESOLUCI\u00d3N N\u00b0 45<\/strong><\/p>\n<p style=\"text-align: justify;\"><strong>VISTO:<br \/>\n<\/strong>El Expediente N\u00b0 2007-00083-5, caratulado Bloque Socialista, Concejales Vicente- Heras, presentan Proyecto de Resoluci\u00f3n referido a la solicitud de remisi\u00f3n a este Cuerpo del Anexo I y propuesta de recorridos de colectivos, y<\/p>\n<p style=\"text-align: justify;\"><strong>CONSIDERANDO:<\/strong><br \/>\nQue el Gobierno de la Provincia a trav\u00e9s de los decretos 256\/07 y 659\/06 ha llamado a licitaci\u00f3n p\u00fablica nacional para las prestaciones de los servicios p\u00fablicos de transporte colectivo de pasajeros urbano, de media y larga distancia de la zona este de la provincia, los que se han dividido en dos grupos (Grupo 700 \u2013 Grupo 750).<br \/>\nQue si bien los pliegos generales y particulares han sido difundidos ampliamente, y contienen el objetivo de brindar un servicio de transporte p\u00fablico de pasajeros acorde con las exigencias que plantean los usuarios, con criterios de eficacia y eficiencia, incluso la protecci\u00f3n del medio ambiente, no existe informaci\u00f3n en los mismos sobre recorridos, horarios y frecuencias que realizar\u00e1n dichos grupos, lo que genera incertidumbre entre los usuarios sobre si mejorar\u00e1 el servicio que prestan actualmente las Empresas Nueva Generaci\u00f3n, El R\u00e1pido y E.P.T.M.<br \/>\nQue el municipio de Rivadavia viene acompa\u00f1ando el proceso de licitaci\u00f3n del transporte de la zona este, sin embargo, tampoco ha sido informado respecto de los puntos detallados anteriormente.<br \/>\nQue a pesar de haber realizado el Ministerio de Ambiente y Obras P\u00fablicas de la Provincia consultas con vecinos para mejorar el pliego de licitaci\u00f3n, no se encuentra en los mismos descripci\u00f3n alguna de los recorridos, los horarios y las frecuencias a prestar por los Grupos 700 y 750.<br \/>\nQue esta situaci\u00f3n plantea dudas a los usuarios respecto de si se mantendr\u00e1n las prestaciones que lleva adelante la Empresa Provincial de Transporte de Mendoza a trav\u00e9s de la actual l\u00ednea 240.<br \/>\nQue es importante destacar que la E.P.T.M. desembarc\u00f3 en la zona este por una raz\u00f3n de fuerza mayor dado que los empresarios que estaban a cargo de la l\u00ednea 240 la abandonaron sin previo aviso.<br \/>\nQue esta prestaci\u00f3n se ha convertido en una alternativa v\u00e1lida para los usuarios de la zona, posibilidad que ya ten\u00edan con anterioridad los usuarios del Gran Mendoza.<br \/>\nQue este servicio estatal brinda la posibilidad a los mayores de 70 a\u00f1os de viajar sin cargo mediante entrega de un abono, y a los estudiantes universitarios de acceder al medio boleto estudiantil.<br \/>\nQue el servicio prestado por la E.P.T.M ha mejorado sustancialmente con respecto al que ven\u00edan prestando las empresas privadas en la l\u00ednea 240, extendiendo los recorridos, aumentando las frecuencias, cumpliendo con los horarios, entre otros aspectos reconocidos p\u00fablicamente por los usuarios de la l\u00ednea.<br \/>\nQue la E.P.T.M. tambi\u00e9n presta el servicio a trav\u00e9s del Grupo 02 en el Gran Mendoza brindando alternativas a los usuarios metropolitanos, por lo que deber\u00eda el Ministerio de Ambiente y Obras P\u00fablicas acceder a la posibilidad que los vecinos de la zona este tambi\u00e9n lo tuvieran como opci\u00f3n, visto lo expuesto en p\u00e1rrafos anteriores.<\/p>\n<p style=\"text-align: justify;\"><strong>POR ELLO<\/strong><br \/>\nEl Concejo Deliberante de Rivadavia, Mendoza, en uso de sus facultades:<\/p>\n<p style=\"text-align: center;\"><strong>RESUELVE<\/strong><\/p>\n<p style=\"text-align: justify;\"><strong>Art\u00edculo 1\u00b0:<\/strong> Solicitar al Ministerio de Ambiente y Obras P\u00fablicas de la Provincia de Mendoza la remisi\u00f3n a este Cuerpo del ANEXO I\u00a0 y la propuesta de recorridos, horarios y frecuencias de colectivos incluidas en la licitaci\u00f3n p\u00fablica para los servicios de transporte de pasajeros urbano, de media y larga distancia de la zona este (Grupos 700 y 750).<\/p>\n<p style=\"text-align: justify;\"><strong>Art\u00edculo 2\u00b0:<\/strong> Solicitar al Ministerio de Ambiente y Obras P\u00fablicas la continuidad de la prestaci\u00f3n del\u00a0\u00a0\u00a0 servicio de transporte de pasajeros de la Empresa Provincial de Transporte de Mendoza (E.P.T.M) en la actual l\u00ednea 240.<\/p>\n<p style=\"text-align: justify;\"><strong>Art\u00edculo 3\u00b0:<\/strong> Rem\u00edtase copia de la presente a las Comisiones de Obras P\u00fablicas de la H. C. de Senadores y H.C. de Diputados, a la E.P.T.M. y a los Concejos Deliberantes de la Zona Este.<\/p>\n<p style=\"text-align: justify;\"><strong>Art\u00edculo 4\u00b0:<\/strong> Comun\u00edquese al Departamento Ejecutivo a sus efectos, e ins\u00e9rtese en el Libro de Resoluciones de este Cuerpo.<\/p>\n<p style=\"text-align: justify;\">Dada en la Sala de Sesiones Bandera Nacional Argentina del Concejo Deliberante de Rivadavia, Mendoza, a los 10 d\u00edas del mes de abril de 2007.<\/p>\n<table>\n<tbody>\n<tr>\n<td style=\"text-align: center;\">RUB\u00c9N DAR\u00cdO GRANDO<\/td>\n<td style=\"text-align: center;\">FLORINDA SEOANE<\/td>\n<\/tr>\n<tr>\n<td style=\"text-align: center;\">SECRETARIO C.D.<\/td>\n<td style=\"text-align: center;\">PRESIDENTA C.D.<\/td>\n<\/tr>\n<\/tbody>\n<\/table>\n<p style=\"text-align: right;\">Cpde. Expte. N\u00ba 2007-00083-5<\/p>\n","protected":false},"excerpt":{"rendered":"<p>RESOLUCI\u00d3N N\u00b0 45 VISTO: El Expediente N\u00b0 2007-00083-5, caratulado Bloque Socialista, Concejales Vicente- Heras, presentan Proyecto de Resoluci\u00f3n referido a la solicitud de remisi\u00f3n a este Cuerpo del Anexo I y propuesta de recorridos de colectivos, y CONSIDERANDO: Que el Gobierno de la Provincia a trav\u00e9s de los decretos 256\/07 y 659\/06 ha llamado a [&hellip;]<\/p>\n","protected":false},"author":1,"featured_media":1020,"comment_status":"closed","ping_status":"closed","sticky":false,"template":"","format":"standard","meta":{"_acf_changed":false,"footnotes":""},"categories":[65],"tags":[],"class_list":["post-8067","post","type-post","status-publish","format-standard","has-post-thumbnail","hentry","category-resoluciones"],"acf":[],"_links":{"self":[{"href":"https:\/\/coworkdigital.com.ar\/hcd\/wp-json\/wp\/v2\/posts\/8067","targetHints":{"allow":["GET"]}}],"collection":[{"href":"https:\/\/coworkdigital.com.ar\/hcd\/wp-json\/wp\/v2\/posts"}],"about":[{"href":"https:\/\/coworkdigital.com.ar\/hcd\/wp-json\/wp\/v2\/types\/post"}],"author":[{"embeddable":true,"href":"https:\/\/coworkdigital.com.ar\/hcd\/wp-json\/wp\/v2\/users\/1"}],"replies":[{"embeddable":true,"href":"https:\/\/coworkdigital.com.ar\/hcd\/wp-json\/wp\/v2\/comments?post=8067"}],"version-history":[{"count":0,"href":"https:\/\/coworkdigital.com.ar\/hcd\/wp-json\/wp\/v2\/posts\/8067\/revisions"}],"wp:featuredmedia":[{"embeddable":true,"href":"https:\/\/coworkdigital.com.ar\/hcd\/wp-json\/wp\/v2\/media\/1020"}],"wp:attachment":[{"href":"https:\/\/coworkdigital.com.ar\/hcd\/wp-json\/wp\/v2\/media?parent=8067"}],"wp:term":[{"taxonomy":"category","embeddable":true,"href":"https:\/\/coworkdigital.com.ar\/hcd\/wp-json\/wp\/v2\/categories?post=8067"},{"taxonomy":"post_tag","embeddable":true,"href":"https:\/\/coworkdigital.com.ar\/hcd\/wp-json\/wp\/v2\/tags?post=8067"}],"curies":[{"name":"wp","href":"https:\/\/api.w.org\/{rel}","templated":true}]}}