{"id":8068,"date":"2007-04-10T12:20:49","date_gmt":"2007-04-10T12:20:49","guid":{"rendered":"http:\/\/www.rivadaviamendoza.gob.ar\/hcd\/?p=5418"},"modified":"2007-04-10T12:20:49","modified_gmt":"2007-04-10T12:20:49","slug":"resolucion-44-2007","status":"publish","type":"post","link":"https:\/\/coworkdigital.com.ar\/hcd\/resolucion-44-2007\/","title":{"rendered":"Resoluci\u00f3n 44-2007"},"content":{"rendered":"<p style=\"text-align: center;\"><strong><img fetchpriority=\"high\" decoding=\"async\" class=\"wp-image-1054 aligncenter\" src=\"http:\/\/rd.gov.ar\/wp4\/wp-content\/uploads\/2017\/02\/encabezado-300x60.jpg\" sizes=\"(max-width: 669px) 100vw, 669px\" srcset=\"http:\/\/www.rivadaviamendoza.gob.ar\/hcd\/wp-content\/uploads\/2017\/02\/encabezado-300x60.jpg 300w, http:\/\/www.rivadaviamendoza.gob.ar\/hcd\/wp-content\/uploads\/2017\/02\/encabezado-768x153.jpg 768w, http:\/\/www.rivadaviamendoza.gob.ar\/hcd\/wp-content\/uploads\/2017\/02\/encabezado-1024x203.jpg 1024w\" alt=\"\" width=\"669\" height=\"134\" \/><\/strong><\/p>\n<p style=\"text-align: center;\"><strong>RESOLUCI\u00d3N N\u00b044<\/strong><\/p>\n<p style=\"text-align: justify;\"><strong>VISTO<\/strong><br \/>\nEl Expediente N\u00b02007-00082-7, caratulado Bloque Justicialista, Concejales Pedernera, Montes, solicitan Declarar de Inter\u00e9s Cultural Departamental, a la Primera Fiesta y Elecci\u00f3n de la Flor de la Tradici\u00f3n Nacional, y<\/p>\n<p style=\"text-align: justify;\"><strong>CONSIDERANDO<\/strong><br \/>\nLa proximidad de la realizaci\u00f3n de la Fiesta y Elecci\u00f3n de la Flor de la Tradici\u00f3n, evento este, que por primera vez se realiza en el Pa\u00eds.<br \/>\nQue, la presente en su momento tambi\u00e9n fue solicitada por las Provincias de Salta y C\u00f3rdoba, siendo nuestra provincia la elegida para la realizaci\u00f3n de la misma, a ra\u00edz de las gestiones realizadas por vecinos de Rivadavia, precisamente de la Agrupaci\u00f3n Cultural Patria y Tradici\u00f3n.<br \/>\nQue, \u00e9sta Fiesta se realizar\u00e1 a partir del d\u00eda 13 al 15 del corriente mes, en el predio de la Caba\u00f1a Tulumaya, escenario natural donde se realizan distintas actividades de nuestra tradici\u00f3n.<br \/>\nQue, al evento ya han asegurado su presencia distintas delegaciones gauchas de distintos puntos de nuestro pa\u00eds, y que cada una de ellas traer\u00e1 embajadores culturales para difundir sus costumbres. Adem\u00e1s, cada delegaci\u00f3n asistir\u00e1 con su representante a la elecci\u00f3n de la reina de la Flor de la Tradici\u00f3n, hecho este, que por primera vez se realizar\u00e1 a nivel Nacional.<br \/>\nQue, tambi\u00e9n se debe destacar la presencia de un gran n\u00famero de payadores que hacen de la payada un canto al amor, de la amistad, de la cultura, etc..<br \/>\nQue, cabe destacar, que ante la importancia de este evento, Rivadavia tendr\u00e1 la oportunidad de hacer conocer de nuestro departamento, sus costumbres; c\u00f3mo son los mendocinos; qu\u00e9 se produce en Rivadavia, y de sus costumbres gauchas.<br \/>\nQue este Concejo Deliberante, ve con sumo agrado la iniciativa llevada adelante por la Agrupaci\u00f3n Cultural Patria y Tradici\u00f3n.<\/p>\n<p style=\"text-align: justify;\"><strong>POR ELLO<\/strong><br \/>\nEl Honorable Concejo Deliberante de Rivadavia, Mendoza, en uso de sus facultades:<\/p>\n<p style=\"text-align: center;\"><strong>RESUELVE<\/strong><\/p>\n<p style=\"text-align: justify;\"><strong>Art\u00edculo 1\u00b0:<\/strong> El Concejo Deliberante de Rivadavia, Provincia de Mendoza, Declara de\u00a0 Inter\u00e9s Cultural Departamental, a la Primera Fiesta y Elecci\u00f3n de la Flor de la Tradici\u00f3n Nacional, a realizarse en la Caba\u00f1a Tulumaya, los d\u00edas 13, 14 y 15 de abril de 2007.<\/p>\n<p style=\"text-align: justify;\"><strong>Art\u00edculo 2\u00b0:<\/strong> Rem\u00edtase copia de la presente pieza legal, a todos los Concejos Deliberantes de la Provincia, a los efectos de su adhesi\u00f3n, y a la Comisi\u00f3n Organizadora del presente evento.<\/p>\n<p style=\"text-align: justify;\"><strong>Art\u00edculo 3\u00b0:<\/strong> Comun\u00edquese al Departamento Ejecutivo a sus efectos e ins\u00e9rtese en el Libro de Resoluciones de este Cuerpo.<\/p>\n<p style=\"text-align: justify;\">Dada en la Sala de Sesiones Bandera Nacional Argentina del Concejo Deliberante de Rivadavia, Mendoza, a los 10 d\u00edas del mes de abril de 2007.<\/p>\n<table>\n<tbody>\n<tr>\n<td style=\"text-align: center;\">RUB\u00c9N DAR\u00cdO GRANDO<\/td>\n<td style=\"text-align: center;\">FLORINDA SEOANE<\/td>\n<\/tr>\n<tr>\n<td style=\"text-align: center;\">SECRETARIO C.D.<\/td>\n<td style=\"text-align: center;\">PRESIDENTA C.D.<\/td>\n<\/tr>\n<\/tbody>\n<\/table>\n<p style=\"text-align: right;\">Cpde. Expte. N\u00ba 2007-00082-7<\/p>\n","protected":false},"excerpt":{"rendered":"<p>RESOLUCI\u00d3N N\u00b044 VISTO El Expediente N\u00b02007-00082-7, caratulado Bloque Justicialista, Concejales Pedernera, Montes, solicitan Declarar de Inter\u00e9s Cultural Departamental, a la Primera Fiesta y Elecci\u00f3n de la Flor de la Tradici\u00f3n Nacional, y CONSIDERANDO La proximidad de la realizaci\u00f3n de la Fiesta y Elecci\u00f3n de la Flor de la Tradici\u00f3n, evento este, que por primera vez [&hellip;]<\/p>\n","protected":false},"author":1,"featured_media":1020,"comment_status":"closed","ping_status":"closed","sticky":false,"template":"","format":"standard","meta":{"_acf_changed":false,"footnotes":""},"categories":[65],"tags":[],"class_list":["post-8068","post","type-post","status-publish","format-standard","has-post-thumbnail","hentry","category-resoluciones"],"acf":[],"_links":{"self":[{"href":"https:\/\/coworkdigital.com.ar\/hcd\/wp-json\/wp\/v2\/posts\/8068","targetHints":{"allow":["GET"]}}],"collection":[{"href":"https:\/\/coworkdigital.com.ar\/hcd\/wp-json\/wp\/v2\/posts"}],"about":[{"href":"https:\/\/coworkdigital.com.ar\/hcd\/wp-json\/wp\/v2\/types\/post"}],"author":[{"embeddable":true,"href":"https:\/\/coworkdigital.com.ar\/hcd\/wp-json\/wp\/v2\/users\/1"}],"replies":[{"embeddable":true,"href":"https:\/\/coworkdigital.com.ar\/hcd\/wp-json\/wp\/v2\/comments?post=8068"}],"version-history":[{"count":0,"href":"https:\/\/coworkdigital.com.ar\/hcd\/wp-json\/wp\/v2\/posts\/8068\/revisions"}],"wp:featuredmedia":[{"embeddable":true,"href":"https:\/\/coworkdigital.com.ar\/hcd\/wp-json\/wp\/v2\/media\/1020"}],"wp:attachment":[{"href":"https:\/\/coworkdigital.com.ar\/hcd\/wp-json\/wp\/v2\/media?parent=8068"}],"wp:term":[{"taxonomy":"category","embeddable":true,"href":"https:\/\/coworkdigital.com.ar\/hcd\/wp-json\/wp\/v2\/categories?post=8068"},{"taxonomy":"post_tag","embeddable":true,"href":"https:\/\/coworkdigital.com.ar\/hcd\/wp-json\/wp\/v2\/tags?post=8068"}],"curies":[{"name":"wp","href":"https:\/\/api.w.org\/{rel}","templated":true}]}}