{"id":8072,"date":"2007-06-12T14:10:43","date_gmt":"2007-06-12T14:10:43","guid":{"rendered":"http:\/\/rd.gov.ar\/wp4\/?p=2623"},"modified":"2007-06-12T14:10:43","modified_gmt":"2007-06-12T14:10:43","slug":"ordenanza-4308-2007","status":"publish","type":"post","link":"https:\/\/coworkdigital.com.ar\/hcd\/ordenanza-4308-2007\/","title":{"rendered":"Ordenanza 4308-2007"},"content":{"rendered":"<p style=\"text-align: center;\"><strong><img fetchpriority=\"high\" decoding=\"async\" class=\"wp-image-1054 aligncenter\" src=\"http:\/\/rd.gov.ar\/wp4\/wp-content\/uploads\/2017\/02\/encabezado-300x60.jpg\" alt=\"\" width=\"669\" height=\"134\" \/><\/strong><\/p>\n<p style=\"text-align: center;\"><strong>ORDENANZA N\u00ba4.308<\/strong><\/p>\n<p style=\"text-align: justify;\"><strong>VISTO<\/strong><br \/>\nEl Expediente N\u00ba2007-00154-4, caratulado Asociaci\u00f3n Mutual 21 de setiembre, solicita desarchivo del Expediente N\u00ba2005-00370-8, referido nominar <strong>\u201cBARRIO JARD\u00cdN 21 DE SETIEMBRE\u201d<\/strong>, al Barrio del Loteo Asociaci\u00f3n Mutual 21 de setiembre, y a la calle interna del Barrio Jard\u00edn con el nombre de Pacual P\u00e9rez, y<\/p>\n<p style=\"text-align: justify;\"><strong>CONSIDERANDO<\/strong><br \/>\nQue el nombre <strong>\u201cBarrio Jard\u00edn 21 de Setiembre\u201d<\/strong>, propuesto por la Asociaci\u00f3n Mutual 21 de setiembre, ubicado en calle Prolongaci\u00f3n Presb\u00edtero Olgu\u00edn, entre calle Los Maitenes y Florencia Molina Campos, y a la calle interna <strong>\u201cPascual P\u00e9rez\u201d<\/strong>, comprendido entre calle Prolongaci\u00f3n Presb\u00edtero Olgu\u00edn, entre calle Los Maitenes y calle Florencio Molina Campos de esta Ciudad, no presenta ning\u00fan impedimento.<br \/>\nQue, la nominaci\u00f3n solicitada a la calle interna de un destacado deportistas\u00a0 mendocino, que naci\u00f3 el 4 de marzo de 1926, en Rodeo del Medio, obtuvo\u00a0 su primer logro Internacional en el a\u00f1o 1948, alcanzando la Medalla de Oro en los Juegos Ol\u00edmpicos en Londres, siendo el punto de partida del apodado \u201cPeque\u00f1o Gran Gigante\u201d.<br \/>\nQue, Pascual P\u00e9rez fue el primer argentino Campe\u00f3n Mundial, luego de que en Tokio venciera por puntos al local Yoshio Shirai. A su vez se lo catalogaba que boxeaba como los dioses y pegaba como una mula.<br \/>\nEn total protagoniz\u00f3 125 combates como amateur y logr\u00f3 16 campeonatos. Reci\u00e9n a los 26 a\u00f1os debut\u00f3 como boxeador profesional el 11 de noviembre de 1952, y su fallecimiento ocurri\u00f3 el 22 de enero de 1977, tres a\u00f1os despu\u00e9s recibi\u00f3 la distinci\u00f3n de la Fundaci\u00f3n Konex, en homenaje a su gran trayectoria.<br \/>\nQue este Cuerpo no tiene objeci\u00f3n alguna, a la solicitud realizada en la propuesta sugerida por la Asociaci\u00f3n Mutual 21 de Setiembre, la cual ha sido debidamente avalada mediante Acta de Asamblea General Ordinaria y Extraordinaria realizada el d\u00eda 27 de abril de 2007, y que consta de m\u00e1s del 75% de las firmas de los asociados, cumpliendo con los requisitos de la Resoluci\u00f3n N\u00ba16\/96, que obra en el Expediente en tratamiento.<\/p>\n<p style=\"text-align: justify;\"><strong>POR ELLO<\/strong><br \/>\nEl Concejo Deliberante de Rivadavia, Mendoza, y en uso de sus facultades:<\/p>\n<p style=\"text-align: center;\"><strong>ORDENA<\/strong><\/p>\n<p style=\"text-align: justify;\"><strong>Art\u00edculo 1\u00ba:<\/strong> Nom\u00ednese <strong>\u201cBARRIO JARD\u00cdN 21 DE SETIEMBRE\u201d<\/strong>, al Barrio del Loteo Asociaci\u00f3n Mutual 21 de setiembre, ubicado en calle Prolongaci\u00f3n Presb\u00edtero Olgu\u00edn, entre calle Los Maitenes y Florencia Molina Campos.<\/p>\n<p style=\"text-align: justify;\"><strong>Art\u00edculo 2\u00ba:<\/strong> Nom\u00ednase <strong>\u201cPASCUAL P\u00c9REZ\u201d<\/strong>, a la calle interna del Barrio Jard\u00edn 21 de Setiembre, de acuerdo con el croquis de referencia que se adjunta a la presente, correspondientes a las Manzanas <strong>A,B,C yD<\/strong>.<\/p>\n<p style=\"text-align: justify;\"><strong>Art\u00edculo 3\u00ba:<\/strong> Por Secretar\u00eda de Obras y Servicios P\u00fablicos, proc\u00e9dase a la colocaci\u00f3n de carteles indicadores.<\/p>\n<p style=\"text-align: justify;\"><strong>Art\u00edculo 4\u00ba:<\/strong> Notif\u00edquese a la Direcci\u00f3n Provincial de Rentas, Catastro, Correo Argentino, Cooperativa El\u00e9ctrica y Anexo Popular Ltda.., Obras Sanitarias Mendoza S.A., Secretar\u00eda de Obras y Servicios P\u00fablicos y Asesor\u00eda Legal.<\/p>\n<p style=\"text-align: justify;\"><strong>Art\u00edculo\u00a0 5\u00ba:<\/strong> Rem\u00edtase copia de la presente Ordenanza a la Asociaci\u00f3n Mutual 21 de Setiembre, para su conocimiento y efectos.<\/p>\n<p style=\"text-align: justify;\"><strong>Art\u00edculo 6\u00ba:<\/strong> Comun\u00edquese al Departamento Ejecutivo a sus efectos, d\u00e9se al Registro Municipal, publ\u00edquese e ins\u00e9rtese en el Libro de Ordenanzas de este Cuerpo.<\/p>\n<p style=\"text-align: justify;\">Dada en la Sala de Sesiones Bandera Nacional Argentina, del Concejo deliberante de Rivadavia, Mendoza, a los 12 d\u00edas del mes de junio de 2007.<\/p>\n<table>\n<tbody>\n<tr>\n<td style=\"text-align: center;\">RUBEN DARIO GRANDO<\/td>\n<td style=\"text-align: center;\">SERGIO FABIAN MONTES<\/td>\n<\/tr>\n<tr>\n<td style=\"text-align: center;\">SECRETARIO C.D.<\/td>\n<td style=\"text-align: center;\">VICEPRESIDENTE 1\u00ba C.D.<br \/>\nA\/C PRESIDENCIA C.D.<\/td>\n<\/tr>\n<\/tbody>\n<\/table>\n<p style=\"text-align: right;\">Cpde. Expte. N\u00ba 2007-00154-4 C.D.<\/p>\n","protected":false},"excerpt":{"rendered":"<p>ORDENANZA N\u00ba4.308 VISTO El Expediente N\u00ba2007-00154-4, caratulado Asociaci\u00f3n Mutual 21 de setiembre, solicita desarchivo del Expediente N\u00ba2005-00370-8, referido nominar \u201cBARRIO JARD\u00cdN 21 DE SETIEMBRE\u201d, al Barrio del Loteo Asociaci\u00f3n Mutual 21 de setiembre, y a la calle interna del Barrio Jard\u00edn con el nombre de Pacual P\u00e9rez, y CONSIDERANDO Que el nombre \u201cBarrio Jard\u00edn 21 [&hellip;]<\/p>\n","protected":false},"author":1,"featured_media":983,"comment_status":"closed","ping_status":"closed","sticky":false,"template":"","format":"standard","meta":{"_acf_changed":false,"footnotes":""},"categories":[63,64],"tags":[],"class_list":["post-8072","post","type-post","status-publish","format-standard","has-post-thumbnail","hentry","category-ordenanzas","category-ordenanzasanteriores"],"acf":[],"_links":{"self":[{"href":"https:\/\/coworkdigital.com.ar\/hcd\/wp-json\/wp\/v2\/posts\/8072","targetHints":{"allow":["GET"]}}],"collection":[{"href":"https:\/\/coworkdigital.com.ar\/hcd\/wp-json\/wp\/v2\/posts"}],"about":[{"href":"https:\/\/coworkdigital.com.ar\/hcd\/wp-json\/wp\/v2\/types\/post"}],"author":[{"embeddable":true,"href":"https:\/\/coworkdigital.com.ar\/hcd\/wp-json\/wp\/v2\/users\/1"}],"replies":[{"embeddable":true,"href":"https:\/\/coworkdigital.com.ar\/hcd\/wp-json\/wp\/v2\/comments?post=8072"}],"version-history":[{"count":0,"href":"https:\/\/coworkdigital.com.ar\/hcd\/wp-json\/wp\/v2\/posts\/8072\/revisions"}],"wp:featuredmedia":[{"embeddable":true,"href":"https:\/\/coworkdigital.com.ar\/hcd\/wp-json\/wp\/v2\/media\/983"}],"wp:attachment":[{"href":"https:\/\/coworkdigital.com.ar\/hcd\/wp-json\/wp\/v2\/media?parent=8072"}],"wp:term":[{"taxonomy":"category","embeddable":true,"href":"https:\/\/coworkdigital.com.ar\/hcd\/wp-json\/wp\/v2\/categories?post=8072"},{"taxonomy":"post_tag","embeddable":true,"href":"https:\/\/coworkdigital.com.ar\/hcd\/wp-json\/wp\/v2\/tags?post=8072"}],"curies":[{"name":"wp","href":"https:\/\/api.w.org\/{rel}","templated":true}]}}