{"id":8090,"date":"2008-04-01T12:30:40","date_gmt":"2008-04-01T12:30:40","guid":{"rendered":"http:\/\/www.rivadaviamendoza.gob.ar\/hcd\/?p=5362"},"modified":"2008-04-01T12:30:40","modified_gmt":"2008-04-01T12:30:40","slug":"declaracion-08-2008","status":"publish","type":"post","link":"https:\/\/coworkdigital.com.ar\/hcd\/declaracion-08-2008\/","title":{"rendered":"Declaraci\u00f3n 08-2008"},"content":{"rendered":"<p style=\"text-align: center;\"><strong><img fetchpriority=\"high\" decoding=\"async\" class=\"wp-image-1054 aligncenter\" src=\"http:\/\/rd.gov.ar\/wp4\/wp-content\/uploads\/2017\/02\/encabezado-300x60.jpg\" sizes=\"(max-width: 669px) 100vw, 669px\" srcset=\"http:\/\/www.rivadaviamendoza.gob.ar\/hcd\/wp-content\/uploads\/2017\/02\/encabezado-300x60.jpg 300w, http:\/\/www.rivadaviamendoza.gob.ar\/hcd\/wp-content\/uploads\/2017\/02\/encabezado-768x153.jpg 768w, http:\/\/www.rivadaviamendoza.gob.ar\/hcd\/wp-content\/uploads\/2017\/02\/encabezado-1024x203.jpg 1024w\" alt=\"\" width=\"669\" height=\"134\" \/><\/strong><\/p>\n<p style=\"text-align: center;\"><strong>DECLARACI\u00d3N N\u00b0 8<\/strong><\/p>\n<p style=\"text-align: justify;\"><strong>VISTO:<\/strong><br \/>\nEl Expediente N\u00ba 2007-00372-2, por el cual el Bloque Justicialista, Concejales Da Rold Andr\u00e9s y Terranova Liliana, presentan proyecto de Declaraci\u00f3n referido declarar de Inter\u00e9s Cultural al Programa Radial \u201cCon Identidad Nacional\u201d, y<\/p>\n<p style=\"text-align: justify;\"><strong>CONSIDERANDO:<\/strong><br \/>\nQue la importancia que tiene la Cultura, m\u00e1xime si se promueven valores relacionados con nuestro ser nacional, teniendo presente que un vecino del Departamento de Rivadavia, el Sr. \u00c1ngel Ram\u00edrez, viene realizando desde un largo tiempo, un programa radial que nos ense\u00f1a toda la geograf\u00eda musical folcl\u00f3rica argentina, matizando con el an\u00e1lisis de temas y hechos hist\u00f3ricos, culturales, y tur\u00edsticos de cada una de las Provincias Argentinas.<br \/>\nAsimismo en cada una de sus emisiones radiales, promueve todo lo relativo a la m\u00fasica folcl\u00f3rica de los cl\u00e1sicos y nuevos artistas.<br \/>\nQue, el programa, <strong>\u201cCON IDENTIDAD NACIONAL\u201d<\/strong>, comenz\u00f3 a emitirse el 1\u00ba de Junio de 2.002, por F.M. Amadeus del Departamento de Rivadavia hasta el d\u00eda 23 de Enero de 2.007, cumpliendo con 670 emisiones al aire y que como consecuencia de su destacada labor, principalmente por el inagotable aporte cultural, obtuvo en el a\u00f1o 2.06 el Premio \u201cGaviota de oro\u201d como mejor programa de m\u00fasica folcl\u00f3rica del Pa\u00eds, para programas de Radio de F.M. y canales de T.V. por cable.<br \/>\nAsimismo, el referenciado programa ha mantenido la conducci\u00f3n y locuci\u00f3n de \u00c1ngel Ram\u00edrez y por su continuidad, trayectoria, aportes culturales, seriedad y profundidad en el an\u00e1lisis de los diferentes fen\u00f3menos art\u00edsticos de nuestra m\u00fasica fue nuevamente nominado para la Gaviota de Oro 2007, obteniendo por segundo a\u00f1o consecutivo el mencionado premio del d\u00eda viernes 14 de Diciembre del a\u00f1o 2007, en la Ciudad de Mar del Plata, Provincia de Buenos Aires.<br \/>\nQue, el reconocimiento a nivel nacional obtenido por el programa \u201cCon Identidad Nacional\u201d, el cual es transmitido por Radio por Orion F.M. 106.5 Mhz, el cual se oye en todo el territorio de nuestro Departamento, amerita que se lo considere de \u201cInter\u00e9s Cultural para el Departamento de Rivadavia\u201d.<br \/>\nQue, la presente declaraci\u00f3n constituye un reconocimiento a la trayectoria y sin lugar a dudas, constituir\u00e1 un impulso y compromiso en la b\u00fasqueda de nuevos horizontes con mayor participaci\u00f3n, siendo tambi\u00e9n un incentivo para \u00e9sta y otras emisiones radiales.<\/p>\n<p style=\"text-align: justify;\"><strong>POR ELLO:<br \/>\n<\/strong>El Concejo Deliberante de Rivadavia, Mendoza, y en uso de sus facultades:<\/p>\n<p style=\"text-align: center;\"><strong>DECLARA<\/strong><\/p>\n<p style=\"text-align: justify;\"><strong>Art\u00edculo1\u00b0:<\/strong> El Concejo Deliberante de Rivadavia, Mendoza, declara de Inter\u00e9s Cultural el Programa Radial \u201cCon Identidad Nacional\u201d, el cual es transmitido por Radio Orion F.M. 106.5 Mhz., con domicilio en Barrio Las Rozas, M-1, C-20, del Departamento de Las Heras.<\/p>\n<p style=\"text-align: justify;\"><strong>Art\u00edculo 2\u00b0:<\/strong> La presente Declaraci\u00f3n no implicar\u00e1 erogaci\u00f3n alguna por parte de la Municipalidad de Rivadavia.<\/p>\n<p style=\"text-align: justify;\"><strong>Art\u00edculo 3\u00b0:<\/strong> Remitir copia de la presente Pieza Legal, a los se\u00f1ores Directivos de la Radio Orion F.M. 106.5 Mhz., y al se\u00f1or \u00c1ngel Ram\u00edrez, conductor del Programa Radial \u201cCon Identidad Nacional\u201d.<\/p>\n<p style=\"text-align: justify;\"><strong>Art\u00edculo 4\u00b0:<\/strong> Comun\u00edquese al Departamento Ejecutivo a sus efectos, e ins\u00e9rtese en el Libro de Declaraciones de este Cuerpo.<\/p>\n<p style=\"text-align: justify;\">Dada en la Sala de Sesiones Bandera Nacional Argentina, del Concejo Deliberante de Rivadavia, Mendoza a los 01 d\u00edas del mes de abril de 2.008.<\/p>\n<table>\n<tbody>\n<tr>\n<td style=\"text-align: center;\">ORLANDO JAVIER RODRIGUEZ<\/td>\n<td style=\"text-align: center;\">ENRIQUE LE\u00d3N<\/td>\n<\/tr>\n<tr>\n<td style=\"text-align: center;\">SECRETARIO C.D.<\/td>\n<td style=\"text-align: center;\">PRESIDENTE C.D.<\/td>\n<\/tr>\n<\/tbody>\n<\/table>\n<p style=\"text-align: right;\">Cpde. Expte. N\u00ba 2007-00372-2 C.D.<\/p>\n","protected":false},"excerpt":{"rendered":"<p>DECLARACI\u00d3N N\u00b0 8 VISTO: El Expediente N\u00ba 2007-00372-2, por el cual el Bloque Justicialista, Concejales Da Rold Andr\u00e9s y Terranova Liliana, presentan proyecto de Declaraci\u00f3n referido declarar de Inter\u00e9s Cultural al Programa Radial \u201cCon Identidad Nacional\u201d, y CONSIDERANDO: Que la importancia que tiene la Cultura, m\u00e1xime si se promueven valores relacionados con nuestro ser nacional, [&hellip;]<\/p>\n","protected":false},"author":1,"featured_media":4276,"comment_status":"closed","ping_status":"closed","sticky":false,"template":"","format":"standard","meta":{"_acf_changed":false,"footnotes":""},"categories":[66],"tags":[],"class_list":["post-8090","post","type-post","status-publish","format-standard","has-post-thumbnail","hentry","category-declaraciones"],"acf":[],"_links":{"self":[{"href":"https:\/\/coworkdigital.com.ar\/hcd\/wp-json\/wp\/v2\/posts\/8090","targetHints":{"allow":["GET"]}}],"collection":[{"href":"https:\/\/coworkdigital.com.ar\/hcd\/wp-json\/wp\/v2\/posts"}],"about":[{"href":"https:\/\/coworkdigital.com.ar\/hcd\/wp-json\/wp\/v2\/types\/post"}],"author":[{"embeddable":true,"href":"https:\/\/coworkdigital.com.ar\/hcd\/wp-json\/wp\/v2\/users\/1"}],"replies":[{"embeddable":true,"href":"https:\/\/coworkdigital.com.ar\/hcd\/wp-json\/wp\/v2\/comments?post=8090"}],"version-history":[{"count":0,"href":"https:\/\/coworkdigital.com.ar\/hcd\/wp-json\/wp\/v2\/posts\/8090\/revisions"}],"wp:featuredmedia":[{"embeddable":true,"href":"https:\/\/coworkdigital.com.ar\/hcd\/wp-json\/wp\/v2\/media\/4276"}],"wp:attachment":[{"href":"https:\/\/coworkdigital.com.ar\/hcd\/wp-json\/wp\/v2\/media?parent=8090"}],"wp:term":[{"taxonomy":"category","embeddable":true,"href":"https:\/\/coworkdigital.com.ar\/hcd\/wp-json\/wp\/v2\/categories?post=8090"},{"taxonomy":"post_tag","embeddable":true,"href":"https:\/\/coworkdigital.com.ar\/hcd\/wp-json\/wp\/v2\/tags?post=8090"}],"curies":[{"name":"wp","href":"https:\/\/api.w.org\/{rel}","templated":true}]}}