{"id":8095,"date":"2008-03-11T10:30:14","date_gmt":"2008-03-11T10:30:14","guid":{"rendered":"http:\/\/www.rivadaviamendoza.gob.ar\/hcd\/?p=5376"},"modified":"2008-03-11T10:30:14","modified_gmt":"2008-03-11T10:30:14","slug":"declaracion-03-2008","status":"publish","type":"post","link":"https:\/\/coworkdigital.com.ar\/hcd\/declaracion-03-2008\/","title":{"rendered":"Declaraci\u00f3n 03-2008"},"content":{"rendered":"<p style=\"text-align: center;\"><strong><img fetchpriority=\"high\" decoding=\"async\" class=\"wp-image-1054 aligncenter\" src=\"http:\/\/rd.gov.ar\/wp4\/wp-content\/uploads\/2017\/02\/encabezado-300x60.jpg\" sizes=\"(max-width: 669px) 100vw, 669px\" srcset=\"http:\/\/www.rivadaviamendoza.gob.ar\/hcd\/wp-content\/uploads\/2017\/02\/encabezado-300x60.jpg 300w, http:\/\/www.rivadaviamendoza.gob.ar\/hcd\/wp-content\/uploads\/2017\/02\/encabezado-768x153.jpg 768w, http:\/\/www.rivadaviamendoza.gob.ar\/hcd\/wp-content\/uploads\/2017\/02\/encabezado-1024x203.jpg 1024w\" alt=\"\" width=\"669\" height=\"134\" \/><\/strong><\/p>\n<p style=\"text-align: center;\"><strong>DECLARACI\u00d3N N\u00ba 3<\/strong><\/p>\n<p style=\"text-align: justify;\"><strong>VISTO:<\/strong><br \/>\nEl Expediente N\u00ba 2008-00103-0, caratulado Bloque socialista, Concejales Heras \u2013 Santarelli, presentan proyecto de Declaraci\u00f3n referido a Declarar de Inter\u00e9s Departamental el Centro de coordinaci\u00f3n de Pol\u00edticas sociales y Salud, en el marco de los festejos por el \u201cD\u00eda Internacional de la Mujer\u201d, y<\/p>\n<p style=\"text-align: justify;\"><strong>CONSIDERANDO<br \/>\n<\/strong>Que el d\u00eda 8 de marzo en nuestro Pa\u00eds, y en la mayor\u00eda de los pa\u00edses del mundo se conmemora el \u201cD\u00eda Internacional de la Mujer\u201d como forma de renovar el compromiso de trabajar por el pleno\u00a0 goce de los derechos pol\u00edticos, econ\u00f3micos, sociales y culturales de las mujeres en iguales condiciones con los hombres.<br \/>\nQue, las transformaciones y los cambios no han alcanzado aqu\u00ed ni en ning\u00fan lugar para erradicar totalmente la discriminaci\u00f3n hacia las mujeres. Cada a\u00f1o la violencia de g\u00e9nero se gana una cantidad insoportable de mujeres asesinadas por sus parejas. Las muertes por complicaciones de abortos inseguros son la primera causa de muerte materna en Argentina, y las responsabilidades familiares son todav\u00eda casi una exclusividad de la mayor\u00eda de las mujeres en nuestro pa\u00eds.<br \/>\nQue vivimos indudablemente en un Pa\u00eds rico, pero al mismo tiempo profundamente injusto y desigual.<br \/>\nQue la concentraci\u00f3n de la riqueza y la expansi\u00f3n de la pobreza divide transversalmente a la sociedad, generando como consecuencia la injusta distribuci\u00f3n del ingreso, excluyendo a los sectores m\u00e1s vulnerables (ni\u00f1as\/os y mujeres) que s\u00f3lo encuentran respuestas en pol\u00edticas asistenciales y fragmentadas.<br \/>\nQue no hay posibilidad de construir una sociedad m\u00e1s justa y equitativa si no se garantizan los Derechos Humanos;\u00a0 la igualdad de g\u00e9nero.<br \/>\nQue no hay posibilidades de construir una sociedad m\u00e1s humana, si no promovemos en los ciudadanos los cambios de valores, que nos inviten a pensar y actuar.<br \/>\nQue, reinstalar en la sociedad el debate en torno a \u201cCiudadan\u00eda y Derechos\u201d es una prioridad. El imperativo en la hora actual es buscar la inclusi\u00f3n social priorizando el abordaje de mujeres, ni\u00f1as\/os, adolescentes, con una visi\u00f3n integral, reconociendo a los mismos como Sujetos de Derechos, generando los mecanismos para enfrentar los obst\u00e1culos y avances en la sociedad.<br \/>\nQue hay una larga historia de avances, de retrocesos, de lucha y de pasi\u00f3n que encierra el camino que muchas mujeres han transitado y transitan en el mundo entero para mejorar su calidad de vida.<br \/>\nQue, en este homenaje podr\u00edamos enumerar una larga lista de mujeres que se han destacado en la historia de nuestro pa\u00eds por sus acciones, trabajos y lucha por los derechos de las mujeres. Ante esta larga lista, cada una de nosotras y nosotros se sentir\u00eda identificado con alguno que otro nombre en funci\u00f3n de su afinidad pol\u00edtica, de una reivindicaci\u00f3n particular o por una cuesti\u00f3n generacional.<br \/>\nQue, hoy queremos rendir homenaje a los\/as que luchan y trabajan en el Centro de Coordinaci\u00f3n de Pol\u00edticas Sociales y\u00a0 Salud. Es en este espacio f\u00edsico donde los equipos interdisciplinarios e intersectoriales fundamentalmente integrado por mujeres, enfermeras, m\u00e9dicas, psic\u00f3logas, trabajadoras sociales, abogadas, administrativos, t\u00e9cnicos, hacen un esfuerzo en el d\u00eda a d\u00eda para abordar integralmente las problem\u00e1ticas familiares, de mujeres, adolescentes, ninos\/as evitando la fragmentaci\u00f3n metodol\u00f3gica que se produce en las distintas instituciones y \u00e1reas que trabajan con las mismas personas.<br \/>\nQue el fortalecimiento de esta\u00a0 red institucional, integrada por el \u00c1rea Departamental de Salud, Hospital Carlos Saporitti, Direcci\u00f3n General de Escuelas (DOAPC), comisar\u00eda 13, Juzgado de Familia, \u00c1rea de la Mujer, Desarrollo Social de la Municipalidad y las Instituciones de la sociedad civil, ha permitido y permite garantizar la promoci\u00f3n , la prevenci\u00f3n y la atenci\u00f3n de los derechos.<br \/>\n\u201cLa lucha por la igualdad, a\u00fan cuando signifique emancipaci\u00f3n de la mujer, no puede referirse a ella solamente. Elevar a la mujer es elevar al ni\u00f1o, al hombre, a la familia y a la Humanidad\u201d.<\/p>\n<p style=\"text-align: justify;\"><strong>POR ELLO:<\/strong><br \/>\nEl Concejo Deliberante de Rivadavia, Mendoza y en uso de sus facultades:<\/p>\n<p style=\"text-align: center;\"><strong>DECLARA<\/strong><\/p>\n<p style=\"text-align: justify;\"><strong>Art\u00edculo 1\u00ba:<\/strong> Declarar de Inter\u00e9s Departamental el Centro de Coordinaciones de Pol\u00edticas Sociales y Salud, espacio f\u00edsico de referencia donde trabajan los equipos interdisciplinarios del \u00c1rea Departamental de Salud, Hospital Carlos Saporitti, Direcci\u00f3n General de Escuelas (DOAPC), Comisar\u00eda 13, Juzgado de Familia, \u00c1rea de la Mujer,\u00a0 Desarrollo Social de la Municipalidad de Rivadavia y las Instituciones de la sociedad civil.<\/p>\n<p style=\"text-align: justify;\"><strong>Art\u00edculo 2\u00ba:<\/strong> Fortalecer la red institucional con el objetivo de priorizar el abordaje de ni\u00f1os\/as, adolescentes y mujeres con una visi\u00f3n integral. Reconociendo a los mismos como Sujetos de Derecho.<\/p>\n<p style=\"text-align: justify;\"><strong>Art\u00edculo 3\u00ba:<\/strong> Que ver\u00edamos con agrado que se informe semestralmente del trabajo interdisciplinario e intersectorial realizo, para que surjan las propuestas pol\u00edticas de integraci\u00f3n social y de salud para este Departamento.<\/p>\n<p style=\"text-align: justify;\"><strong>Art\u00edculo 4\u00ba:<\/strong> Que ver\u00edamos con agrado que el Departamento Ejecutivo, a trav\u00e9s del \u00c1rea de Desarrollo Social, Salud y Medio Ambiente arbitre los medios necesarios para garantizar el funcionamiento del Centro de Coordinaci\u00f3n mencionado en el Art\u00edculo 1\u00ba.<\/p>\n<p style=\"text-align: justify;\"><strong>Art\u00edculo 5\u00ba:<\/strong> Comun\u00edquese al Departamento Ejecutivo a sus efectos, e ins\u00e9rtese en el Libro de Declaraciones de este Cuerpo.<\/p>\n<p style=\"text-align: justify;\">Dada en la Sala de Sesiones Bandera Nacional Argentina, del Concejo Deliberante de Rivadavia, Mendoza, a los 11 d\u00edas del mes de marzo de 2008.<\/p>\n<table>\n<tbody>\n<tr>\n<td style=\"text-align: center;\">ORLANDO JAVIER RODRIGUEZ<\/td>\n<td style=\"text-align: center;\">ENRIQUE LE\u00d3N<\/td>\n<\/tr>\n<tr>\n<td style=\"text-align: center;\">SECRETARIO C.D.<\/td>\n<td style=\"text-align: center;\">PRESIDENTE C.D.<\/td>\n<\/tr>\n<\/tbody>\n<\/table>\n<p style=\"text-align: right;\">Cpde. Expte. N\u00ba 2008-00103-0 C.D.<\/p>\n","protected":false},"excerpt":{"rendered":"<p>DECLARACI\u00d3N N\u00ba 3 VISTO: El Expediente N\u00ba 2008-00103-0, caratulado Bloque socialista, Concejales Heras \u2013 Santarelli, presentan proyecto de Declaraci\u00f3n referido a Declarar de Inter\u00e9s Departamental el Centro de coordinaci\u00f3n de Pol\u00edticas sociales y Salud, en el marco de los festejos por el \u201cD\u00eda Internacional de la Mujer\u201d, y CONSIDERANDO Que el d\u00eda 8 de marzo [&hellip;]<\/p>\n","protected":false},"author":1,"featured_media":4276,"comment_status":"closed","ping_status":"closed","sticky":false,"template":"","format":"standard","meta":{"_acf_changed":false,"footnotes":""},"categories":[66],"tags":[],"class_list":["post-8095","post","type-post","status-publish","format-standard","has-post-thumbnail","hentry","category-declaraciones"],"acf":[],"_links":{"self":[{"href":"https:\/\/coworkdigital.com.ar\/hcd\/wp-json\/wp\/v2\/posts\/8095","targetHints":{"allow":["GET"]}}],"collection":[{"href":"https:\/\/coworkdigital.com.ar\/hcd\/wp-json\/wp\/v2\/posts"}],"about":[{"href":"https:\/\/coworkdigital.com.ar\/hcd\/wp-json\/wp\/v2\/types\/post"}],"author":[{"embeddable":true,"href":"https:\/\/coworkdigital.com.ar\/hcd\/wp-json\/wp\/v2\/users\/1"}],"replies":[{"embeddable":true,"href":"https:\/\/coworkdigital.com.ar\/hcd\/wp-json\/wp\/v2\/comments?post=8095"}],"version-history":[{"count":0,"href":"https:\/\/coworkdigital.com.ar\/hcd\/wp-json\/wp\/v2\/posts\/8095\/revisions"}],"wp:featuredmedia":[{"embeddable":true,"href":"https:\/\/coworkdigital.com.ar\/hcd\/wp-json\/wp\/v2\/media\/4276"}],"wp:attachment":[{"href":"https:\/\/coworkdigital.com.ar\/hcd\/wp-json\/wp\/v2\/media?parent=8095"}],"wp:term":[{"taxonomy":"category","embeddable":true,"href":"https:\/\/coworkdigital.com.ar\/hcd\/wp-json\/wp\/v2\/categories?post=8095"},{"taxonomy":"post_tag","embeddable":true,"href":"https:\/\/coworkdigital.com.ar\/hcd\/wp-json\/wp\/v2\/tags?post=8095"}],"curies":[{"name":"wp","href":"https:\/\/api.w.org\/{rel}","templated":true}]}}