{"id":8096,"date":"2008-03-11T10:20:53","date_gmt":"2008-03-11T10:20:53","guid":{"rendered":"http:\/\/www.rivadaviamendoza.gob.ar\/hcd\/?p=5378"},"modified":"2008-03-11T10:20:53","modified_gmt":"2008-03-11T10:20:53","slug":"declaracion-02-2008","status":"publish","type":"post","link":"https:\/\/coworkdigital.com.ar\/hcd\/declaracion-02-2008\/","title":{"rendered":"Declaraci\u00f3n 02-2008"},"content":{"rendered":"<p style=\"text-align: center;\"><strong><img fetchpriority=\"high\" decoding=\"async\" class=\"wp-image-1054 aligncenter\" src=\"http:\/\/rd.gov.ar\/wp4\/wp-content\/uploads\/2017\/02\/encabezado-300x60.jpg\" sizes=\"(max-width: 669px) 100vw, 669px\" srcset=\"http:\/\/www.rivadaviamendoza.gob.ar\/hcd\/wp-content\/uploads\/2017\/02\/encabezado-300x60.jpg 300w, http:\/\/www.rivadaviamendoza.gob.ar\/hcd\/wp-content\/uploads\/2017\/02\/encabezado-768x153.jpg 768w, http:\/\/www.rivadaviamendoza.gob.ar\/hcd\/wp-content\/uploads\/2017\/02\/encabezado-1024x203.jpg 1024w\" alt=\"\" width=\"669\" height=\"134\" \/><\/strong><\/p>\n<p style=\"text-align: center;\"><strong>DECLARACI\u00d3N N\u00ba 2<\/strong><\/p>\n<p style=\"text-align: justify;\"><strong>VISTO:<\/strong><br \/>\nEl Expediente Municipal N\u00ba 3.404-9-D, por el que el Director de Desarrollo Social, solicita se arbitren los medios administrativos para declarar oficialmente de \u201cInter\u00e9s Departamental\u201d, eventos que se desarrollar\u00e1n entre los d\u00edas 12 y 15 del corriente mes y a\u00f1o en las instalaciones del Centro Integrador Comunitario (CIC), ubicado en el distrito Santa Mar\u00eda de Oro, y<\/p>\n<p style=\"text-align: justify;\"><strong>CONSIDERANDO<\/strong><br \/>\nQue los mismos estar\u00e1n enmarcados en los eventos que se realizar\u00e1n en la \u201cSemana de la Mujer\u201d.<br \/>\nQue el d\u00eda 8 de marzo est\u00e1 reconocido como el \u201cD\u00eda Internacional de la Mujer\u201d.<br \/>\nQue el temario propuesto, \u201cSexualidad y enfermedades de transmisi\u00f3n sexual; Derechos de la Mujer y Salud de la Mujer\u201d.<br \/>\nQue para el d\u00eda s\u00e1bado 15, est\u00e1 programada la presentaci\u00f3n de una obra de teatro \u201cProceso a Juana Azurduy\u201d.<br \/>\nQue es una buena oportunidad para propiciar el debate de un tema tan sensible e importante a nuestra sociedad como es la problem\u00e1tica de la mujer.<\/p>\n<p style=\"text-align: justify;\"><strong>POR ELLO<\/strong><br \/>\nEl Concejo Deliberante de Rivadavia, Mendoza y en uso de sus facultades:<\/p>\n<p style=\"text-align: center;\"><strong>DECLARA<\/strong><\/p>\n<p style=\"text-align: justify;\"><strong>Art\u00edculo 1\u00ba:<\/strong> Decl\u00e1rase de Inter\u00e9s Departamental al D\u00eda Internacional de la Mujer y alas actividades propuestas para los d\u00edas 12 al 15 de marzo del corriente a\u00f1o, llevadas a cabo en el Centro de Integraci\u00f3n comunitario de Santa Mar\u00eda de Oro.<\/p>\n<p style=\"text-align: justify;\"><strong>Art\u00edculo 2\u00ba:<\/strong> Rem\u00edtase copia de la presente a las Autoridades de la Mesa Coordinadora del CIC del distrito Santa Mar\u00eda de Oro.<\/p>\n<p style=\"text-align: justify;\"><strong>Art\u00edculo 3\u00ba:<\/strong> Dada en la Sala de Sesiones Bandera Nacional Argentina, del Concejo Deliberante de Rivadavia, Mendoza, a los 11 d\u00edas del mes de marzo de 2008.<\/p>\n<table>\n<tbody>\n<tr>\n<td style=\"text-align: center;\">ORLANDO JAVIER RODRIGUEZ<\/td>\n<td style=\"text-align: center;\">ENRIQUE LE\u00d3N<\/td>\n<\/tr>\n<tr>\n<td style=\"text-align: center;\">SECRETARIO C.D.<\/td>\n<td style=\"text-align: center;\">PRESIDENTE C.D.<\/td>\n<\/tr>\n<\/tbody>\n<\/table>\n<p style=\"text-align: right;\">Cpde. Expte. N\u00ba 2008-00106-3 C.D.<br \/>\nN\u00ba 2008-03404-9 D.E.<\/p>\n","protected":false},"excerpt":{"rendered":"<p>DECLARACI\u00d3N N\u00ba 2 VISTO: El Expediente Municipal N\u00ba 3.404-9-D, por el que el Director de Desarrollo Social, solicita se arbitren los medios administrativos para declarar oficialmente de \u201cInter\u00e9s Departamental\u201d, eventos que se desarrollar\u00e1n entre los d\u00edas 12 y 15 del corriente mes y a\u00f1o en las instalaciones del Centro Integrador Comunitario (CIC), ubicado en el [&hellip;]<\/p>\n","protected":false},"author":1,"featured_media":4276,"comment_status":"closed","ping_status":"closed","sticky":false,"template":"","format":"standard","meta":{"_acf_changed":false,"footnotes":""},"categories":[66],"tags":[],"class_list":["post-8096","post","type-post","status-publish","format-standard","has-post-thumbnail","hentry","category-declaraciones"],"acf":[],"_links":{"self":[{"href":"https:\/\/coworkdigital.com.ar\/hcd\/wp-json\/wp\/v2\/posts\/8096","targetHints":{"allow":["GET"]}}],"collection":[{"href":"https:\/\/coworkdigital.com.ar\/hcd\/wp-json\/wp\/v2\/posts"}],"about":[{"href":"https:\/\/coworkdigital.com.ar\/hcd\/wp-json\/wp\/v2\/types\/post"}],"author":[{"embeddable":true,"href":"https:\/\/coworkdigital.com.ar\/hcd\/wp-json\/wp\/v2\/users\/1"}],"replies":[{"embeddable":true,"href":"https:\/\/coworkdigital.com.ar\/hcd\/wp-json\/wp\/v2\/comments?post=8096"}],"version-history":[{"count":0,"href":"https:\/\/coworkdigital.com.ar\/hcd\/wp-json\/wp\/v2\/posts\/8096\/revisions"}],"wp:featuredmedia":[{"embeddable":true,"href":"https:\/\/coworkdigital.com.ar\/hcd\/wp-json\/wp\/v2\/media\/4276"}],"wp:attachment":[{"href":"https:\/\/coworkdigital.com.ar\/hcd\/wp-json\/wp\/v2\/media?parent=8096"}],"wp:term":[{"taxonomy":"category","embeddable":true,"href":"https:\/\/coworkdigital.com.ar\/hcd\/wp-json\/wp\/v2\/categories?post=8096"},{"taxonomy":"post_tag","embeddable":true,"href":"https:\/\/coworkdigital.com.ar\/hcd\/wp-json\/wp\/v2\/tags?post=8096"}],"curies":[{"name":"wp","href":"https:\/\/api.w.org\/{rel}","templated":true}]}}