{"id":8109,"date":"2008-05-06T13:08:36","date_gmt":"2008-05-06T13:08:36","guid":{"rendered":"http:\/\/www.rivadaviamendoza.gob.ar\/hcd\/?p=5344"},"modified":"2008-05-06T13:08:36","modified_gmt":"2008-05-06T13:08:36","slug":"declaracion-17-2008","status":"publish","type":"post","link":"https:\/\/coworkdigital.com.ar\/hcd\/declaracion-17-2008\/","title":{"rendered":"Declaraci\u00f3n 17-2008"},"content":{"rendered":"<p style=\"text-align: center;\"><strong><img fetchpriority=\"high\" decoding=\"async\" class=\"wp-image-1054 aligncenter\" src=\"http:\/\/rd.gov.ar\/wp4\/wp-content\/uploads\/2017\/02\/encabezado-300x60.jpg\" sizes=\"(max-width: 669px) 100vw, 669px\" srcset=\"http:\/\/www.rivadaviamendoza.gob.ar\/hcd\/wp-content\/uploads\/2017\/02\/encabezado-300x60.jpg 300w, http:\/\/www.rivadaviamendoza.gob.ar\/hcd\/wp-content\/uploads\/2017\/02\/encabezado-768x153.jpg 768w, http:\/\/www.rivadaviamendoza.gob.ar\/hcd\/wp-content\/uploads\/2017\/02\/encabezado-1024x203.jpg 1024w\" alt=\"\" width=\"669\" height=\"134\" \/><\/strong><\/p>\n<p style=\"text-align: center;\"><strong>DECLARACION N\u00ba 17<\/strong><\/p>\n<p style=\"text-align: justify;\"><strong>VISTO:<\/strong><br \/>\nEl Expediente N\u00ba 2008-00221-0, caratulado GS Producciones Publicitarias, informa que ha comenzado su DECIMO QUINTO CICLO, en la televisi\u00f3n mendocina, y<\/p>\n<p style=\"text-align: justify;\"><strong>CONSIDERANDO:<\/strong><br \/>\nQue se trata de un programa que naci\u00f3 en la Zona Este, de absoluto pluralismo en materia pol\u00edtica, cultural, econ\u00f3mica, religiosa, social y en todo aquello que sea de inter\u00e9s de la comunidad.<br \/>\nQue la vasta trayectoria de su Director y Conductor, el se\u00f1or Guillermo Savio, que siendo maestro de grado y tambi\u00e9n director de escuela, comenz\u00f3 a incursionar en el \u00e1mbito de la comunicaci\u00f3n social junto a su esposa la se\u00f1ora Marta Adaro de Savio, destacando programas como: \u201cActividad Social\u201d, \u201cTemas y Protagonistas\u201d, \u201cGran Este\u201d y el programa \u201cEntre Caf\u00e9 y Caf\u00e9\u201d que hoy queremos homenajear por ser uno de los pocos programas de la televisi\u00f3n mendocina que asume un neto contenido pol\u00edtico en un an\u00e1lisis de la realidad, ideas y hechos que llaman la atenci\u00f3n a los miles de televidentes que participan activamente del mismo.<br \/>\nEs as\u00ed que creemos oportuno y muy merecido distinguir a un profesional de la jerarqu\u00eda del se\u00f1or Guillermo Savio, equipos de periodistas y t\u00e9cnicos que lo acompa\u00f1an en la producci\u00f3n de los programas.<br \/>\nDestacando \u201dEntre Caf\u00e9 y Caf\u00e9\u201d, como un programa que colabora con el accionar tanto del Departamento Ejecutivo como del Concejo Deliberante de Rivadavia.<\/p>\n<p style=\"text-align: justify;\"><strong>POR ELLO<br \/>\n<\/strong>El Concejo Deliberante de Rivadavia, Mendoza y en uso de sus facultades:<\/p>\n<p style=\"text-align: center;\"><strong>DECLARA<\/strong><\/p>\n<p style=\"text-align: justify;\"><strong>Art\u00edculo 1\u00ba:<\/strong> El Concejo Deliberante de Rivadavia, Mendoza, declara de Inter\u00e9s Departamental, el programa \u201cEntre Caf\u00e9 y Caf\u00e9\u201d, que se emite por la se\u00f1al del Canal 4, Supercanal, Zona Este.<\/p>\n<p style=\"text-align: justify;\"><strong>Art\u00edculo 2\u00ba:<\/strong> Autorizar a la Presidencia de este Cuerpo a la entrega de una distinci\u00f3n, en raz\u00f3n de festejar su DECIMO QUINTO CICLO, en nuestro Departamento.<\/p>\n<p style=\"text-align: justify;\"><strong>Art\u00edculo 3\u00ba:<\/strong> Comun\u00edquese al Departamento Ejecutivo y al se\u00f1or Guillermo Savio a sus efectos, e ins\u00e9rtese en el Libro de Declaraciones de este Cuerpo.<\/p>\n<p style=\"text-align: justify;\">Dada en la Sala de Sesiones Bandera Nacional Argentina, del Concejo Deliberante de Rivadavia, Mendoza a los 06 d\u00edas del mes de mayo de 2.008.<\/p>\n<table>\n<tbody>\n<tr>\n<td style=\"text-align: center;\">ORLANDO JAVIER RODRIGUEZ<\/td>\n<td style=\"text-align: center;\">ENRIQUE LE\u00d3N<\/td>\n<\/tr>\n<tr>\n<td style=\"text-align: center;\">SECRETARIO C.D.<\/td>\n<td style=\"text-align: center;\">PRESIDENTE C.D.<\/td>\n<\/tr>\n<\/tbody>\n<\/table>\n<p style=\"text-align: right;\">Cpde. Expte. N\u00ba 2008-00225-1 C.D.<\/p>\n","protected":false},"excerpt":{"rendered":"<p>DECLARACION N\u00ba 17 VISTO: El Expediente N\u00ba 2008-00221-0, caratulado GS Producciones Publicitarias, informa que ha comenzado su DECIMO QUINTO CICLO, en la televisi\u00f3n mendocina, y CONSIDERANDO: Que se trata de un programa que naci\u00f3 en la Zona Este, de absoluto pluralismo en materia pol\u00edtica, cultural, econ\u00f3mica, religiosa, social y en todo aquello que sea de [&hellip;]<\/p>\n","protected":false},"author":1,"featured_media":4276,"comment_status":"closed","ping_status":"closed","sticky":false,"template":"","format":"standard","meta":{"_acf_changed":false,"footnotes":""},"categories":[66],"tags":[],"class_list":["post-8109","post","type-post","status-publish","format-standard","has-post-thumbnail","hentry","category-declaraciones"],"acf":[],"_links":{"self":[{"href":"https:\/\/coworkdigital.com.ar\/hcd\/wp-json\/wp\/v2\/posts\/8109","targetHints":{"allow":["GET"]}}],"collection":[{"href":"https:\/\/coworkdigital.com.ar\/hcd\/wp-json\/wp\/v2\/posts"}],"about":[{"href":"https:\/\/coworkdigital.com.ar\/hcd\/wp-json\/wp\/v2\/types\/post"}],"author":[{"embeddable":true,"href":"https:\/\/coworkdigital.com.ar\/hcd\/wp-json\/wp\/v2\/users\/1"}],"replies":[{"embeddable":true,"href":"https:\/\/coworkdigital.com.ar\/hcd\/wp-json\/wp\/v2\/comments?post=8109"}],"version-history":[{"count":0,"href":"https:\/\/coworkdigital.com.ar\/hcd\/wp-json\/wp\/v2\/posts\/8109\/revisions"}],"wp:featuredmedia":[{"embeddable":true,"href":"https:\/\/coworkdigital.com.ar\/hcd\/wp-json\/wp\/v2\/media\/4276"}],"wp:attachment":[{"href":"https:\/\/coworkdigital.com.ar\/hcd\/wp-json\/wp\/v2\/media?parent=8109"}],"wp:term":[{"taxonomy":"category","embeddable":true,"href":"https:\/\/coworkdigital.com.ar\/hcd\/wp-json\/wp\/v2\/categories?post=8109"},{"taxonomy":"post_tag","embeddable":true,"href":"https:\/\/coworkdigital.com.ar\/hcd\/wp-json\/wp\/v2\/tags?post=8109"}],"curies":[{"name":"wp","href":"https:\/\/api.w.org\/{rel}","templated":true}]}}