{"id":8118,"date":"2008-11-11T13:39:35","date_gmt":"2008-11-11T13:39:35","guid":{"rendered":"http:\/\/www.rivadaviamendoza.gob.ar\/hcd\/?p=5207"},"modified":"2008-11-11T13:39:35","modified_gmt":"2008-11-11T13:39:35","slug":"resolucion-33-2008","status":"publish","type":"post","link":"https:\/\/coworkdigital.com.ar\/hcd\/resolucion-33-2008\/","title":{"rendered":"Resoluci\u00f3n 33-2008"},"content":{"rendered":"<p style=\"text-align: center;\"><strong><img fetchpriority=\"high\" decoding=\"async\" class=\"wp-image-1054 aligncenter\" src=\"http:\/\/rd.gov.ar\/wp4\/wp-content\/uploads\/2017\/02\/encabezado-300x60.jpg\" sizes=\"(max-width: 669px) 100vw, 669px\" srcset=\"http:\/\/www.rivadaviamendoza.gob.ar\/hcd\/wp-content\/uploads\/2017\/02\/encabezado-300x60.jpg 300w, http:\/\/www.rivadaviamendoza.gob.ar\/hcd\/wp-content\/uploads\/2017\/02\/encabezado-768x153.jpg 768w, http:\/\/www.rivadaviamendoza.gob.ar\/hcd\/wp-content\/uploads\/2017\/02\/encabezado-1024x203.jpg 1024w\" alt=\"\" width=\"669\" height=\"134\" \/><\/strong><\/p>\n<p style=\"text-align: center;\"><strong>RESOLUC\u00cdON\u00a0 N\u00ba 33<\/strong><\/p>\n<p style=\"text-align: justify;\"><strong>VISTO:<\/strong><br \/>\nEl Expediente N\u00ba 2008-00472-9, caratulado Junior Chamber International San Mart\u00edn,\u00a0 solicita eximisi\u00f3n c\u00e1non para uso del Teatro Municipal \u201cLuis. E. Bianchi\u201d, y su acumulado N\u00ba 2008-00464-6, caratulado Mariana Alejandra Fern\u00e1ndez, Direcroa de Proyectos Formaci\u00f3n de L\u00edderes, solicita eximisi\u00f3n c\u00e1non para el uso del Teatro Municipal, y<\/p>\n<p style=\"text-align: justify;\"><strong>CONSIDERANDO:<\/strong><br \/>\nQue resalta el \u00e9xito obtenido en capacitaciones dictadas en los meses de mayo y junio del corriente a\u00f1o, a j\u00f3venes y emprendedores de la Zona Este, que expone la conveniencia de darle continuidad al programa por lo que solicita la eximisi\u00f3n de los c\u00e1nones establecidos para la utilizaci\u00f3n del Teatro Municipal Luis E. Bianchi, para el 3er martes de noviembre y diciembre de 2008.<br \/>\nQue, es evidente\u00a0 que para un logro acabado de objetivos dicho programa es necesario la continuidad en el desarrollo y formaci\u00f3n de j\u00f3venes que son parte de organizaciones de nuestro departamento.<br \/>\nQue es de destacar que el acceso del p\u00fablico es sin costo alguno, y que este Programa fue declarado de Inter\u00e9s Departamental, en Expediente N\u00ba 2008-00261-6.<\/p>\n<p style=\"text-align: justify;\"><strong>POR ELLO:<\/strong><br \/>\nEl Concejo Deliberante de Rivadavia, Mendoza, y en uso de sus facultades:<\/p>\n<p style=\"text-align: center;\"><strong>RESUELVE<\/strong><\/p>\n<p style=\"text-align: justify;\"><strong>Art\u00edculo 1\u00ba:<\/strong> Ex\u00edmase a Junior Chamber International San Mart\u00edn (Proyectos Formaci\u00f3n de L\u00edderes), del c\u00e1non establecido en Ordenanza Tarifaria 2008, para el uso del Teatro Luis. E. Bianchi, los d\u00edas\u00a0\u00a0 martes 18 de noviembre y\u00a0 martes 16 diciembre de 2008, en el horario acordado por la Direcci\u00f3n de Desarrollo Social.<\/p>\n<p style=\"text-align: justify;\"><strong>Art\u00edculo 2\u00ba:<\/strong> Comun\u00edquese\u00a0 de la presente pieza legal, a la se\u00f1ora Mariana Alejandra Fern\u00e1ndez, Directora de Proyectos Formaci\u00f3n de L\u00edderes para su conocimiento y efectos.<\/p>\n<p style=\"text-align: justify;\"><strong>Art\u00edculo 3\u00ba:<\/strong> Comun\u00edquese al Departamento Ejecutivo a sus efectos e ins\u00e9rtese en el Libro de Resoluciones de este cuerpo.<\/p>\n<p style=\"text-align: justify;\">Dada en la Sala de Sesiones Bandera Nacional Argentina, del Concejo Deliberante de Rivadavia, Mendoza, a los 11 d\u00edas del mes de noviembre de 2008.<\/p>\n<table>\n<tbody>\n<tr>\n<td style=\"text-align: center;\">ORLANDO JAVIER RODRIGUEZ<\/td>\n<td style=\"text-align: center;\">ENRIQUE LE\u00d3N<\/td>\n<\/tr>\n<tr>\n<td style=\"text-align: center;\">SECRETARIO C.D.<\/td>\n<td style=\"text-align: center;\">PRESIDENTE C.D.<\/td>\n<\/tr>\n<\/tbody>\n<\/table>\n<p style=\"text-align: right;\">Cpde. Expte. N\u00ba 2008-00472-9 C.D.<br \/>\nN\u00ba 2008-00464-6 C.D.<\/p>\n","protected":false},"excerpt":{"rendered":"<p>RESOLUC\u00cdON\u00a0 N\u00ba 33 VISTO: El Expediente N\u00ba 2008-00472-9, caratulado Junior Chamber International San Mart\u00edn,\u00a0 solicita eximisi\u00f3n c\u00e1non para uso del Teatro Municipal \u201cLuis. E. Bianchi\u201d, y su acumulado N\u00ba 2008-00464-6, caratulado Mariana Alejandra Fern\u00e1ndez, Direcroa de Proyectos Formaci\u00f3n de L\u00edderes, solicita eximisi\u00f3n c\u00e1non para el uso del Teatro Municipal, y CONSIDERANDO: Que resalta el \u00e9xito [&hellip;]<\/p>\n","protected":false},"author":1,"featured_media":1020,"comment_status":"closed","ping_status":"closed","sticky":false,"template":"","format":"standard","meta":{"_acf_changed":false,"footnotes":""},"categories":[65],"tags":[],"class_list":["post-8118","post","type-post","status-publish","format-standard","has-post-thumbnail","hentry","category-resoluciones"],"acf":[],"_links":{"self":[{"href":"https:\/\/coworkdigital.com.ar\/hcd\/wp-json\/wp\/v2\/posts\/8118","targetHints":{"allow":["GET"]}}],"collection":[{"href":"https:\/\/coworkdigital.com.ar\/hcd\/wp-json\/wp\/v2\/posts"}],"about":[{"href":"https:\/\/coworkdigital.com.ar\/hcd\/wp-json\/wp\/v2\/types\/post"}],"author":[{"embeddable":true,"href":"https:\/\/coworkdigital.com.ar\/hcd\/wp-json\/wp\/v2\/users\/1"}],"replies":[{"embeddable":true,"href":"https:\/\/coworkdigital.com.ar\/hcd\/wp-json\/wp\/v2\/comments?post=8118"}],"version-history":[{"count":0,"href":"https:\/\/coworkdigital.com.ar\/hcd\/wp-json\/wp\/v2\/posts\/8118\/revisions"}],"wp:featuredmedia":[{"embeddable":true,"href":"https:\/\/coworkdigital.com.ar\/hcd\/wp-json\/wp\/v2\/media\/1020"}],"wp:attachment":[{"href":"https:\/\/coworkdigital.com.ar\/hcd\/wp-json\/wp\/v2\/media?parent=8118"}],"wp:term":[{"taxonomy":"category","embeddable":true,"href":"https:\/\/coworkdigital.com.ar\/hcd\/wp-json\/wp\/v2\/categories?post=8118"},{"taxonomy":"post_tag","embeddable":true,"href":"https:\/\/coworkdigital.com.ar\/hcd\/wp-json\/wp\/v2\/tags?post=8118"}],"curies":[{"name":"wp","href":"https:\/\/api.w.org\/{rel}","templated":true}]}}