{"id":8123,"date":"2009-11-17T10:30:44","date_gmt":"2009-11-17T10:30:44","guid":{"rendered":"http:\/\/rd.gov.ar\/wp4\/?p=2242"},"modified":"2009-11-17T10:30:44","modified_gmt":"2009-11-17T10:30:44","slug":"ordenanza-4498-2010-3","status":"publish","type":"post","link":"https:\/\/coworkdigital.com.ar\/hcd\/ordenanza-4498-2010-3\/","title":{"rendered":"Ordenanza 4467-2009"},"content":{"rendered":"<p style=\"text-align: center;\"><strong><img fetchpriority=\"high\" decoding=\"async\" class=\"wp-image-1054 aligncenter\" src=\"http:\/\/rd.gov.ar\/wp4\/wp-content\/uploads\/2017\/02\/encabezado-300x60.jpg\" alt=\"\" width=\"669\" height=\"134\" \/><\/strong><\/p>\n<p style=\"text-align: center;\"><strong>ORDENANZA N\u00ba 4.467<\/strong><\/p>\n<p style=\"text-align: justify;\"><strong>VISTO:<\/strong><br \/>\nLa Ordenanza N\u00b0 3428 referida a la constituci\u00f3n del Con sejo de Ni\u00f1ez y Adolescencia Departamental y<\/p>\n<p style=\"text-align: justify;\"><strong>CONSIDERANDO:<\/strong><br \/>\nQue en el a\u00f1o 1989 se sanciona la <strong>Convenci\u00f3n Internacional de los Derechos del Ni\u00f1o<\/strong>, la cual es ratificada por nuestro Congreso en el a\u00f1o 1990 a trav\u00e9s de la <strong>Ley 23.849<\/strong> incorpor\u00e1ndose a la Constituci\u00f3n de la Naci\u00f3n Argentina\u00a0 en el a\u00f1o 1994.<br \/>\nQue en el a\u00f1o 1995 se sanciona la <strong>Ley 6.354<\/strong> del Ni\u00f1o y del Adolescente que represent\u00f3 el \u00fanico antecedente provincial de trasformaci\u00f3n sustancial en\u00a0 la concepci\u00f3n de la Infancia\u00a0 y la Adolescencia <strong>como sujetos de derecho<\/strong>.<br \/>\nQue esta Ley de Protecci\u00f3n Integral del Ni\u00f1o y el Adolescente invitaba a los municipios a la creaci\u00f3n de los Consejos Departamentales de Ni\u00f1ez y Adolescencia (Art. 206), que en el nuestro fuera aprobado el 21 de junio de 1996, mediante Ordenanza N\u00b0 3428, qui\u00e9n consideraba \u201c que lo s ni\u00f1os, ni\u00f1as y adolescentes del departamento no son el futuro, sino una realidad latente y presente intentando construir a la reflexi\u00f3n de los decidores pol\u00edticos, organizaciones sociales, jur\u00eddicas, dimensiones fundamentales en la protecci\u00f3n de los Derechos Humanos de la Ni\u00f1ez y Adolescencia\u201d<br \/>\nQue <span style=\"text-decoration: underline;\">el Departamento de Rivadavia<\/span> entiende la importancia de impulsar estos derechos, ya que corresponden a un sector muy vulnerable de la sociedad, y que es responsabilidad\u00a0 de toda la comunidad.<br \/>\nQue en el contexto de la Responsabilidad de la comunidad y el rol indeclinable que tiene el municipio es que se debe prever de antemano que cuando un ni\u00f1o y\/o\u00a0 adolescente ya no est\u00e1 en la estructura familiar y este \u00e1mbito no lo contiene, hay seguramente una Comunidad que tampoco lo contuvo.<br \/>\nQue diez a\u00f1os despu\u00e9s, en sinton\u00eda con la ley anterior, el Congreso Nacional sanciona la <strong>Ley 26.061<\/strong>, la que se establece como marco normativo unificado,\u00a0 promoviendo pr\u00e1cticas integradas y de consenso federal.<br \/>\nQue lo anterior obliga a que cada jurisdicci\u00f3n provincial adecue su normativa\u00a0 a lo que se establece en el <strong>T\u00edtulo III, Art. 32<\/strong> de la presente ley como Sistema de Protecci\u00f3n Integral de los Derechos de las Ni\u00f1as, Ni\u00f1os y Adolescentes \u201c\u2026est\u00e1 conformado por todos aquellos <span style=\"text-decoration: underline;\">organismos, entidades y\u00a0 servicios<\/span> que dise\u00f1an, planifican, coordinan, orientan, ejecutan y supervisan las pol\u00edticas p\u00fablicas, de gesti\u00f3n estatal o privadas, en el \u00e1mbito nacional, provincial y <span style=\"text-decoration: underline;\">municipal, destinados a la promoci\u00f3n, prevenci\u00f3n, asistencia, protecci\u00f3n, resguardo y reestablecimiento de derechos de las ni\u00f1as, ni\u00f1os y adolescentes\u00a0 y establece los medios a trav\u00e9s de los cuales se asegura el efectivo goce de los derechos y garant\u00edas<\/span> reconocidos en la Constituci\u00f3n Nacional, la convenci\u00f3n de los Derechos del Ni\u00f1o, dem\u00e1s tratados de derechos humanos ratificados por el Estado argentino y\u00a0 el ordenamiento jur\u00eddico nacional\u2026.\u201d<br \/>\nQue en relaci\u00f3n al desarrollo del Sistema de Protecci\u00f3n Integral en nuestro departamento es importante revisar\u00a0 y promover\u00a0 el\u00a0 Consejo de Ni\u00f1ez y Adolescencia\u00a0 en el marco de lo que establece en el\u00a0 <strong>Titulo 1. Disposiciones Generales. Art. 3: Inter\u00e9s Superior<\/strong> \u201cA los efectos de la presente Ley se entiende por inter\u00e9s superior del ni\u00f1o, ni\u00f1a y adolescente a la m\u00e1xima satisfacci\u00f3n integral y simult\u00e1nea de los derechos y garant\u00edas reconocidos en la presente ley. Debi\u00e9ndose respetar: Su <strong>condici\u00f3n de sujeto<\/strong>, el derechos de las ni\u00f1as, ni\u00f1os y adolescentes, <strong>a ser o\u00eddos y que su opini\u00f3n sea tenida en cuenta, el respeto al pleno desarrollo personal de sus derechos en el medio familiar, social y cultural<\/strong>, su edad, grado de madurez, capacidad de discernimiento y dem\u00e1s condiciones personales, <strong>el equilibrio entre los derechos y garant\u00edas de ni\u00f1os, ni\u00f1as y adolescentes y las exigencias del bien com\u00fan<\/strong>, su centro de vida: como el lugar donde las ni\u00f1as, ni\u00f1os y adolescentes hubiesen trascurrido en condiciones leg\u00edtimas la mayor parte de su existencia.<br \/>\nQue el marco del concepto de inter\u00e9s superior se debe garantizar su cumplimiento en el marco de la creaci\u00f3n y\u00a0 promoci\u00f3n de\u00a0 organizaciones que permitan\u00a0 el ejercicio pleno de los derechos establecidos en la Ley N\u00b0 26061 en el <strong>Titulo II: Principios, Derechos y Garant\u00edas en sus Disposiciones Generales, de acuerdo a lo explicitado en los art\u00edculos:<\/strong><br \/>\n<strong>Art. 19 <span style=\"text-decoration: underline;\"><em>Derecho a la Libertad:<\/em><\/span><\/strong> Los ni\u00f1os, ni\u00f1as y adolescentes tienen derecho a la libertad. Este derecho comprende: <span style=\"text-decoration: underline;\">Tener sus propias ideas, creencias,\u00a0 o culto religioso<\/span> seg\u00fan desarrollo de sus facultades y con garant\u00edas consagradas por ordenamiento jur\u00eddico y ejercerlo bajo la orientaci\u00f3n de padres, tutores, representantes legales o encargados de los mismos. Expresar su opini\u00f3n en los \u00e1mbitos\u00a0 de su vida cotidiana, especialmente en la familia, comunidad y escuela. Expresar su opini\u00f3n como usuarios de todos los servicios p\u00fablicos y con las limitaciones de la ley, en todos los procesos judiciales y administrativos que puedan afectar derechos.<br \/>\n<strong>Art. 20 <span style=\"text-decoration: underline;\">Derecho al Deporte y el juego Recreativo<br \/>\n<\/span>Art. 21 <span style=\"text-decoration: underline;\">Derecho al Medio Ambiente<\/span><\/strong><br \/>\n<strong>Art. 23 <span style=\"text-decoration: underline;\">Derecho de la Libre Asociaci\u00f3n:<\/span><\/strong> Las ni\u00f1as, ni\u00f1os y adolescentes tienen derecho a asociarse libremente con otras personas, con fines sociales, culturales, religiosos, recreativos, pol\u00edticos, laborales,\u00a0 o cualquier otra \u00edndole, siempre que sean de car\u00e1cter licito\u00a0 y de conformidad a la legislaci\u00f3n vigente. Este derecho comprende especialmente e derecho a: Formar parte de asociaciones inclusive de \u00f3rganos directivos y de promover y\u00a0 constituir asociaciones\u00a0 conformadas exclusivamente por ni\u00f1os, ni\u00f1as y adolescentes o ambos de conformidad con la ley.<br \/>\n<strong>Art. 24 <span style=\"text-decoration: underline;\">Derecho a opinar y ser o\u00eddo:<\/span><\/strong> Los ni\u00f1os, ni\u00f1as y adolescentes tienen derechos a : Participar y expresar libremente su opini\u00f3n en los asuntos que les conciernan y aquellos que tengan de inter\u00e9s y que sus opiniones sean tenidas en cuenta conforme a su madurez y desarrollo.<br \/>\nQue en relaci\u00f3n a los derechos enunciados en los Art. 23 de libre asociaci\u00f3n y el Art. 24 de opinar\u00a0 y ser o\u00eddo, es prioritario promover un espacio en el cual participen de manera directa los ni\u00f1os, ni\u00f1as y adolescentes del departamento<br \/>\nQue mencionado mecanismo de participaci\u00f3n directa se realice mediante la representaci\u00f3n de los Centros de Estudiantes de escuelas primarias y secundarias de acuerdo lo establece la <strong>Ley 26.026 Nacional de Educaci\u00f3n y la Resoluci\u00f3n 237\/85 DGE<\/strong> en relaci\u00f3n a garantizar lo establecido en la <strong>Ley 26.061 Titulo II: Principios, Derechos y Garant\u00edas en su Art. 15<\/strong> sobre: <strong><span style=\"text-decoration: underline;\">Derecho a la Educaci\u00f3n: <\/span><\/strong>Los ni\u00f1os, ni\u00f1as\u00a0 y adolescentes tienen derecho a una educaci\u00f3n publica y gratuita atendiendo a su desarrollo integral, su preparaci\u00f3n para el ejercicio de la ciudadan\u00eda , su formaci\u00f3n para la convivencia democr\u00e1tica y el trabajo, respetando su identidad cultural y lengua de origen, su libertad de creaci\u00f3n y el desarrollo m\u00e1ximo de sus competencias individuales, fortaleciendo los valores de solidaridad, respeto por los derechos humanos, tolerancia, identidad cultural y conservaci\u00f3n del medio ambiente.<br \/>\nQue es importante, por lo expuesto, adecuar la ordenanza a la Ley Nacional en\u00a0 t\u00e9rminos de denominaci\u00f3n y constituci\u00f3n.<\/p>\n<p style=\"text-align: justify;\"><strong>POR ELLO:<\/strong><br \/>\nEl Concejo Deliberante de Rivadavia, Mendoza, en uso de sus facultades:<\/p>\n<p style=\"text-align: center;\"><strong>ORDENA<\/strong><\/p>\n<p style=\"text-align: justify;\"><strong>Art\u00edculo 1\u00ba:<\/strong> El Concejo Deliberante de Rivadavia, provincia de Mendoza, modifica los Art\u00edculos\u00a0 1\u00b0, 2\u00b0, 3\u00b0 y 8\u00b0\u00a0 de la Ordenanza N\u00ba 3.428, los que quedar\u00e1n redactados de la siguiente manera:<\/p>\n<p style=\"text-align: justify; padding-left: 30px;\"><strong>Art\u00edculo 1\u00ba:<\/strong> Cr\u00e9ase en el \u00e1mbito de la Municipalidad de Rivadavia, el Consejo Departamental de la Infancia y la Adolescencia.<br \/>\n<strong>Art\u00edculo 2\u00ba:<\/strong> El Consejo constituido por la presente tendr\u00e1 los siguientes objetivos:<br \/>\na), b) y c) Idem Ordenanza N\u00b0 3.428<br \/>\nd)\u00a0 Ejercer mecanismos de comunicaci\u00f3n que desarrollen el dialogo y las discusiones entre las ni\u00f1as, ni\u00f1os y adolescentes, la sociedad civil y entidades gubernamentales.<br \/>\ne) Proponer a la administraci\u00f3n municipal las medidas oportunas para garantizar el ejercicio y continuidad en la ejecuci\u00f3n de las propuestas elaboradas y dise\u00f1adas.<br \/>\n<strong>Art\u00edculo 3:<\/strong> El Consejo estar\u00e1 integrado por:<br \/>\na) Un\u00a0 representante de instituciones locales, que trabaje en pro del ni\u00f1o\/a, el adolescente y la familia. (\u00c1rea de Salud Mental del Hospital\u00a0 \u201cDr. Carlos Saporiti\u201d, \u00c1rea\u00a0 Departamental de Salud ,\u00a0 Juzgado de Menores de la Zona Este, Comisar\u00eda departamental)<br \/>\nb) Un representante de entidades religiosas, reconocidas por el Ministerio del Interior.<br \/>\nc) Un representante por cada organizaci\u00f3n social con personer\u00eda jur\u00eddica, que trabaje en pro del ni\u00f1o\/a, el\/la adolescente y la familia.<br \/>\nd) Un representante por cada centro de estudiantes de las escuelas Primarias del departamento.<br \/>\ne) Un representante por cada centro de estudiantes de las escuelas Secundarias del departamento.<br \/>\nf) Un representante por cada Bloque del Concejo Deliberante.<br \/>\ng) Un representante de cada \u00e1rea del Gobierno Municipal relacionado con el tema: Direcci\u00f3n de Salud y Medio Ambiente, Deporte, Cultura y Juventud, preferentemente con perfil t\u00e9cnico.<br \/>\nh) En todos los casos se eligen en igual n\u00famero de suplentes que reemplazan\u00a0 al titular en caso de ausencia.<br \/>\n<strong>Art\u00edculo 8:<\/strong> Solicitar al Departamento Ejecutivo Municipal\u00a0 que a trav\u00e9s del \u00c1rea de Desarrollo Social, Salud y Medio Ambiente, se asigne una partida de 4500 U.T.M a partir del presupuesto 2010 para garantizar el funcionamiento de lo normado en la presente Ordenanza, as\u00ed mismo se disponga del espacio f\u00edsico que corresponda para tal fin.<\/p>\n<p style=\"text-align: justify;\"><strong>Art\u00edculo 2:<\/strong> Comun\u00edquese al Departamento Ejecutivo a sus efectos e ins\u00e9rtese en el Libro de Ordenanzas de este Cuerpo.<\/p>\n<p style=\"text-align: justify;\">Dada en la Sala de Sesiones \u201cBandera Nacional Argentina\u201d, del Concejo Deliberante de Rivadavia, Mendoza, a los 17 d\u00edas del mes de noviembre de 2009.<\/p>\n<table>\n<tbody>\n<tr>\n<td style=\"text-align: center;\">NICOLAS ARIEL FLOCCO<\/td>\n<td style=\"text-align: center;\">ENRIQUE LE\u00d3N<\/td>\n<\/tr>\n<tr>\n<td style=\"text-align: center;\">A\/C SECRETARIA C.D.<\/td>\n<td style=\"text-align: center;\">PRESIDENTE C.D.<\/td>\n<\/tr>\n<\/tbody>\n<\/table>\n<p style=\"text-align: right;\">Cpde. Expte. N\u00ba 2009-00330-8 C.D.<\/p>\n","protected":false},"excerpt":{"rendered":"<p>ORDENANZA N\u00ba 4.467 VISTO: La Ordenanza N\u00b0 3428 referida a la constituci\u00f3n del Con sejo de Ni\u00f1ez y Adolescencia Departamental y CONSIDERANDO: Que en el a\u00f1o 1989 se sanciona la Convenci\u00f3n Internacional de los Derechos del Ni\u00f1o, la cual es ratificada por nuestro Congreso en el a\u00f1o 1990 a trav\u00e9s de la Ley 23.849 incorpor\u00e1ndose [&hellip;]<\/p>\n","protected":false},"author":1,"featured_media":983,"comment_status":"closed","ping_status":"closed","sticky":false,"template":"","format":"standard","meta":{"_acf_changed":false,"footnotes":""},"categories":[63,64],"tags":[],"class_list":["post-8123","post","type-post","status-publish","format-standard","has-post-thumbnail","hentry","category-ordenanzas","category-ordenanzasanteriores"],"acf":[],"_links":{"self":[{"href":"https:\/\/coworkdigital.com.ar\/hcd\/wp-json\/wp\/v2\/posts\/8123","targetHints":{"allow":["GET"]}}],"collection":[{"href":"https:\/\/coworkdigital.com.ar\/hcd\/wp-json\/wp\/v2\/posts"}],"about":[{"href":"https:\/\/coworkdigital.com.ar\/hcd\/wp-json\/wp\/v2\/types\/post"}],"author":[{"embeddable":true,"href":"https:\/\/coworkdigital.com.ar\/hcd\/wp-json\/wp\/v2\/users\/1"}],"replies":[{"embeddable":true,"href":"https:\/\/coworkdigital.com.ar\/hcd\/wp-json\/wp\/v2\/comments?post=8123"}],"version-history":[{"count":0,"href":"https:\/\/coworkdigital.com.ar\/hcd\/wp-json\/wp\/v2\/posts\/8123\/revisions"}],"wp:featuredmedia":[{"embeddable":true,"href":"https:\/\/coworkdigital.com.ar\/hcd\/wp-json\/wp\/v2\/media\/983"}],"wp:attachment":[{"href":"https:\/\/coworkdigital.com.ar\/hcd\/wp-json\/wp\/v2\/media?parent=8123"}],"wp:term":[{"taxonomy":"category","embeddable":true,"href":"https:\/\/coworkdigital.com.ar\/hcd\/wp-json\/wp\/v2\/categories?post=8123"},{"taxonomy":"post_tag","embeddable":true,"href":"https:\/\/coworkdigital.com.ar\/hcd\/wp-json\/wp\/v2\/tags?post=8123"}],"curies":[{"name":"wp","href":"https:\/\/api.w.org\/{rel}","templated":true}]}}