{"id":8155,"date":"2014-03-18T15:00:28","date_gmt":"2014-03-18T15:00:28","guid":{"rendered":"http:\/\/www.rivadaviamendoza.gob.ar\/hcd\/?p=4707"},"modified":"2014-03-18T15:00:28","modified_gmt":"2014-03-18T15:00:28","slug":"declaracion-02-2014","status":"publish","type":"post","link":"https:\/\/coworkdigital.com.ar\/hcd\/declaracion-02-2014\/","title":{"rendered":"Declaraci\u00f3n 02-2014"},"content":{"rendered":"<p style=\"text-align: center;\"><strong><img fetchpriority=\"high\" decoding=\"async\" class=\"wp-image-1054 aligncenter\" src=\"http:\/\/rd.gov.ar\/wp4\/wp-content\/uploads\/2017\/02\/encabezado-300x60.jpg\" sizes=\"(max-width: 669px) 100vw, 669px\" srcset=\"http:\/\/www.rivadaviamendoza.gob.ar\/hcd\/wp-content\/uploads\/2017\/02\/encabezado-300x60.jpg 300w, http:\/\/www.rivadaviamendoza.gob.ar\/hcd\/wp-content\/uploads\/2017\/02\/encabezado-768x153.jpg 768w, http:\/\/www.rivadaviamendoza.gob.ar\/hcd\/wp-content\/uploads\/2017\/02\/encabezado-1024x203.jpg 1024w\" alt=\"\" width=\"669\" height=\"134\" \/><\/strong><\/p>\n<p style=\"text-align: center;\"><strong>DECLARACION N\u00ba 02-14<\/strong><\/p>\n<p style=\"text-align: justify;\"><strong>VISTO:<\/strong><br \/>\nQue el Papa Francisco se ha transformado en el primer Papa argentino-latinoamericano y el primer Jesuita de la historia, elegido para ser la humilde \u201cROCA\u201d sobre la que Jes\u00fas quiere seguir construyendo hoy su Iglesia y;<\/p>\n<p style=\"text-align: justify;\"><strong>CONSIDERANDO:<\/strong><br \/>\nQue, el actual Papa de la Iglesia Cat\u00f3lica Romana inici\u00f3 su pontificado el 13 de marzo de 2013, tras ser elegido en c\u00f3nclave luego de la inesperada renuncia de su predecesor Benedicto XVI.<br \/>\nQue fue precisamente esa renuncia, el evento que posibilit\u00f3 la ascensi\u00f3n del Cardenal argentino al solio de Pedro. Jorge Mario Bergoglio es el primer Pont\u00edfice de origen latinoamericano despu\u00e9s de veinti\u00fan siglos de Papas originarios de Europa o de Oriente pr\u00f3ximo: el n\u00famero doscientos sesenta y seis despu\u00e9s de Pedro, y primer Santo Padre jesuita de la historia de la Iglesia. Adem\u00e1s, el primero de los Papas que adopta el nombre de Francisco, en honor a San Francisco de As\u00eds. La elecci\u00f3n de ese nombre cuadra con el car\u00e1cter del nuevo Pont\u00edfice, cuya modestia y humildad ya eran patentes en sus etapas como Arzobispo y Cardenal.<br \/>\nNacido en el seno de una modesta familia de emigrantes italianos, fueron sus padres Mario Bergoglio, empleado de los ferrocarriles, y Regina, ama de casa. Tras graduarse como t\u00e9cnico qu\u00edmico, a los 21 a\u00f1os sinti\u00f3 la llamada de la vocaci\u00f3n religiosa e ingres\u00f3 en el Seminario Jesuita de Villa Devoto (Ciudad de Buenos Aires), del cual egres\u00f3 como sacerdote el 13 de diciembre de 1969. Durante los a\u00f1os anteriores a la ordenaci\u00f3n hab\u00eda sido profesor en colegios que la Compa\u00f1\u00eda de Jes\u00fas ten\u00eda en Santa Fe y en Buenos Aires.<br \/>\nSu brillante trayectoria prebisteral, circunscripta a la Compa\u00f1\u00eda de Jes\u00fas, lo convirti\u00f3 en Provincial argentino de la misma desde 1973 hasta 1979, en tiempos duros y violentos de la dictadura militar, en los que le toc\u00f3 volver a encauzar la misi\u00f3n pastoral de la orden religiosa que fundara San Ignacio de Loyola.<br \/>\nEl 20 de mayo de 1992 fue consagrado Obispo titular de Auca, cargo que lo\u00a0 convirti\u00f3 en uno de los cuatro prelados auxiliares de Buenos Aires. M\u00e1s tarde se lo design\u00f3 Obispo coadjutor de esta Arquidi\u00f3cesis (3 de junio de 1997), de cuya direcci\u00f3n se hizo cargo, ya como Arzobispo, el 28 de febrero de 1998. Inici\u00f3 entonces una intensa labor pastoral basada en dos l\u00edneas complementarias: la predicaci\u00f3n entre las clases populares y la denuncia de las injusticias\u00a0 econ\u00f3micas y sociales. Acompa\u00f1\u00f3 esta labor con ejemplos de morigeraci\u00f3n en sus ocupaciones y costumbres.<br \/>\nAnte todo lo expuesto anteriormente, se destaca su gran impacto en el mundo entero, ya que reconocen en \u00e9l a un hombre carism\u00e1tico, que se distingue por su cercan\u00eda y facilidad de trato con la gente, en especial con los ni\u00f1os, los j\u00f3venes, los enfermos y desvalidos recuperando aquel gesto prof\u00e9tico de Jes\u00fas tan decisivo en estos momentos en que el mundo corre desentendi\u00e9ndose de los \u00faltimos; tambi\u00e9n su humildad y sencillez para entrar en la vida donde la gente sufre, trabaja y lucha: ese mundo donde Dios quiere construir una convivencia m\u00e1s humana, justa y solidaria.<br \/>\nLos rasgos de que ha hecho gala en su pontificado han sido tan claros que han permitido que la gente se forme ya una imagen de \u00e9l. Los podr\u00edamos describir as\u00ed: una bondad natural, inteligencia clara para percibir lo esencial de la realidad, lenguaje directo especialmente cuando se trata de denunciar la corrupci\u00f3n y la injusticia, acostumbrado a llamar las cosas por su nombre y mirar de frente a las personas; su formaci\u00f3n jesuita lo ha hecho un hombre austero, sensible a los pobres, a los d\u00e9biles, a los desheredados; buen humor, alegre, de apariencia seria y de pocas palabras, pero que sabe sonre\u00edr; que no gusta llamar la atenci\u00f3n ni\u00a0 enfatizarse en protagonismos personales; sobrio en sus costumbres: un hombre de una gran libertad interior.<br \/>\nEsta personalidad del Papa Francisco ha despertado grandes esperanzas y expectativas de que con \u00e9l habr\u00e1 un cambio profundo de la Iglesia y un retorno a las ra\u00edces y al Evangelio de Jes\u00fas, aportando el Esp\u00edritu de Cristo a las personas alejadas de la fe cristiana y ayud\u00e1ndolas a confiar m\u00e1s en la vida y en la bondad del ser humano; a dar prioridad a la vivencia de la fe, a la imitaci\u00f3n de Cristo, a la vivencia de las bienaventuranzas,\u00a0 de la misericordia, del amor y la ternura; a impulsar la renovaci\u00f3n evang\u00e9lica para que los futuros obispos de la Di\u00f3cesis del mundo tengan un perfil y un estilo pastoral capaz de promover esa conversi\u00f3n de Jes\u00fas, que \u00e9l trata de alentar desde Roma.<br \/>\nAnte todo lo expuesto, cabe destacar que Francisco,\u00a0 ha sido nominado para el premio Nobel de la Paz.<br \/>\nTeniendo en cuenta que la religi\u00f3n oficial de nuestro pa\u00eds es la Cat\u00f3lica, Apost\u00f3lica, Romana se ver\u00eda con agrado en todo el pa\u00eds, que este proyecto se convirtiera en ley del Congreso Nacional.<\/p>\n<p style=\"text-align: justify;\"><strong>POR ELLO:<br \/>\n<\/strong>El Honorable Concejo Deliberante de Rivadavia, Mendoza, y en uso de sus facultades:<\/p>\n<p style=\"text-align: center;\"><strong>DECLARA<\/strong><\/p>\n<p style=\"text-align: justify;\"><strong>Art\u00edculo 1\u00ba:<\/strong> El Honorable Concejo Deliberante de Rivadavia, provincia de Mendoza, ver\u00eda con agrado que el Congreso Nacional declare mediante una Ley, al\u00a0 13 de marzo \u201cD\u00eda del Vicario de Cristo Argentino\u201d.<\/p>\n<p style=\"text-align: justify;\"><strong>Art\u00edculo 2\u00ba:<\/strong> Autor\u00edcese a la Presidencia de este Cuerpo, para que en nombre del Honorable Concejo Deliberante de Rivadavia, env\u00ede copia para adhesi\u00f3n a esta iniciativa, a la Sra. Presidenta de la Naci\u00f3n: Dra. Cristina Fern\u00e1ndez de Kirchner. A ambas C\u00e1maras del Congreso Nacional, a la Di\u00f3cesis de Mendoza, al Sr. Gobernador Francisco P\u00e9rez, a la Legislatura de Mendoza y a todos los Honorables Concejos Deliberantes de la Provincia.<\/p>\n<p style=\"text-align: justify;\"><strong>Art\u00edculo 3\u00ba:<\/strong> Rem\u00edtase copia de la presente pieza legal, y documento Institucional por el a\u00f1o de Pontificado, al Sumo Pont\u00edfice Francisco, y al Vaticano.<\/p>\n<p style=\"text-align: justify;\"><strong>Art\u00edculo 4\u00ba:<\/strong> Comun\u00edquese al Departamento Ejecutivo a sus efectos e ins\u00e9rtese en el Libro de Declaraciones de este Cuerpo.<\/p>\n<p style=\"text-align: justify;\">Dada en la Sala de Sesiones Bandera Nacional Argentina del Honorable Concejo Deliberante de Rivadavia, Mendoza, a los 18 d\u00edas del mes de marzo de 2014.<\/p>\n<table>\n<tbody>\n<tr>\n<td style=\"text-align: center;\">ORLANDO JAVIER RODRIGUEZ<\/td>\n<td style=\"text-align: center;\">FLORINDA SEOANE<\/td>\n<\/tr>\n<tr>\n<td style=\"text-align: center;\">SECRETARIO H.C.D.<\/td>\n<td style=\"text-align: center;\">PRESIDENTA H.C.D.<\/td>\n<\/tr>\n<\/tbody>\n<\/table>\n<p style=\"text-align: right;\">Cpde. Expte. N\u00ba 2014-00021-6 H.C.D.<\/p>\n","protected":false},"excerpt":{"rendered":"<p>DECLARACION N\u00ba 02-14 VISTO: Que el Papa Francisco se ha transformado en el primer Papa argentino-latinoamericano y el primer Jesuita de la historia, elegido para ser la humilde \u201cROCA\u201d sobre la que Jes\u00fas quiere seguir construyendo hoy su Iglesia y; CONSIDERANDO: Que, el actual Papa de la Iglesia Cat\u00f3lica Romana inici\u00f3 su pontificado el 13 [&hellip;]<\/p>\n","protected":false},"author":1,"featured_media":4276,"comment_status":"closed","ping_status":"closed","sticky":false,"template":"","format":"standard","meta":{"_acf_changed":false,"footnotes":""},"categories":[66],"tags":[],"class_list":["post-8155","post","type-post","status-publish","format-standard","has-post-thumbnail","hentry","category-declaraciones"],"acf":[],"_links":{"self":[{"href":"https:\/\/coworkdigital.com.ar\/hcd\/wp-json\/wp\/v2\/posts\/8155","targetHints":{"allow":["GET"]}}],"collection":[{"href":"https:\/\/coworkdigital.com.ar\/hcd\/wp-json\/wp\/v2\/posts"}],"about":[{"href":"https:\/\/coworkdigital.com.ar\/hcd\/wp-json\/wp\/v2\/types\/post"}],"author":[{"embeddable":true,"href":"https:\/\/coworkdigital.com.ar\/hcd\/wp-json\/wp\/v2\/users\/1"}],"replies":[{"embeddable":true,"href":"https:\/\/coworkdigital.com.ar\/hcd\/wp-json\/wp\/v2\/comments?post=8155"}],"version-history":[{"count":0,"href":"https:\/\/coworkdigital.com.ar\/hcd\/wp-json\/wp\/v2\/posts\/8155\/revisions"}],"wp:featuredmedia":[{"embeddable":true,"href":"https:\/\/coworkdigital.com.ar\/hcd\/wp-json\/wp\/v2\/media\/4276"}],"wp:attachment":[{"href":"https:\/\/coworkdigital.com.ar\/hcd\/wp-json\/wp\/v2\/media?parent=8155"}],"wp:term":[{"taxonomy":"category","embeddable":true,"href":"https:\/\/coworkdigital.com.ar\/hcd\/wp-json\/wp\/v2\/categories?post=8155"},{"taxonomy":"post_tag","embeddable":true,"href":"https:\/\/coworkdigital.com.ar\/hcd\/wp-json\/wp\/v2\/tags?post=8155"}],"curies":[{"name":"wp","href":"https:\/\/api.w.org\/{rel}","templated":true}]}}