{"id":8826,"date":"2019-12-15T21:23:13","date_gmt":"2019-12-15T21:23:13","guid":{"rendered":"http:\/\/rivadaviamendoza.gob.ar\/hcd\/?p=8826"},"modified":"2019-12-15T21:23:13","modified_gmt":"2019-12-15T21:23:13","slug":"ordenanza-1234-2020-copy-copy-6-copy-copy-copy-copy-copy-copy-copy-copy-copy-copy-copy-copy-copy-copy-copy-copy-copy-2-copy-copy-copy-copy-copy-copy-copy-copy-copy-copy-copy-copy-copy-copy-copy-co-121","status":"publish","type":"post","link":"https:\/\/coworkdigital.com.ar\/hcd\/ordenanza-1234-2020-copy-copy-6-copy-copy-copy-copy-copy-copy-copy-copy-copy-copy-copy-copy-copy-copy-copy-copy-copy-2-copy-copy-copy-copy-copy-copy-copy-copy-copy-copy-copy-copy-copy-copy-copy-co-121\/","title":{"rendered":"DECLARACI\u00d3N N\u00ba 01-19"},"content":{"rendered":"<p><strong><img fetchpriority=\"high\" decoding=\"async\" class=\"alignnone wp-image-6853 size-full\" src=\"https:\/\/coworkdigital.com.ar\/hcd\/wp-content\/uploads\/2020\/12\/Zocalo-1.png\" width=\"3100\" height=\"482\" srcset=\"https:\/\/coworkdigital.com.ar\/hcd\/wp-content\/uploads\/2020\/12\/Zocalo-1.png 3100w, https:\/\/coworkdigital.com.ar\/hcd\/wp-content\/uploads\/2020\/12\/Zocalo-1-300x47.png 300w, https:\/\/coworkdigital.com.ar\/hcd\/wp-content\/uploads\/2020\/12\/Zocalo-1-1024x159.png 1024w, https:\/\/coworkdigital.com.ar\/hcd\/wp-content\/uploads\/2020\/12\/Zocalo-1-768x119.png 768w, https:\/\/coworkdigital.com.ar\/hcd\/wp-content\/uploads\/2020\/12\/Zocalo-1-1536x239.png 1536w, https:\/\/coworkdigital.com.ar\/hcd\/wp-content\/uploads\/2020\/12\/Zocalo-1-2048x318.png 2048w, https:\/\/coworkdigital.com.ar\/hcd\/wp-content\/uploads\/2020\/12\/Zocalo-1-600x93.png 600w, https:\/\/coworkdigital.com.ar\/hcd\/wp-content\/uploads\/2020\/12\/Zocalo-1-560x87.png 560w\" sizes=\"(max-width: 3100px) 100vw, 3100px\" \/><\/strong><\/p>\n<p><strong><u>VISTO:<\/u><\/strong><\/p>\n<p>El Expediente N\u00ba 2019-00060-9, Bloque Ra\u00fal Alfons\u00edn, Concejales Mach\u00edn, Abate y S\u00e1nchez han considerado la \u00a0necesidad de Declarar de Inter\u00e9s social, cultural y Departamental el 2\u00b0 Plenario del Este del Consejo Social\u00a0 de la\u00a0 UNCuyo, y<\/p>\n<p>&nbsp;<\/p>\n<p><strong><u>CONSIDERANDO:<\/u><\/strong><\/p>\n<p>Que dicho plenario convoca a la activa participaci\u00f3n del Municipio en el Consejo Social del Este de la UNCuyo. Ello es de suma importancia en miras a la futura planificaci\u00f3n de las actividades anuales, en donde todas las organizaciones de la Regi\u00f3n de Zona Este asesorar\u00e1n en temas de la agenda p\u00fablica a la Universidad Nacional de Cuyo.<\/p>\n<p>Que el Consejo Social se constituye en el espacio institucional p\u00fablico de la UNCUYO donde las instituciones y organizaciones de la sociedad\u2014cualquiera sea su naturaleza\u2014, pueden participar, reflexionar y dialogar acerca de aquellas tem\u00e1ticas\/problem\u00e1ticas sociales \u00a0prioritarias que afectan a la comunidad mendocina y a la regi\u00f3n.<\/p>\n<p>Que \u00a0los objetivos del mismo son:<\/p>\n<ul>\n<li>Alcanzar de manera sostenida la participaci\u00f3n activa de los distintos actores sociales en este \u00e1mbito institucional, mediante el accionar e involucramiento de la Universidad Nacional de Cuyo en todos los campos que demande la Sociedad.<\/li>\n<li>Aportar de esta manera a la construcci\u00f3n de un espacio plural y democr\u00e1tico y al trabajo en conjunto, donde la Universidad provee este escenario institucional, y es el agente convocante y articulador y se suma, como un agente m\u00e1s de este espacio, a la discusi\u00f3n, el tratamiento y la elaboraci\u00f3n de propuestas orientadas a contribuir al abordaje y resoluci\u00f3n de los temas.<\/li>\n<li>Coordinar un m\u00e9todo de vinculaci\u00f3n-articulaci\u00f3n con el medio, coherente a los objetivos institucionales y las demandas-necesidades sociales; que genere una vinculaci\u00f3n institucional, consistente y oportuna.<br \/>\nIndicar un proceso de cambio interno en la l\u00f3gica del procedimiento universitario respecto de la funcionalidad y esencia del CAP.<\/li>\n<\/ul>\n<p>Que aportar de manera activa al di\u00e1logo y a la discusi\u00f3n social, a la interacci\u00f3n y a la cooperaci\u00f3n entre diversos actores sociales.<br \/>\nParticipar en la construcci\u00f3n y desarrollo de la agenda p\u00fablica de temas, los debates y las tem\u00e1ticas de desarrollo regional.<\/p>\n<p>Que contribuir en la generaci\u00f3n y formulaci\u00f3n de pol\u00edticas p\u00fablicas en torno al eje tem\u00e1tico \u00abtrabajo\u00bb, a fin de aportar a la transformaci\u00f3n social y la calidad de vida de la comunidad integrando a la Universidad.<\/p>\n<p>Que cooperar en el planeamiento de las actividades sustantivas de la Universidad en \u00a0relaci\u00f3n con los requerimientos sociales.<\/p>\n<p>Que asesorar a las organizaciones, asociaciones o grupos de personas auto convocadas en su \u00a0proceso de formaci\u00f3n institucional.<\/p>\n<p>Que desde el municipio en conjunto con dirigentes de distintos distritos, representantes de instituciones y el consejo social han trabajado durante el todo el a\u00f1o 2018, en pos de obtener resultados positivos de los objetivos planteados por este plenario social y que por lo expuesto es que desde este Concejo ver\u00edamos con agrado declararlo de Inter\u00e9s Departamental.<\/p>\n<p>&nbsp;<\/p>\n<p><strong><u>POR ELLO:<\/u><\/strong><\/p>\n<p>El Honorable Concejo Deliberante de Rivadavia, Mendoza, en uso de sus facultades:<\/p>\n<p>&nbsp;<\/p>\n<p><strong><u>DECLARA:<\/u><\/strong><\/p>\n<p><strong><u>Art\u00edculo 1\u00b0:<\/u><\/strong> Declarar de Inter\u00e9s Departamental, Educativo, Social y Cultural el 2\u00b0 Plenario del Este\u00a0 del Consejo Social\u00a0 de la\u00a0 UNCUYO a cargo del Coordinador del mismo, Sr. Exequiel Lucero, a realizarse el pr\u00f3ximo jueves 21 de marzo a las 17:00 hs.<\/p>\n<p><strong><u>Art\u00edculo 2\u00b0:<\/u><\/strong> Comun\u00edquese al Departamento Ejecutivo a sus efectos, e ins\u00e9rtese en el Libro de Declaraciones de este Cuerpo.<\/p>\n<p>&nbsp;<\/p>\n<p>Dada en la Sala de Sesiones \u201cBandera Nacional Argentina\u201d, del Honorable Concejo Deliberante de Rivadavia, Mendoza, a los 19 d\u00edas del mes de marzo de 2019.<\/p>\n<p>&nbsp;<\/p>\n<p>&nbsp;<\/p>\n<p><strong>\u00a0\u00a0\u00a0\u00a0\u00a0\u00a0\u00a0\u00a0\u00a0 \u00a0\u00a0\u00a0\u00a0MAR\u00cdA IN\u00c9S DALLAGO\u00a0\u00a0\u00a0\u00a0\u00a0\u00a0\u00a0\u00a0\u00a0\u00a0\u00a0\u00a0\u00a0\u00a0\u00a0\u00a0\u00a0\u00a0\u00a0\u00a0\u00a0\u00a0 \u00a0\u00a0\u00a0\u00a0\u00a0\u00a0\u00a0\u00a0\u00a0\u00a0\u00a0\u00a0\u00a0\u00a0MAURICIO DI C\u00c9SARE<\/strong><\/p>\n<p><strong>\u00a0 \u00a0 \u00a0 \u00a0 \u00a0 \u00a0 \u00a0 \u00a0 SECRETARIA H. C .D.\u00a0\u00a0\u00a0\u00a0\u00a0\u00a0\u00a0\u00a0\u00a0\u00a0\u00a0\u00a0\u00a0\u00a0\u00a0\u00a0\u00a0\u00a0\u00a0\u00a0\u00a0\u00a0\u00a0\u00a0\u00a0\u00a0\u00a0 \u00a0\u00a0\u00a0\u00a0\u00a0\u00a0\u00a0\u00a0\u00a0\u00a0\u00a0\u00a0PRESIDENTE\u00a0 H. C. D.<\/strong><\/p>\n<p><strong>\u00a0<\/strong><\/p>\n<p>&nbsp;<\/p>\n<p>Cpde. Expte. N\u00ba 2019-00060-9\u00a0 H.C.D.<\/p>\n<p><a href=\"https:\/\/coworkdigital.com.ar\/hcd\/wp-content\/uploads\/2020\/12\/decl.01-19.pdf\"><img decoding=\"async\" class=\"alignright wp-image-6224\" src=\"https:\/\/coworkdigital.com.ar\/hcd\/wp-content\/uploads\/2020\/06\/descarga_pdf-150x150.png\" width=\"50\" height=\"53\" srcset=\"https:\/\/coworkdigital.com.ar\/hcd\/wp-content\/uploads\/2020\/06\/descarga_pdf-282x300.png 282w, https:\/\/coworkdigital.com.ar\/hcd\/wp-content\/uploads\/2020\/06\/descarga_pdf.png 496w\" sizes=\"(max-width: 50px) 100vw, 50px\" \/><\/a><\/p>\n","protected":false},"excerpt":{"rendered":"<p>VISTO: El Expediente N\u00ba 2019-00060-9, Bloque Ra\u00fal Alfons\u00edn, Concejales Mach\u00edn, Abate y S\u00e1nchez han considerado la \u00a0necesidad de Declarar de Inter\u00e9s social, cultural y Departamental el 2\u00b0 Plenario del Este del Consejo Social\u00a0 de la\u00a0 UNCuyo, y &nbsp; CONSIDERANDO: Que dicho plenario convoca a la activa participaci\u00f3n del Municipio en el Consejo Social del Este [&hellip;]<\/p>\n","protected":false},"author":1,"featured_media":0,"comment_status":"closed","ping_status":"closed","sticky":false,"template":"","format":"standard","meta":{"_acf_changed":false,"footnotes":""},"categories":[66],"tags":[],"class_list":["post-8826","post","type-post","status-publish","format-standard","hentry","category-declaraciones"],"acf":[],"_links":{"self":[{"href":"https:\/\/coworkdigital.com.ar\/hcd\/wp-json\/wp\/v2\/posts\/8826","targetHints":{"allow":["GET"]}}],"collection":[{"href":"https:\/\/coworkdigital.com.ar\/hcd\/wp-json\/wp\/v2\/posts"}],"about":[{"href":"https:\/\/coworkdigital.com.ar\/hcd\/wp-json\/wp\/v2\/types\/post"}],"author":[{"embeddable":true,"href":"https:\/\/coworkdigital.com.ar\/hcd\/wp-json\/wp\/v2\/users\/1"}],"replies":[{"embeddable":true,"href":"https:\/\/coworkdigital.com.ar\/hcd\/wp-json\/wp\/v2\/comments?post=8826"}],"version-history":[{"count":0,"href":"https:\/\/coworkdigital.com.ar\/hcd\/wp-json\/wp\/v2\/posts\/8826\/revisions"}],"wp:attachment":[{"href":"https:\/\/coworkdigital.com.ar\/hcd\/wp-json\/wp\/v2\/media?parent=8826"}],"wp:term":[{"taxonomy":"category","embeddable":true,"href":"https:\/\/coworkdigital.com.ar\/hcd\/wp-json\/wp\/v2\/categories?post=8826"},{"taxonomy":"post_tag","embeddable":true,"href":"https:\/\/coworkdigital.com.ar\/hcd\/wp-json\/wp\/v2\/tags?post=8826"}],"curies":[{"name":"wp","href":"https:\/\/api.w.org\/{rel}","templated":true}]}}