{"id":8833,"date":"2019-12-15T21:28:13","date_gmt":"2019-12-15T21:28:13","guid":{"rendered":"http:\/\/rivadaviamendoza.gob.ar\/hcd\/?p=8833"},"modified":"2019-12-15T21:28:13","modified_gmt":"2019-12-15T21:28:13","slug":"ordenanza-1234-2020-copy-copy-6-copy-copy-copy-copy-copy-copy-copy-copy-copy-copy-copy-copy-copy-copy-copy-copy-copy-2-copy-copy-copy-copy-copy-copy-copy-copy-copy-copy-copy-copy-copy-copy-copy-co-123","status":"publish","type":"post","link":"https:\/\/coworkdigital.com.ar\/hcd\/ordenanza-1234-2020-copy-copy-6-copy-copy-copy-copy-copy-copy-copy-copy-copy-copy-copy-copy-copy-copy-copy-copy-copy-2-copy-copy-copy-copy-copy-copy-copy-copy-copy-copy-copy-copy-copy-copy-copy-co-123\/","title":{"rendered":"DECLARACI\u00d3N N\u00ba 03-19"},"content":{"rendered":"<p><strong><img fetchpriority=\"high\" decoding=\"async\" class=\"alignnone wp-image-6853 size-full\" src=\"https:\/\/coworkdigital.com.ar\/hcd\/wp-content\/uploads\/2020\/12\/Zocalo-1.png\" width=\"3100\" height=\"482\" srcset=\"https:\/\/coworkdigital.com.ar\/hcd\/wp-content\/uploads\/2020\/12\/Zocalo-1.png 3100w, https:\/\/coworkdigital.com.ar\/hcd\/wp-content\/uploads\/2020\/12\/Zocalo-1-300x47.png 300w, https:\/\/coworkdigital.com.ar\/hcd\/wp-content\/uploads\/2020\/12\/Zocalo-1-1024x159.png 1024w, https:\/\/coworkdigital.com.ar\/hcd\/wp-content\/uploads\/2020\/12\/Zocalo-1-768x119.png 768w, https:\/\/coworkdigital.com.ar\/hcd\/wp-content\/uploads\/2020\/12\/Zocalo-1-1536x239.png 1536w, https:\/\/coworkdigital.com.ar\/hcd\/wp-content\/uploads\/2020\/12\/Zocalo-1-2048x318.png 2048w, https:\/\/coworkdigital.com.ar\/hcd\/wp-content\/uploads\/2020\/12\/Zocalo-1-600x93.png 600w, https:\/\/coworkdigital.com.ar\/hcd\/wp-content\/uploads\/2020\/12\/Zocalo-1-560x87.png 560w\" sizes=\"(max-width: 3100px) 100vw, 3100px\" \/><\/strong><\/p>\n<p><strong><u>VISTO:<\/u><\/strong><\/p>\n<p>El Expediente N\u00ba 2019-00045-0, caratulado Bloque Ra\u00fal Alfons\u00edn, Concejales Anabella Mach\u00edn, Laura Abate, Beatriz S\u00e1nchez, presentan proyecto de Declaraci\u00f3n: Declarar de Inter\u00e9s Departamental, 1\u00ba Festival Regional \u201cLos Arboles y sus Ra\u00edces\u201d del distrito Los \u00c1rboles, y<\/p>\n<p>&nbsp;<\/p>\n<p><strong><u>CONSIDERANDO:<\/u><\/strong><\/p>\n<p>Que Los \u00c1rboles es un pueblo que le debe su nombre, a su principal caracter\u00edstica, la gran arboleda con la que cuenta, la que en un principio se vio favorecida por el paso del \u201cR\u00edo Tunuy\u00e1n\u201d, hoy en d\u00eda transitoriamente seco, por la mejora del aprovechamiento del agua, a trav\u00e9s de los canales impermeables.<\/p>\n<p>Que es un pueblo que antiguamente contaba hasta con una comisar\u00eda. Seg\u00fan cuentan los vecinos, el jefe policial falleci\u00f3 envenenado por un mate con un poderoso insecticida (parati\u00f3n), entregado de la mano de su esposa. Por dicha raz\u00f3n se clausur\u00f3 la instituci\u00f3n policial, y los responsables condenados a prisi\u00f3n.<\/p>\n<p>Que el actual Distrito ten\u00eda un gran atractivo que eran los bailes realizados en el \u201cClub Sportivo Los \u00c1rboles\u201d, all\u00ed se convocaba a artistas reconocidos de la \u00e9poca como \u201cAlberto Castillo\u201d. Tambi\u00e9n se realizaban obras teatrales como la \u201cDifunta Correa\u201d, y \u201cCeferino Namuncur\u00e1\u201d.<\/p>\n<p>Que se recib\u00eda a j\u00f3venes de los pueblos vecinos, que llegaban caminando por las calles de\u00a0 tierra, seg\u00fan el relato se cambiaban de zapatos, los que hab\u00edan sido ensuciados eran escondidos detr\u00e1s de un \u00e1rbol o debajo de un puentecito, nunca faltaba la picard\u00eda de qui\u00e9n estaba espiando para llevarse el mot\u00edn.<\/p>\n<p>Que a\u00f1os despu\u00e9s este Club supo tener una comisi\u00f3n que organizaba t\u00f3mbolas en horario vespertino para recaudar fondos y luego se hac\u00eda un baile familiar hasta la medianoche. Hasta ten\u00eda la presencia de un locutor (Juan Fernando Prado) que cantaba las bolillas y animaba la fiesta.<\/p>\n<p>Que es un pueblo que vio nacer, crecer y triunfar a un grande del ciclismo mendocino, el renombrado Manuel Cayetano Cortez, quien corr\u00eda para el equipo de \u201cDiablos del Este\u201d y para el que gan\u00f3 entre otras, la Vuelta de Mendoza en el a\u00f1o \u00a01981 convirti\u00e9ndose en el primer ciclista mendocino, nada m\u00e1s y nada menos, en alcanzar el podio de la m\u00e1s argentina de las vueltas.<\/p>\n<p>Que cont\u00f3 con la cancha de f\u00fatbol \u201cTaco Yaco\u201d, dirigida por la familia P\u00e9rez. El entrenador principal era \u201cCucha\u201d (Antonio P\u00e9rez), ayudado por su hermano \u201cChicho\u201d, y sus hermanas eran las cantineras. All\u00ed se organizaban partidos entre los diferentes equipos de la zona, y eran tanto masculinos como femeninos. La familia P\u00e9rez inculcaba el deporte en los j\u00f3venes, ya sea el f\u00fatbol o el ciclismo. Se entregaban trofeos y medallas, les brindaban una vianda, alentaban a los jugadores y se les pon\u00eda hasta el transporte para movilizarse. Adem\u00e1s esta familia ten\u00eda un lugar de recreaci\u00f3n llamado el \u201cRinc\u00f3n de la Amistad\u201d, donde se remontan numerosas historias.<\/p>\n<p>Que a\u00f1os atr\u00e1s, Los \u00c1rboles gozaba con una gran fuente de trabajo, como era la finca \u201cEscorihuela\u201d, que se ubicaba desde la calle Circunvalaci\u00f3n Norte hasta Carril Moyano, brindaba trabajo y hasta la vivienda a sus contratistas, tractoristas, y caballerizos. Despu\u00e9s del gran auge esta finca vino un mal momento en el que fallecieron sus due\u00f1os, y sus sucesores no pudieron seguir adelante con este proyecto, por lo que decidieron vender.<\/p>\n<p>Que en d\u00edas de carnaval cerraban la calle Mitre, para que actuar\u00e1n las comparsas, la gente se disfrazaba y se divert\u00edan en familia, siendo un pueblo con grandes momentos e historias, y sobre todo un pasado, a\u00fan presente en cada uno de sus habitantes.<\/p>\n<p>Que en la actualidad el distrito Los \u00c1rboles no cuenta con su Fiesta Regional, por lo que vecinos han tomado la iniciativa de prosperar en el camino hacia el progreso y que, con ayuda, crear su Festival.<\/p>\n<p>Que para lograr llevar a cabo dicha iniciativa los vecinos insisten que es fundamental la remodelaci\u00f3n y acondicionamiento (limpieza, cerco, ba\u00f1os) del predio de la cancha del Distrito, y formalizar legalmente el Club Sportivo Los \u00c1rboles.<\/p>\n<p>Que la organizaci\u00f3n del festival tiene una fecha fijada solo por este a\u00f1o en la cuarta semana de marzo, es decir, el s\u00e1bado 23. Se espera llevar a cabo como inicio una noche de espect\u00e1culo con un valor de entrada m\u00ednimo, con una puesta en escena con artistas de folclore y con un cierre de artistas de un repertorio popular. Por lo pronto, el lugar en el que se pretende realizar, ser\u00e1 en la Escuela N\u00ba 1-088 Alfonso Bernal, hasta tanto la cancha cuente con las mejoras necesarias, pero con la proyecci\u00f3n de que al a\u00f1o siguiente sea en dicha cancha.<\/p>\n<p>Que este festival est\u00e1 destinado a los habitantes del pueblo y aleda\u00f1os, asimismo a todos los visitantes que deseen concurrir, como as\u00ed tambi\u00e9n est\u00e1n dirigidas a todos ellos las obras que se ejecuten en el predio. En definitiva, lo que se espera obtener mediante esta actividad es el mejoramiento y aprovechamiento del espacio de la cancha, adem\u00e1s de un atractivo cultural en todo sentido.<\/p>\n<p>(Imagen en archivo adjunto).<\/p>\n<p>&nbsp;<\/p>\n<p><strong><u>POR ELLO:<\/u><\/strong><\/p>\n<p>El Honorable Concejo Deliberante de Rivadavia, Mendoza, en uso de sus facultades:<\/p>\n<p>&nbsp;<\/p>\n<p><strong><u>DECLARA:<\/u><\/strong><\/p>\n<p><strong><u>Art\u00edculo 1\u00ba:<\/u><\/strong> Declarar de Inter\u00e9s Departamental, social, educativo y cultural el Festival Regional \u201cLos \u00c1rboles y sus Ra\u00edces\u201d del Distrito Los \u00c1rboles.<\/p>\n<p><strong><u>Art\u00edculo 2\u00ba:<\/u><\/strong> Solicitar al Departamento Ejecutivo Municipal, acompa\u00f1ar el 1\u00b0 Festival Regional \u201cLos \u00c1rboles y sus Ra\u00edces\u201d del distrito Los \u00c1rboles.<\/p>\n<p><strong><u>Art\u00edculo 3\u00ba<\/u>:<\/strong> Solicitar al Departamento Ejecutivo Municipal, acompa\u00f1ar en la remodelaci\u00f3n y acondicionamiento del predio de la cancha del mencionado Distrito.<\/p>\n<p><strong><u>Art\u00edculo 4\u00ba:<\/u><\/strong> Comun\u00edquese al Departamento Ejecutivo a sus efectos e ins\u00e9rtese en el Libro de Declaraciones de este Cuerpo.<\/p>\n<p>&nbsp;<\/p>\n<p>Dada en la Sala de Sesiones, \u201cBandera Nacional Argentina\u201d, del Honorable Concejo Deliberante de Rivadavia, Mendoza, a los 19 d\u00edas del mes de marzo de 2019.<\/p>\n<p>&nbsp;<\/p>\n<p>&nbsp;<\/p>\n<p><strong>\u00a0 \u00a0 \u00a0 \u00a0 \u00a0 MAR\u00cdA IN\u00c9S DALLAGO\u00a0\u00a0\u00a0\u00a0\u00a0\u00a0\u00a0\u00a0\u00a0\u00a0\u00a0\u00a0\u00a0\u00a0\u00a0\u00a0\u00a0\u00a0\u00a0\u00a0\u00a0\u00a0\u00a0\u00a0\u00a0\u00a0\u00a0\u00a0\u00a0\u00a0\u00a0\u00a0\u00a0\u00a0\u00a0\u00a0\u00a0\u00a0\u00a0\u00a0\u00a0\u00a0\u00a0\u00a0\u00a0\u00a0\u00a0\u00a0\u00a0\u00a0\u00a0\u00a0 MAURICIO DI C\u00c9SARE<\/strong><\/p>\n<p><strong>\u00a0\u00a0\u00a0\u00a0\u00a0\u00a0\u00a0\u00a0\u00a0\u00a0\u00a0 \u00a0 SECRETARIA H.C.D.\u00a0\u00a0\u00a0\u00a0\u00a0\u00a0\u00a0\u00a0\u00a0\u00a0\u00a0\u00a0\u00a0\u00a0\u00a0\u00a0\u00a0\u00a0\u00a0\u00a0\u00a0\u00a0\u00a0\u00a0\u00a0\u00a0\u00a0\u00a0\u00a0\u00a0\u00a0\u00a0\u00a0\u00a0\u00a0\u00a0\u00a0\u00a0\u00a0\u00a0\u00a0\u00a0\u00a0\u00a0\u00a0\u00a0\u00a0\u00a0\u00a0\u00a0\u00a0\u00a0\u00a0\u00a0\u00a0\u00a0 \u00a0 PRESIDENTE H.C.D.<\/strong><\/p>\n<p>&nbsp;<\/p>\n<p>&nbsp;<\/p>\n<p>Cpde. Expte. N\u00ba 2019-00045-0\u00a0 H.C.D.<\/p>\n<p><a href=\"https:\/\/coworkdigital.com.ar\/hcd\/wp-content\/uploads\/2020\/12\/decl.03-19.pdf\"><img decoding=\"async\" class=\"alignright wp-image-6224\" src=\"https:\/\/coworkdigital.com.ar\/hcd\/wp-content\/uploads\/2020\/06\/descarga_pdf-150x150.png\" width=\"50\" height=\"53\" srcset=\"https:\/\/coworkdigital.com.ar\/hcd\/wp-content\/uploads\/2020\/06\/descarga_pdf-282x300.png 282w, https:\/\/coworkdigital.com.ar\/hcd\/wp-content\/uploads\/2020\/06\/descarga_pdf.png 496w\" sizes=\"(max-width: 50px) 100vw, 50px\" \/><\/a><\/p>\n","protected":false},"excerpt":{"rendered":"<p>VISTO: El Expediente N\u00ba 2019-00045-0, caratulado Bloque Ra\u00fal Alfons\u00edn, Concejales Anabella Mach\u00edn, Laura Abate, Beatriz S\u00e1nchez, presentan proyecto de Declaraci\u00f3n: Declarar de Inter\u00e9s Departamental, 1\u00ba Festival Regional \u201cLos Arboles y sus Ra\u00edces\u201d del distrito Los \u00c1rboles, y &nbsp; CONSIDERANDO: Que Los \u00c1rboles es un pueblo que le debe su nombre, a su principal caracter\u00edstica, la [&hellip;]<\/p>\n","protected":false},"author":1,"featured_media":0,"comment_status":"closed","ping_status":"closed","sticky":false,"template":"","format":"standard","meta":{"_acf_changed":false,"footnotes":""},"categories":[66],"tags":[],"class_list":["post-8833","post","type-post","status-publish","format-standard","hentry","category-declaraciones"],"acf":[],"_links":{"self":[{"href":"https:\/\/coworkdigital.com.ar\/hcd\/wp-json\/wp\/v2\/posts\/8833","targetHints":{"allow":["GET"]}}],"collection":[{"href":"https:\/\/coworkdigital.com.ar\/hcd\/wp-json\/wp\/v2\/posts"}],"about":[{"href":"https:\/\/coworkdigital.com.ar\/hcd\/wp-json\/wp\/v2\/types\/post"}],"author":[{"embeddable":true,"href":"https:\/\/coworkdigital.com.ar\/hcd\/wp-json\/wp\/v2\/users\/1"}],"replies":[{"embeddable":true,"href":"https:\/\/coworkdigital.com.ar\/hcd\/wp-json\/wp\/v2\/comments?post=8833"}],"version-history":[{"count":0,"href":"https:\/\/coworkdigital.com.ar\/hcd\/wp-json\/wp\/v2\/posts\/8833\/revisions"}],"wp:attachment":[{"href":"https:\/\/coworkdigital.com.ar\/hcd\/wp-json\/wp\/v2\/media?parent=8833"}],"wp:term":[{"taxonomy":"category","embeddable":true,"href":"https:\/\/coworkdigital.com.ar\/hcd\/wp-json\/wp\/v2\/categories?post=8833"},{"taxonomy":"post_tag","embeddable":true,"href":"https:\/\/coworkdigital.com.ar\/hcd\/wp-json\/wp\/v2\/tags?post=8833"}],"curies":[{"name":"wp","href":"https:\/\/api.w.org\/{rel}","templated":true}]}}