{"id":8837,"date":"2019-12-15T21:31:53","date_gmt":"2019-12-15T21:31:53","guid":{"rendered":"http:\/\/rivadaviamendoza.gob.ar\/hcd\/?p=8837"},"modified":"2019-12-15T21:31:53","modified_gmt":"2019-12-15T21:31:53","slug":"ordenanza-1234-2020-copy-copy-6-copy-copy-copy-copy-copy-copy-copy-copy-copy-copy-copy-copy-copy-copy-copy-copy-copy-2-copy-copy-copy-copy-copy-copy-copy-copy-copy-copy-copy-copy-copy-copy-copy-co-124","status":"publish","type":"post","link":"https:\/\/coworkdigital.com.ar\/hcd\/ordenanza-1234-2020-copy-copy-6-copy-copy-copy-copy-copy-copy-copy-copy-copy-copy-copy-copy-copy-copy-copy-copy-copy-2-copy-copy-copy-copy-copy-copy-copy-copy-copy-copy-copy-copy-copy-copy-copy-co-124\/","title":{"rendered":"DECLARACI\u00d3N N\u00ba 04-19"},"content":{"rendered":"<p><strong><img fetchpriority=\"high\" decoding=\"async\" class=\"alignnone wp-image-6853 size-full\" src=\"https:\/\/coworkdigital.com.ar\/hcd\/wp-content\/uploads\/2020\/12\/Zocalo-1.png\" width=\"3100\" height=\"482\" srcset=\"https:\/\/coworkdigital.com.ar\/hcd\/wp-content\/uploads\/2020\/12\/Zocalo-1.png 3100w, https:\/\/coworkdigital.com.ar\/hcd\/wp-content\/uploads\/2020\/12\/Zocalo-1-300x47.png 300w, https:\/\/coworkdigital.com.ar\/hcd\/wp-content\/uploads\/2020\/12\/Zocalo-1-1024x159.png 1024w, https:\/\/coworkdigital.com.ar\/hcd\/wp-content\/uploads\/2020\/12\/Zocalo-1-768x119.png 768w, https:\/\/coworkdigital.com.ar\/hcd\/wp-content\/uploads\/2020\/12\/Zocalo-1-1536x239.png 1536w, https:\/\/coworkdigital.com.ar\/hcd\/wp-content\/uploads\/2020\/12\/Zocalo-1-2048x318.png 2048w, https:\/\/coworkdigital.com.ar\/hcd\/wp-content\/uploads\/2020\/12\/Zocalo-1-600x93.png 600w, https:\/\/coworkdigital.com.ar\/hcd\/wp-content\/uploads\/2020\/12\/Zocalo-1-560x87.png 560w\" sizes=\"(max-width: 3100px) 100vw, 3100px\" \/><\/strong><\/p>\n<p><strong><u>VISTO:<\/u><\/strong><\/p>\n<p>El Expediente N\u00ba 2019-00046-8, caratulado Bloque Ra\u00fal Alfons\u00edn, Concejales Anabella Mach\u00edn, Laura Abate, Beatriz S\u00e1nchez, presentan proyecto de Declaraci\u00f3n: Declarar de Inter\u00e9s Departamental, 3\u00ba Edici\u00f3n de la \u201cCapacitaci\u00f3n sobre TEA\u00a0 (Trastorno Espectro Autista), y<\/p>\n<p>&nbsp;<\/p>\n<p><strong><u>CONSIDERANDO:<\/u><\/strong><\/p>\n<p>Que el autismo es una discapacidad permanente del desarrollo que se manifiesta en los tres primeros a\u00f1os de edad. La tasa del autismo en todas las regiones del mundo es alta y tiene un terrible impacto en los ni\u00f1os, sus familias, las comunidades y la sociedad. A lo largo de su historia, el Sistema de las Naciones Unidas ha promovido los derechos y el bienestar de los discapacitados, incluidos los ni\u00f1os con discapacidades de desarrollo. En 2008, la Convenci\u00f3n sobre los Derechos de las Personas con Discapacidad entr\u00f3 en vigor, reafirmando el principio fundamental de universalidad de los derechos humanos para todos. La Asamblea General de las Naciones Unidas declar\u00f3 por unanimidad el 02 de abril como D\u00eda Mundial de Concientizaci\u00f3n sobre el Autismo para poner de relieve la necesidad de ayudar a mejorar las condiciones de vida de los ni\u00f1os y adultos que sufren este trastorno.<\/p>\n<p>Que la inclusi\u00f3n y participaci\u00f3n activa en las sociedades es un derecho fundamental para cualquier ciudadano. Esta participaci\u00f3n implica esferas muy diferentes en la vida social y comunitaria, desde el acceso y utilizaci\u00f3n de entornos y servicios, hasta el disfrute y aprovechamiento de la educaci\u00f3n, el empleo, la cultura o la vida independiente.<\/p>\n<p>Desafortunadamente, en la actualidad esta premisa est\u00e1 lejos de ser real y efectiva. Se dispone de la normativa, declaraciones y argumentos y documentos de posicionamientos que defienden la igualdad de oportunidades y la no discriminaci\u00f3n para todas las personas con discapacidad, pero en la vida cotidiana se experimentan situaciones diarias de discriminaci\u00f3n y exclusi\u00f3n social que est\u00e1n lejos de desaparecer.<\/p>\n<p>Que la educaci\u00f3n apunta al desarrollo aut\u00f3nomo del estudiante, prepar\u00e1ndolo, por medio de herramientas te\u00f3ricas y pr\u00e1cticas para ello. Desde hace unos a\u00f1os, se viene apostando a una intervenci\u00f3n pedag\u00f3gica que asegure una verdadera inclusi\u00f3n, trabajando y potenciando las capacidades de cada ni\u00f1o. Por lo que es necesario tener en cuenta aspectos que pueden presentarse en nuestras aulas y que no debemos dejar de prepararnos y estar alertas para intervenir de una manera m\u00e1s responsable.<\/p>\n<p>Que la informaci\u00f3n nos permite actuar con una base s\u00f3lida, generando no s\u00f3lo en nosotros sino tambi\u00e9n en nuestros estudiantes y familia, una confianza de que el camino o trayectoria escolar va en b\u00fasqueda del \u00e9xito, de lograr un aprendizaje que involucre a cada actor educativo y qu\u00e9 potencie sus habilidades.<\/p>\n<p>Que es importante saber y adquirir herramientas, desenvolvernos en situaciones que vivamos en cada instituci\u00f3n y con cada estudiante, marcando su singularidad como cada integrante del aula. Cada diagn\u00f3stico, necesita su ajuste razonable y proyecto pedag\u00f3gico individual, y tambi\u00e9n de nuestra creatividad y de animarnos a conocer y actuar en consecuencia. No podemos dejar de conocer el contexto y las estad\u00edsticas que se manejan, ver que los casos aumentan y su incidencia en las aulas tambi\u00e9n.<\/p>\n<p>Que adem\u00e1s es importante destacar que durante este mes (abril) se realizan a nivel internacional, nacional y provincial actividades en funci\u00f3n de informar y concientizar sobre el tema, dado que el 02 de abril es el d\u00eda internacional del Autismo, fecha a la cual el gobierno municipal de Rivadavia, declar\u00f3 de inter\u00e9s.<\/p>\n<p>&nbsp;<\/p>\n<p><strong><u>POR ELLO:<\/u><\/strong><\/p>\n<p>El Honorable Concejo Deliberante de Rivadavia, Mendoza, en uso de sus facultades:<\/p>\n<p>&nbsp;<\/p>\n<p><strong><u>DECLARA:<\/u><\/strong><\/p>\n<p><strong><u>Art\u00edculo 1\u00ba:<\/u><\/strong> Declarar de Inter\u00e9s Departamental Social, Cultural y Educativo la 3\u00b0 Edici\u00f3n de Concientizaci\u00f3n \u201csobre TEA (Trastorno Espectro Autista): conceptos b\u00e1sicos y herramientas para el abordaje escolar\u201d.<\/p>\n<p><strong><u>Art\u00edculo 2\u00b0:<\/u><\/strong> Solicitar al Departamento Ejecutivo Municipal, acompa\u00f1ar la campa\u00f1a #Light It Up Blue, iluminando el edificio municipal con luces azules.<\/p>\n<p><strong><u>Art\u00edculo 3\u00b0:<\/u><\/strong> Solicitar al Departamento Ejecutivo dar difusi\u00f3n de la presente campa\u00f1a.<\/p>\n<p><strong><u>Art\u00edculo 4\u00ba:<\/u><\/strong> Comun\u00edquese al Departamento Ejecutivo a sus efectos e ins\u00e9rtese en el Libro de Declaraciones de este Cuerpo.<\/p>\n<p>&nbsp;<\/p>\n<p>Dada en la Sala de Sesiones, \u201cBandera Nacional Argentina\u201d, del Honorable Concejo Deliberante de Rivadavia, Mendoza, a los 19 d\u00edas del mes de marzo de 2019.<\/p>\n<p>&nbsp;<\/p>\n<p>&nbsp;<\/p>\n<p><strong>\u00a0 \u00a0 \u00a0 \u00a0 \u00a0 \u00a0MAR\u00cdA IN\u00c9S DALLAGO\u00a0\u00a0\u00a0\u00a0\u00a0\u00a0\u00a0\u00a0\u00a0\u00a0\u00a0\u00a0\u00a0\u00a0\u00a0\u00a0\u00a0\u00a0\u00a0\u00a0\u00a0\u00a0\u00a0\u00a0\u00a0\u00a0\u00a0\u00a0\u00a0\u00a0\u00a0\u00a0\u00a0\u00a0\u00a0\u00a0\u00a0\u00a0\u00a0\u00a0\u00a0\u00a0\u00a0\u00a0\u00a0\u00a0\u00a0\u00a0\u00a0\u00a0\u00a0\u00a0 MAURICIO DI C\u00c9SARE<\/strong><\/p>\n<p><strong>\u00a0\u00a0\u00a0\u00a0\u00a0\u00a0\u00a0\u00a0\u00a0\u00a0\u00a0 \u00a0 SECRETARIA H.C.D.\u00a0\u00a0\u00a0\u00a0\u00a0\u00a0\u00a0\u00a0\u00a0\u00a0\u00a0\u00a0\u00a0\u00a0\u00a0\u00a0\u00a0\u00a0\u00a0\u00a0\u00a0\u00a0\u00a0\u00a0\u00a0\u00a0\u00a0\u00a0\u00a0\u00a0\u00a0\u00a0\u00a0\u00a0\u00a0\u00a0\u00a0\u00a0\u00a0\u00a0\u00a0\u00a0\u00a0\u00a0\u00a0\u00a0\u00a0\u00a0\u00a0\u00a0\u00a0\u00a0\u00a0\u00a0\u00a0\u00a0 \u00a0\u00a0 RESIDENTE H.C.D.<\/strong><\/p>\n<p>&nbsp;<\/p>\n<p>&nbsp;<\/p>\n<p>Cpde. Expte. N\u00ba 2019-00046-8\u00a0 H.C.D.<\/p>\n<p><a href=\"https:\/\/coworkdigital.com.ar\/hcd\/wp-content\/uploads\/2020\/12\/decl.04-19.pdf\"><img decoding=\"async\" class=\"alignright wp-image-6224\" src=\"https:\/\/coworkdigital.com.ar\/hcd\/wp-content\/uploads\/2020\/06\/descarga_pdf-150x150.png\" width=\"50\" height=\"53\" srcset=\"https:\/\/coworkdigital.com.ar\/hcd\/wp-content\/uploads\/2020\/06\/descarga_pdf-282x300.png 282w, https:\/\/coworkdigital.com.ar\/hcd\/wp-content\/uploads\/2020\/06\/descarga_pdf.png 496w\" sizes=\"(max-width: 50px) 100vw, 50px\" \/><\/a><\/p>\n","protected":false},"excerpt":{"rendered":"<p>VISTO: El Expediente N\u00ba 2019-00046-8, caratulado Bloque Ra\u00fal Alfons\u00edn, Concejales Anabella Mach\u00edn, Laura Abate, Beatriz S\u00e1nchez, presentan proyecto de Declaraci\u00f3n: Declarar de Inter\u00e9s Departamental, 3\u00ba Edici\u00f3n de la \u201cCapacitaci\u00f3n sobre TEA\u00a0 (Trastorno Espectro Autista), y &nbsp; CONSIDERANDO: Que el autismo es una discapacidad permanente del desarrollo que se manifiesta en los tres primeros a\u00f1os de [&hellip;]<\/p>\n","protected":false},"author":1,"featured_media":0,"comment_status":"closed","ping_status":"closed","sticky":false,"template":"","format":"standard","meta":{"_acf_changed":false,"footnotes":""},"categories":[66],"tags":[],"class_list":["post-8837","post","type-post","status-publish","format-standard","hentry","category-declaraciones"],"acf":[],"_links":{"self":[{"href":"https:\/\/coworkdigital.com.ar\/hcd\/wp-json\/wp\/v2\/posts\/8837","targetHints":{"allow":["GET"]}}],"collection":[{"href":"https:\/\/coworkdigital.com.ar\/hcd\/wp-json\/wp\/v2\/posts"}],"about":[{"href":"https:\/\/coworkdigital.com.ar\/hcd\/wp-json\/wp\/v2\/types\/post"}],"author":[{"embeddable":true,"href":"https:\/\/coworkdigital.com.ar\/hcd\/wp-json\/wp\/v2\/users\/1"}],"replies":[{"embeddable":true,"href":"https:\/\/coworkdigital.com.ar\/hcd\/wp-json\/wp\/v2\/comments?post=8837"}],"version-history":[{"count":0,"href":"https:\/\/coworkdigital.com.ar\/hcd\/wp-json\/wp\/v2\/posts\/8837\/revisions"}],"wp:attachment":[{"href":"https:\/\/coworkdigital.com.ar\/hcd\/wp-json\/wp\/v2\/media?parent=8837"}],"wp:term":[{"taxonomy":"category","embeddable":true,"href":"https:\/\/coworkdigital.com.ar\/hcd\/wp-json\/wp\/v2\/categories?post=8837"},{"taxonomy":"post_tag","embeddable":true,"href":"https:\/\/coworkdigital.com.ar\/hcd\/wp-json\/wp\/v2\/tags?post=8837"}],"curies":[{"name":"wp","href":"https:\/\/api.w.org\/{rel}","templated":true}]}}