{"id":8841,"date":"2019-12-15T21:34:52","date_gmt":"2019-12-15T21:34:52","guid":{"rendered":"http:\/\/rivadaviamendoza.gob.ar\/hcd\/?p=8841"},"modified":"2019-12-15T21:34:52","modified_gmt":"2019-12-15T21:34:52","slug":"ordenanza-1234-2020-copy-copy-6-copy-copy-copy-copy-copy-copy-copy-copy-copy-copy-copy-copy-copy-copy-copy-copy-copy-2-copy-copy-copy-copy-copy-copy-copy-copy-copy-copy-copy-copy-copy-copy-copy-co-125","status":"publish","type":"post","link":"https:\/\/coworkdigital.com.ar\/hcd\/ordenanza-1234-2020-copy-copy-6-copy-copy-copy-copy-copy-copy-copy-copy-copy-copy-copy-copy-copy-copy-copy-copy-copy-2-copy-copy-copy-copy-copy-copy-copy-copy-copy-copy-copy-copy-copy-copy-copy-co-125\/","title":{"rendered":"DECLARACI\u00d3N N\u00ba 05-19"},"content":{"rendered":"<p><strong><img fetchpriority=\"high\" decoding=\"async\" class=\"alignnone wp-image-6853 size-full\" src=\"https:\/\/coworkdigital.com.ar\/hcd\/wp-content\/uploads\/2020\/12\/Zocalo-1.png\" width=\"3100\" height=\"482\" srcset=\"https:\/\/coworkdigital.com.ar\/hcd\/wp-content\/uploads\/2020\/12\/Zocalo-1.png 3100w, https:\/\/coworkdigital.com.ar\/hcd\/wp-content\/uploads\/2020\/12\/Zocalo-1-300x47.png 300w, https:\/\/coworkdigital.com.ar\/hcd\/wp-content\/uploads\/2020\/12\/Zocalo-1-1024x159.png 1024w, https:\/\/coworkdigital.com.ar\/hcd\/wp-content\/uploads\/2020\/12\/Zocalo-1-768x119.png 768w, https:\/\/coworkdigital.com.ar\/hcd\/wp-content\/uploads\/2020\/12\/Zocalo-1-1536x239.png 1536w, https:\/\/coworkdigital.com.ar\/hcd\/wp-content\/uploads\/2020\/12\/Zocalo-1-2048x318.png 2048w, https:\/\/coworkdigital.com.ar\/hcd\/wp-content\/uploads\/2020\/12\/Zocalo-1-600x93.png 600w, https:\/\/coworkdigital.com.ar\/hcd\/wp-content\/uploads\/2020\/12\/Zocalo-1-560x87.png 560w\" sizes=\"(max-width: 3100px) 100vw, 3100px\" \/><\/strong><\/p>\n<p><strong><u>VISTO:<\/u><\/strong><\/p>\n<p>El Expediente N\u00ba 2019-00057-5, caratulado Bloque Kolina, Concejal Anal\u00eda Del R\u00edo, presenta Proyecto de \u00a0Declaraci\u00f3n: Repudio Aumento Tarifaria El\u00e9ctrica, y<\/p>\n<p>&nbsp;<\/p>\n<p><strong><u>CONSIDERANDO:<\/u><\/strong><\/p>\n<p>La actual crisis econ\u00f3mica que afronta el Pa\u00eds, la Provincia y el Departamento, los tarifazos, la inflaci\u00f3n, los despidos, etc.<\/p>\n<p>Que las empresas el\u00e9ctricas pedir\u00e1n un aumento del 45%. Lo presentar\u00e1n en la audiencia p\u00fablica del 05 de abril.<\/p>\n<p>Que es el triple de la suba calculada por el EPRE.<\/p>\n<p>Que teniendo en cuenta esos porcentajes, se estima que las facturas promedios oscilar\u00e1n entre los $2.300 y los $3.000. Dichas pretensiones ser\u00e1n presentadas en la audiencia p\u00fablica del 05 de abril, y luego ser\u00e1 el gobernador de la provincia, Alfredo Cornejo, quien definir\u00e1 el porcentaje de incremento (del VAD) para el presente per\u00edodo.<\/p>\n<p>Que de aplicarse el incremento calculado por el EPRE la factura de un usuario residencial con consumos m\u00e1ximos para la categor\u00eda T1 R2 pasar\u00eda a mostrar un importe final superior a los $ 2.300. En cambio, con el incremento pretendido por las distribuidoras, ser\u00eda de alrededor de $ 2.900. La diferencia entre los montos porcentuales presentados por las distribuidoras y el ente regulador se basa en los importes que agrega cada uno en sus c\u00e1lculos.<\/p>\n<p>Que los usuarios residenciales con un consumo de hasta 299 kilovatios-hora (Kwh) bimestrales (categor\u00eda T1-R1) tendr\u00e1n una suba del 8,6%, es decir un aumento de $ 66,00 sobre la factura total, lo que implicar\u00eda que de $ 770 pasar\u00e1n a pagar $ 834,00 con impuestos (por cerca de 240 kw\/h). Este grupo comprende cerca del 30% de los hogares mendocinos.<\/p>\n<p>Que para el caso de los usuarios que consumen entre 300 Kwh y 599 Kwh bimestrales (categor\u00eda T1-R2), el incremento estimado para este grupo ser\u00eda del 14%, lo que significa que de una factura de $ 2.023,50 (cargo fijo de $ 61 m\u00e1s $ 3.2763 por 599kw\/h) se pasar\u00e1 a una de $ 2.306. A este grupo pertenece la mayor cantidad de hogares mendocinos, cerca del 60%.<\/p>\n<p>Que para el ente, la adecuaci\u00f3n deber\u00eda ser s\u00f3lo del 15% para que las empresas puedan trabajar de manera eficiente. \u201cLas distribuidoras solicitaron en promedio un incremento por el costo del servicio y mantenimiento de redes del 130%, lo que al usuario en la factura le representar\u00eda un 45%.<\/p>\n<p>Que una vez que se someta a audiencia p\u00fablica (paso obligatorio pero no vinculante antes de la definici\u00f3n del incremento)\u00a0 la pretensi\u00f3n de las empresas (Edemsa, Edestesa, la Cooperativa El\u00e9ctrica de Godoy Cruz y las nueve operadoras en el este y sur de la provincia), la definici\u00f3n queda en manos del Poder Ejecutivo.<\/p>\n<p>Que es conocida la situaci\u00f3n econ\u00f3mica del pa\u00eds, no es necesario aclarar que se hace dif\u00edcil llegar a fin de mes y costear los gastos de una canasta b\u00e1sica familiar con los salarios que jam\u00e1s aumentan al nivel de la inflaci\u00f3n mensual. Que las empresas cierran o reducen personal. Que los productores casi no han podido levantar sus cosechas. Que en los a\u00f1os anteriores los servicios ya han sido sometidos a tarifazos\u00a0 que hacen que una boleta sea imposible de pagar.<\/p>\n<p>Que nuestro departamento no se ve exento de la crisis, y que es deber del Ejecutivo velar por la calidad de vida de los vecinos.<\/p>\n<p>&nbsp;<\/p>\n<p><strong><u>POR ELLO:<\/u><\/strong><\/p>\n<p>El Honorable Concejo Deliberante de Rivadavia, Mendoza, en uso de sus facultades:<\/p>\n<p>&nbsp;<\/p>\n<p><strong><u>DECLARA:<\/u><\/strong><\/p>\n<p><strong><u>Art\u00edculo 1\u00ba:<\/u><\/strong> Declarar el repudio total y absoluto al aumento del 45% en la tarifa de la luz.<\/p>\n<p><strong><u>Art\u00edculo 2\u00b0:<\/u><\/strong> Designar a un representante del Departamento Ejecutivo y Honorable Concejo Deliberante que quedar\u00e1 representado por el Presidente Mauricio Di C\u00e9sare y el Vice- presidente 1\u00ba Juan Garrido, a participar de la audiencia p\u00fablica que se realizar\u00e1 el d\u00eda 05 de abril para defender los derechos de los rivadavienses e intentar evitar este tarifazo.<\/p>\n<p><strong><u>Art\u00edculo 3\u00b0:<\/u><\/strong> Solicitar al Departamento Ejecutivo que exponga su rechazo al aumento ante las autoridades Provinciales.<\/p>\n<p><strong><u>Art\u00edculo 4\u00ba:<\/u><\/strong> Comun\u00edquese al Departamento Ejecutivo a sus efectos e ins\u00e9rtese en el Libro de Declaraciones de este Cuerpo.<\/p>\n<p>&nbsp;<\/p>\n<p>Dada en la Sala de Sesiones, \u201cBandera Nacional Argentina\u201d, del Honorable Concejo Deliberante de Rivadavia, Mendoza, a los 01 d\u00edas del mes de abril de 2019.<\/p>\n<p>&nbsp;<\/p>\n<p>&nbsp;<\/p>\n<p><strong>\u00a0 \u00a0 \u00a0 \u00a0 \u00a0 \u00a0 \u00a0 MAR\u00cdA IN\u00c9S DALLAGO\u00a0 \u00a0 \u00a0 \u00a0 \u00a0 \u00a0 \u00a0 \u00a0 \u00a0 \u00a0 \u00a0 \u00a0 \u00a0 \u00a0 \u00a0 \u00a0 \u00a0 \u00a0 \u00a0 \u00a0 \u00a0 \u00a0 \u00a0 \u00a0 \u00a0 \u00a0 \u00a0 \u00a0 \u00a0 MAURICIO DI C\u00c9SARE<\/strong><\/p>\n<p><strong>\u00a0\u00a0\u00a0\u00a0\u00a0\u00a0\u00a0\u00a0\u00a0\u00a0\u00a0\u00a0\u00a0\u00a0 \u00a0 SECRETARIA H.C.D.\u00a0\u00a0\u00a0\u00a0\u00a0\u00a0\u00a0\u00a0\u00a0\u00a0\u00a0\u00a0\u00a0\u00a0\u00a0\u00a0\u00a0\u00a0\u00a0\u00a0\u00a0\u00a0\u00a0\u00a0\u00a0\u00a0\u00a0\u00a0\u00a0\u00a0\u00a0\u00a0\u00a0\u00a0\u00a0\u00a0\u00a0\u00a0\u00a0\u00a0\u00a0\u00a0\u00a0\u00a0\u00a0\u00a0\u00a0\u00a0\u00a0\u00a0\u00a0\u00a0\u00a0\u00a0\u00a0\u00a0\u00a0\u00a0\u00a0\u00a0 \u00a0\u00a0 PRESIDENTE H.C.D.<\/strong><\/p>\n<p>&nbsp;<\/p>\n<p>&nbsp;<\/p>\n<p>Cpde. Expte. N\u00ba 2019-00057-5\u00a0 H.C.D.<\/p>\n<p><a href=\"https:\/\/coworkdigital.com.ar\/hcd\/wp-content\/uploads\/2020\/12\/decl.05-19.pdf\"><img decoding=\"async\" class=\"alignright wp-image-6224\" src=\"https:\/\/coworkdigital.com.ar\/hcd\/wp-content\/uploads\/2020\/06\/descarga_pdf-150x150.png\" width=\"50\" height=\"53\" srcset=\"https:\/\/coworkdigital.com.ar\/hcd\/wp-content\/uploads\/2020\/06\/descarga_pdf-282x300.png 282w, https:\/\/coworkdigital.com.ar\/hcd\/wp-content\/uploads\/2020\/06\/descarga_pdf.png 496w\" sizes=\"(max-width: 50px) 100vw, 50px\" \/><\/a><\/p>\n","protected":false},"excerpt":{"rendered":"<p>VISTO: El Expediente N\u00ba 2019-00057-5, caratulado Bloque Kolina, Concejal Anal\u00eda Del R\u00edo, presenta Proyecto de \u00a0Declaraci\u00f3n: Repudio Aumento Tarifaria El\u00e9ctrica, y &nbsp; CONSIDERANDO: La actual crisis econ\u00f3mica que afronta el Pa\u00eds, la Provincia y el Departamento, los tarifazos, la inflaci\u00f3n, los despidos, etc. Que las empresas el\u00e9ctricas pedir\u00e1n un aumento del 45%. Lo presentar\u00e1n en [&hellip;]<\/p>\n","protected":false},"author":1,"featured_media":0,"comment_status":"closed","ping_status":"closed","sticky":false,"template":"","format":"standard","meta":{"_acf_changed":false,"footnotes":""},"categories":[66],"tags":[],"class_list":["post-8841","post","type-post","status-publish","format-standard","hentry","category-declaraciones"],"acf":[],"_links":{"self":[{"href":"https:\/\/coworkdigital.com.ar\/hcd\/wp-json\/wp\/v2\/posts\/8841","targetHints":{"allow":["GET"]}}],"collection":[{"href":"https:\/\/coworkdigital.com.ar\/hcd\/wp-json\/wp\/v2\/posts"}],"about":[{"href":"https:\/\/coworkdigital.com.ar\/hcd\/wp-json\/wp\/v2\/types\/post"}],"author":[{"embeddable":true,"href":"https:\/\/coworkdigital.com.ar\/hcd\/wp-json\/wp\/v2\/users\/1"}],"replies":[{"embeddable":true,"href":"https:\/\/coworkdigital.com.ar\/hcd\/wp-json\/wp\/v2\/comments?post=8841"}],"version-history":[{"count":0,"href":"https:\/\/coworkdigital.com.ar\/hcd\/wp-json\/wp\/v2\/posts\/8841\/revisions"}],"wp:attachment":[{"href":"https:\/\/coworkdigital.com.ar\/hcd\/wp-json\/wp\/v2\/media?parent=8841"}],"wp:term":[{"taxonomy":"category","embeddable":true,"href":"https:\/\/coworkdigital.com.ar\/hcd\/wp-json\/wp\/v2\/categories?post=8841"},{"taxonomy":"post_tag","embeddable":true,"href":"https:\/\/coworkdigital.com.ar\/hcd\/wp-json\/wp\/v2\/tags?post=8841"}],"curies":[{"name":"wp","href":"https:\/\/api.w.org\/{rel}","templated":true}]}}