{"id":8853,"date":"2019-12-15T21:41:14","date_gmt":"2019-12-15T21:41:14","guid":{"rendered":"http:\/\/rivadaviamendoza.gob.ar\/hcd\/?p=8853"},"modified":"2019-12-15T21:41:14","modified_gmt":"2019-12-15T21:41:14","slug":"ordenanza-1234-2020-copy-copy-6-copy-copy-copy-copy-copy-copy-copy-copy-copy-copy-copy-copy-copy-copy-copy-copy-copy-2-copy-copy-copy-copy-copy-copy-copy-copy-copy-copy-copy-copy-copy-copy-copy-co-128","status":"publish","type":"post","link":"https:\/\/coworkdigital.com.ar\/hcd\/ordenanza-1234-2020-copy-copy-6-copy-copy-copy-copy-copy-copy-copy-copy-copy-copy-copy-copy-copy-copy-copy-copy-copy-2-copy-copy-copy-copy-copy-copy-copy-copy-copy-copy-copy-copy-copy-copy-copy-co-128\/","title":{"rendered":"DECLARACI\u00d3N N\u00ba 08-19"},"content":{"rendered":"<p><strong><img fetchpriority=\"high\" decoding=\"async\" class=\"alignnone wp-image-6853 size-full\" src=\"https:\/\/coworkdigital.com.ar\/hcd\/wp-content\/uploads\/2020\/12\/Zocalo-1.png\" width=\"3100\" height=\"482\" srcset=\"https:\/\/coworkdigital.com.ar\/hcd\/wp-content\/uploads\/2020\/12\/Zocalo-1.png 3100w, https:\/\/coworkdigital.com.ar\/hcd\/wp-content\/uploads\/2020\/12\/Zocalo-1-300x47.png 300w, https:\/\/coworkdigital.com.ar\/hcd\/wp-content\/uploads\/2020\/12\/Zocalo-1-1024x159.png 1024w, https:\/\/coworkdigital.com.ar\/hcd\/wp-content\/uploads\/2020\/12\/Zocalo-1-768x119.png 768w, https:\/\/coworkdigital.com.ar\/hcd\/wp-content\/uploads\/2020\/12\/Zocalo-1-1536x239.png 1536w, https:\/\/coworkdigital.com.ar\/hcd\/wp-content\/uploads\/2020\/12\/Zocalo-1-2048x318.png 2048w, https:\/\/coworkdigital.com.ar\/hcd\/wp-content\/uploads\/2020\/12\/Zocalo-1-600x93.png 600w, https:\/\/coworkdigital.com.ar\/hcd\/wp-content\/uploads\/2020\/12\/Zocalo-1-560x87.png 560w\" sizes=\"(max-width: 3100px) 100vw, 3100px\" \/><\/strong><\/p>\n<p><strong><u>VISTO:<\/u><\/strong><\/p>\n<p>El Expediente N\u00ba 2019-00074-0, caratulado, Bloque Ra\u00fal Alfons\u00edn, Concejales, Abate, Mach\u00edn y S\u00e1nchez, presentan proyecto de Declaraci\u00f3n: Declarar de Inter\u00e9s Departamental El Libro de Rub\u00e9n Chaves Canciani y Carlos Ram\u00edrez \u00a1Linda Yunta\u2026 pa\u00b4 unos versos!, y<\/p>\n<p>&nbsp;<\/p>\n<p><strong><u>CONSIDERANDO:<\/u><\/strong><\/p>\n<p>La necesidad de Declarar de Inter\u00e9s Social, Cultural y Departamental el libro \u00a1Linda Yunta\u2026 pa\u00b4 unos versos! de los Rivadavienses Rub\u00e9n Chaves Canciani y Carlos Ram\u00edrez\u00a0 y;<\/p>\n<p>Que el libro est\u00e1 dirigido a todos en general, pero principalmente a los j\u00f3venes de nuestra tierra que son el futuro y tienen el deber de conocer y amar \u201clo nuestro\u201d para tener su propia identidad ante el mundo. Nadie ama lo que no conoce y si no amamos nuestra patria, la estamos condenando a la muerte.<\/p>\n<p>Que los versos de \u201cLinda Yunta\u201d integran el culto de muestran tradiciones, son un aporte significativo para nuestra cultura nacional.<\/p>\n<p>Que los versos que prolongamos integran el conjunto de elementos que constituyen una de las facetas m\u00e1s importantes de la cultura de los argentinos. Cultura que integran sin dudarlos, las costumbres y usos de origen gauchesco: y en nuestro pa\u00eds, en el que se dio el m\u00e1s formidable entrecruzamiento de diversas razas y costumbres, produjo como resultado una sociedad libre de prejuicios y resentimientos, que en la vieja Europa derivaron en enfrentamientos crueles que culminaron en totalitarismos m\u00e1s feroces de la historia mundial.<\/p>\n<p>Que estos dos autores dejan reflejado en esta obra la tradici\u00f3n del gaucho argentino que es donde estuvieron y est\u00e1n los valores que debemos recuperar para bien de nuestra cultura.<\/p>\n<p>Que la intenci\u00f3n es evitar el olvido y la deformaci\u00f3n de nuestra cultura originaria y reivindicarla para su difusi\u00f3n.<\/p>\n<p>&nbsp;<\/p>\n<p><strong><u>POR ELLO:<\/u><\/strong><\/p>\n<p>El Honorable Concejo Deliberante de Rivadavia, Mendoza, en uso de sus facultades:<\/p>\n<p>&nbsp;<\/p>\n<p><strong><u>DECLARA:<\/u><\/strong><\/p>\n<p><strong><u>Art\u00edculo 1\u00ba<\/u>:<\/strong> Declarar de Inter\u00e9s Departamental, Social y Cultural el libro de Rub\u00e9n Chaves Canciani y Carlos Ram\u00edrez \u00a1Linda Yunta\u2026 pa\u00b4 unos\u00a0 versos! (Poemas y Relatos Camperos)<\/p>\n<p><strong><u>Art\u00edculo 2\u00ba:<\/u><\/strong> Comun\u00edquese al Departamento Ejecutivo a sus efectos e ins\u00e9rtese en el Libro de Declaraciones de este Cuerpo.<\/p>\n<p>&nbsp;<\/p>\n<p>Dada en la Sala de Sesiones, \u201cBandera Nacional Argentina\u201d, del Honorable Concejo Deliberante de Rivadavia, Mendoza, a los 09 d\u00edas del mes de abril de 2019.<\/p>\n<p>&nbsp;<\/p>\n<p>&nbsp;<\/p>\n<p><strong>\u00a0 \u00a0 \u00a0 \u00a0 \u00a0 \u00a0MAR\u00cdA IN\u00c9S DALLAGO\u00a0 \u00a0 \u00a0 \u00a0 \u00a0 \u00a0 \u00a0 \u00a0 \u00a0 \u00a0 \u00a0 \u00a0 \u00a0 \u00a0 \u00a0 \u00a0 \u00a0 \u00a0 \u00a0 \u00a0 \u00a0 \u00a0 \u00a0 \u00a0 \u00a0 MAURICIO DI C\u00c9SARE<\/strong><\/p>\n<p><strong>\u00a0\u00a0\u00a0\u00a0\u00a0\u00a0\u00a0\u00a0\u00a0\u00a0\u00a0 \u00a0 SECRETARIA H.C.D.\u00a0\u00a0\u00a0\u00a0\u00a0\u00a0\u00a0\u00a0\u00a0\u00a0\u00a0\u00a0\u00a0\u00a0\u00a0\u00a0\u00a0\u00a0\u00a0\u00a0\u00a0\u00a0\u00a0\u00a0\u00a0\u00a0\u00a0\u00a0\u00a0\u00a0\u00a0\u00a0\u00a0\u00a0\u00a0\u00a0\u00a0\u00a0\u00a0\u00a0\u00a0\u00a0\u00a0\u00a0\u00a0\u00a0\u00a0\u00a0\u00a0\u00a0\u00a0\u00a0 \u00a0\u00a0 PRESIDENTE H.C.D.<\/strong><\/p>\n<p>&nbsp;<\/p>\n<p>&nbsp;<\/p>\n<p>Cpde. Expte. N\u00ba 2019-00074-0\u00a0 H.C.D.<\/p>\n<p><a href=\"https:\/\/coworkdigital.com.ar\/hcd\/wp-content\/uploads\/2020\/12\/decl.08-19.pdf\"><img decoding=\"async\" class=\"alignright wp-image-6224\" src=\"https:\/\/coworkdigital.com.ar\/hcd\/wp-content\/uploads\/2020\/06\/descarga_pdf-150x150.png\" width=\"50\" height=\"53\" srcset=\"https:\/\/coworkdigital.com.ar\/hcd\/wp-content\/uploads\/2020\/06\/descarga_pdf-282x300.png 282w, https:\/\/coworkdigital.com.ar\/hcd\/wp-content\/uploads\/2020\/06\/descarga_pdf.png 496w\" sizes=\"(max-width: 50px) 100vw, 50px\" \/><\/a><\/p>\n","protected":false},"excerpt":{"rendered":"<p>VISTO: El Expediente N\u00ba 2019-00074-0, caratulado, Bloque Ra\u00fal Alfons\u00edn, Concejales, Abate, Mach\u00edn y S\u00e1nchez, presentan proyecto de Declaraci\u00f3n: Declarar de Inter\u00e9s Departamental El Libro de Rub\u00e9n Chaves Canciani y Carlos Ram\u00edrez \u00a1Linda Yunta\u2026 pa\u00b4 unos versos!, y &nbsp; CONSIDERANDO: La necesidad de Declarar de Inter\u00e9s Social, Cultural y Departamental el libro \u00a1Linda Yunta\u2026 pa\u00b4 unos [&hellip;]<\/p>\n","protected":false},"author":1,"featured_media":0,"comment_status":"closed","ping_status":"closed","sticky":false,"template":"","format":"standard","meta":{"_acf_changed":false,"footnotes":""},"categories":[66],"tags":[],"class_list":["post-8853","post","type-post","status-publish","format-standard","hentry","category-declaraciones"],"acf":[],"_links":{"self":[{"href":"https:\/\/coworkdigital.com.ar\/hcd\/wp-json\/wp\/v2\/posts\/8853","targetHints":{"allow":["GET"]}}],"collection":[{"href":"https:\/\/coworkdigital.com.ar\/hcd\/wp-json\/wp\/v2\/posts"}],"about":[{"href":"https:\/\/coworkdigital.com.ar\/hcd\/wp-json\/wp\/v2\/types\/post"}],"author":[{"embeddable":true,"href":"https:\/\/coworkdigital.com.ar\/hcd\/wp-json\/wp\/v2\/users\/1"}],"replies":[{"embeddable":true,"href":"https:\/\/coworkdigital.com.ar\/hcd\/wp-json\/wp\/v2\/comments?post=8853"}],"version-history":[{"count":0,"href":"https:\/\/coworkdigital.com.ar\/hcd\/wp-json\/wp\/v2\/posts\/8853\/revisions"}],"wp:attachment":[{"href":"https:\/\/coworkdigital.com.ar\/hcd\/wp-json\/wp\/v2\/media?parent=8853"}],"wp:term":[{"taxonomy":"category","embeddable":true,"href":"https:\/\/coworkdigital.com.ar\/hcd\/wp-json\/wp\/v2\/categories?post=8853"},{"taxonomy":"post_tag","embeddable":true,"href":"https:\/\/coworkdigital.com.ar\/hcd\/wp-json\/wp\/v2\/tags?post=8853"}],"curies":[{"name":"wp","href":"https:\/\/api.w.org\/{rel}","templated":true}]}}