{"id":8876,"date":"2019-12-15T22:00:23","date_gmt":"2019-12-15T22:00:23","guid":{"rendered":"http:\/\/rivadaviamendoza.gob.ar\/hcd\/?p=8876"},"modified":"2019-12-15T22:00:23","modified_gmt":"2019-12-15T22:00:23","slug":"ordenanza-1234-2020-copy-copy-6-copy-copy-copy-copy-copy-copy-copy-copy-copy-copy-copy-copy-copy-copy-copy-copy-copy-2-copy-copy-copy-copy-copy-copy-copy-copy-copy-copy-copy-copy-copy-copy-copy-co-131","status":"publish","type":"post","link":"https:\/\/coworkdigital.com.ar\/hcd\/ordenanza-1234-2020-copy-copy-6-copy-copy-copy-copy-copy-copy-copy-copy-copy-copy-copy-copy-copy-copy-copy-copy-copy-2-copy-copy-copy-copy-copy-copy-copy-copy-copy-copy-copy-copy-copy-copy-copy-co-131\/","title":{"rendered":"DECLARACI\u00d3N N\u00ba 11-19"},"content":{"rendered":"<p><strong><img fetchpriority=\"high\" decoding=\"async\" class=\"alignnone wp-image-6853 size-full\" src=\"https:\/\/coworkdigital.com.ar\/hcd\/wp-content\/uploads\/2020\/12\/Zocalo-1.png\" width=\"3100\" height=\"482\" srcset=\"https:\/\/coworkdigital.com.ar\/hcd\/wp-content\/uploads\/2020\/12\/Zocalo-1.png 3100w, https:\/\/coworkdigital.com.ar\/hcd\/wp-content\/uploads\/2020\/12\/Zocalo-1-300x47.png 300w, https:\/\/coworkdigital.com.ar\/hcd\/wp-content\/uploads\/2020\/12\/Zocalo-1-1024x159.png 1024w, https:\/\/coworkdigital.com.ar\/hcd\/wp-content\/uploads\/2020\/12\/Zocalo-1-768x119.png 768w, https:\/\/coworkdigital.com.ar\/hcd\/wp-content\/uploads\/2020\/12\/Zocalo-1-1536x239.png 1536w, https:\/\/coworkdigital.com.ar\/hcd\/wp-content\/uploads\/2020\/12\/Zocalo-1-2048x318.png 2048w, https:\/\/coworkdigital.com.ar\/hcd\/wp-content\/uploads\/2020\/12\/Zocalo-1-600x93.png 600w, https:\/\/coworkdigital.com.ar\/hcd\/wp-content\/uploads\/2020\/12\/Zocalo-1-560x87.png 560w\" sizes=\"(max-width: 3100px) 100vw, 3100px\" \/><\/strong><\/p>\n<p><strong><u>VISTO:<\/u><\/strong><\/p>\n<p>El Expediente N\u00ba 2019-00098-9, caratulado, Bloque Ra\u00fal Alfons\u00edn, Concejales S\u00e1nchez, Mach\u00edn y Abate, presenta proyecto de Declaraci\u00f3n: Declarar de Inter\u00e9s Departamental el 25 Aniversario del Radio club, y<\/p>\n<p>&nbsp;<\/p>\n<p><strong><u>CONSIDERANDO:<\/u><\/strong><\/p>\n<p>La importancia que reviste alcanzar \u00a0los 25 a\u00f1os de ininterrumpible y valiosa labor desplegada en Rivadavia por el Radio club \u201c18 de abril\u201d.<\/p>\n<p>Que, dicha Entidad constituye una asociaci\u00f3n civil sin fines de lucro, cuyos objetivos fundamentales se apoyan en la agrupaci\u00f3n de radio aficionados para fomentar el ingreso, ense\u00f1anza, difusi\u00f3n y pr\u00e1ctica de la actividad. Asimismo, la formaci\u00f3n de personas debidamente autorizadas que se interesan en la radiotecnia, con car\u00e1cter exclusivamente personal y sin fines de lucro.<\/p>\n<p>Que, cabe destacar que el Radio club, bajo lineamientos inici\u00f3 su actividad el 18 de abril de 1994 en la entonces \u201cCasa de la Cultura\u201d (hoy sal\u00f3n principal del Hotel Pasambay) con una amplia respuesta de participantes, los que luego de seis meses de cursado terminaron rindiendo examen. Fueron setenta aprendices los que obtuvieron su \u201clicencia\u201d.<\/p>\n<p>Que, por aquella \u00e9poca compraron sus fundadores el primer equipo de comunicaci\u00f3n, el que fue sustra\u00eddo al a\u00f1o siguiente. La torre para la instalaci\u00f3n de la antena fue donada por un asociado.<\/p>\n<p>Que, sin desayunos y con fuerzas para progresar llevaron adelante un encuentro que mostr\u00f3 la presencia de numerosos radioaficionados no solo de nuestra Provincia, sino del Pa\u00eds y de pa\u00edses vecinos: aqu\u00ed destacamos la Federaci\u00f3n de Radio Aficionados de Chile. Esta Instituci\u00f3n, m\u00e1s tarde invit\u00f3 al Radio club \u201c18 de Abril\u201d a que se sumara a su asamblea anual.<\/p>\n<p>Que, en el a\u00f1o 1997 el Radio club obtuvo en calidad de \u201ccomodato\u201d\u00a0 el terreno en el que hoy se erigen sus c\u00f3modas y prolijas instalaciones, justamente inauguradas en el \u201c18 de abril\u201d de 1998.<\/p>\n<p>Que, desde ese sitio, esquinero noroeste de la intersecci\u00f3n de calles \u201cGeneral Lavalle\u201d y \u201cPerito Moreno\u201d, la actividad de esta importante Instituci\u00f3n rivadaviense es notable. Y cabe destacar que \u201cen el caso de cat\u00e1strofes naturales o provocadas el \u00fanico medio de comunicaci\u00f3n disponible para la emergencia es la radio.<\/p>\n<p>Que, desde el punto de vista administrativo el Radio club se encuentra dentro de los radio clubes autorizados por la ENACOM bajo el sistema Hertz.<\/p>\n<p>Que, es loable la tarea de quienes integran orgullosamente dicha entidad sobre todo del trabajo mancomunado con sus propias familias, las escuelas y el municipio.<\/p>\n<p>Que, ante tan valiosa realidad el Honorable Concejo Deliberante hace proposici\u00f3n la oportunidad para Declarar de Inter\u00e9s Departamental los actos celebratorios del 25\u00b0 Aniversario del Radio club \u201c18 de abril\u201d de Rivadavia<\/p>\n<p>&nbsp;<\/p>\n<p><strong><u>POR ELLO:<\/u><\/strong><\/p>\n<p>El Honorable Concejo Deliberante de Rivadavia, Mendoza, en uso de sus facultades:<\/p>\n<p>&nbsp;<\/p>\n<p><strong><u>DECLARA:<\/u><\/strong><\/p>\n<p><strong><u>Art\u00edculo 1\u00ba:<\/u><\/strong> El Honorable Concejo Deliberante de Rivadavia Declara de Inter\u00e9s Departamental, los actos programados por el Radio club \u201c18 de abril\u201d, con motivo de celebrar su 25 aniversario de vida.<\/p>\n<p><strong><u>Art\u00edculo 2\u00b0:<\/u><\/strong> A tal efecto, invitar a su Concejo de Administraci\u00f3n a recibir un diploma de reconocimiento en la sesi\u00f3n convocada al efecto.<\/p>\n<p><strong><u>Art\u00edculo 3\u00b0:<\/u><\/strong> Rem\u00edtase copia de la siguiente pieza administrativa a \u201cRADIO CLUB 18 DE ABRIL\u201d.<\/p>\n<p><strong><u>Art\u00edculo 4\u00ba:<\/u><\/strong> Comun\u00edquese al Departamento Ejecutivo a sus efectos e ins\u00e9rtese en el Libro de Declaraciones de este Cuerpo.<\/p>\n<p>&nbsp;<\/p>\n<p>Dada en la Sala de Sesiones, \u201cBandera Nacional Argentina\u201d, del Honorable Concejo Deliberante de Rivadavia, Mendoza, a los 16 d\u00edas del mes de abril de 2019.<\/p>\n<p>&nbsp;<\/p>\n<p>&nbsp;<\/p>\n<p><strong>\u00a0 \u00a0 \u00a0 \u00a0 \u00a0 \u00a0 MAR\u00cdA IN\u00c9S DALLAGO\u00a0\u00a0\u00a0\u00a0\u00a0\u00a0\u00a0\u00a0\u00a0\u00a0\u00a0\u00a0\u00a0\u00a0\u00a0\u00a0\u00a0\u00a0\u00a0\u00a0\u00a0\u00a0\u00a0\u00a0\u00a0\u00a0\u00a0\u00a0\u00a0\u00a0\u00a0\u00a0\u00a0\u00a0\u00a0\u00a0\u00a0\u00a0\u00a0\u00a0\u00a0\u00a0\u00a0\u00a0\u00a0\u00a0\u00a0\u00a0\u00a0\u00a0\u00a0\u00a0 MAURICIO DI C\u00c9SARE<\/strong><\/p>\n<p><strong>\u00a0\u00a0\u00a0\u00a0\u00a0\u00a0\u00a0\u00a0\u00a0\u00a0\u00a0 \u00a0 SECRETARIA H.C.D.\u00a0\u00a0\u00a0\u00a0\u00a0\u00a0\u00a0\u00a0\u00a0\u00a0\u00a0\u00a0\u00a0\u00a0\u00a0\u00a0\u00a0\u00a0\u00a0\u00a0\u00a0\u00a0\u00a0\u00a0\u00a0\u00a0\u00a0\u00a0\u00a0\u00a0\u00a0\u00a0\u00a0\u00a0\u00a0\u00a0\u00a0\u00a0\u00a0\u00a0\u00a0\u00a0\u00a0\u00a0\u00a0\u00a0\u00a0\u00a0\u00a0\u00a0\u00a0\u00a0\u00a0\u00a0\u00a0\u00a0 \u00a0\u00a0 RESIDENTE H.C.D.<\/strong><\/p>\n<p><strong>\u00a0<\/strong><\/p>\n<p><strong>\u00a0<\/strong><\/p>\n<p>Cpde. Expte. N\u00ba 2019-00098-9\u00a0 H.C.D.<\/p>\n<p><a href=\"https:\/\/coworkdigital.com.ar\/hcd\/wp-content\/uploads\/2020\/12\/decl.11-19.pdf\"><img decoding=\"async\" class=\"alignright wp-image-6224\" src=\"https:\/\/coworkdigital.com.ar\/hcd\/wp-content\/uploads\/2020\/06\/descarga_pdf-150x150.png\" width=\"50\" height=\"53\" srcset=\"https:\/\/coworkdigital.com.ar\/hcd\/wp-content\/uploads\/2020\/06\/descarga_pdf-282x300.png 282w, https:\/\/coworkdigital.com.ar\/hcd\/wp-content\/uploads\/2020\/06\/descarga_pdf.png 496w\" sizes=\"(max-width: 50px) 100vw, 50px\" \/><\/a><\/p>\n","protected":false},"excerpt":{"rendered":"<p>VISTO: El Expediente N\u00ba 2019-00098-9, caratulado, Bloque Ra\u00fal Alfons\u00edn, Concejales S\u00e1nchez, Mach\u00edn y Abate, presenta proyecto de Declaraci\u00f3n: Declarar de Inter\u00e9s Departamental el 25 Aniversario del Radio club, y &nbsp; CONSIDERANDO: La importancia que reviste alcanzar \u00a0los 25 a\u00f1os de ininterrumpible y valiosa labor desplegada en Rivadavia por el Radio club \u201c18 de abril\u201d. Que, [&hellip;]<\/p>\n","protected":false},"author":1,"featured_media":0,"comment_status":"closed","ping_status":"closed","sticky":false,"template":"","format":"standard","meta":{"_acf_changed":false,"footnotes":""},"categories":[66],"tags":[],"class_list":["post-8876","post","type-post","status-publish","format-standard","hentry","category-declaraciones"],"acf":[],"_links":{"self":[{"href":"https:\/\/coworkdigital.com.ar\/hcd\/wp-json\/wp\/v2\/posts\/8876","targetHints":{"allow":["GET"]}}],"collection":[{"href":"https:\/\/coworkdigital.com.ar\/hcd\/wp-json\/wp\/v2\/posts"}],"about":[{"href":"https:\/\/coworkdigital.com.ar\/hcd\/wp-json\/wp\/v2\/types\/post"}],"author":[{"embeddable":true,"href":"https:\/\/coworkdigital.com.ar\/hcd\/wp-json\/wp\/v2\/users\/1"}],"replies":[{"embeddable":true,"href":"https:\/\/coworkdigital.com.ar\/hcd\/wp-json\/wp\/v2\/comments?post=8876"}],"version-history":[{"count":0,"href":"https:\/\/coworkdigital.com.ar\/hcd\/wp-json\/wp\/v2\/posts\/8876\/revisions"}],"wp:attachment":[{"href":"https:\/\/coworkdigital.com.ar\/hcd\/wp-json\/wp\/v2\/media?parent=8876"}],"wp:term":[{"taxonomy":"category","embeddable":true,"href":"https:\/\/coworkdigital.com.ar\/hcd\/wp-json\/wp\/v2\/categories?post=8876"},{"taxonomy":"post_tag","embeddable":true,"href":"https:\/\/coworkdigital.com.ar\/hcd\/wp-json\/wp\/v2\/tags?post=8876"}],"curies":[{"name":"wp","href":"https:\/\/api.w.org\/{rel}","templated":true}]}}