{"id":8881,"date":"2019-12-15T22:02:35","date_gmt":"2019-12-15T22:02:35","guid":{"rendered":"http:\/\/rivadaviamendoza.gob.ar\/hcd\/?p=8881"},"modified":"2019-12-15T22:02:35","modified_gmt":"2019-12-15T22:02:35","slug":"ordenanza-1234-2020-copy-copy-6-copy-copy-copy-copy-copy-copy-copy-copy-copy-copy-copy-copy-copy-copy-copy-copy-copy-2-copy-copy-copy-copy-copy-copy-copy-copy-copy-copy-copy-copy-copy-copy-copy-co-132","status":"publish","type":"post","link":"https:\/\/coworkdigital.com.ar\/hcd\/ordenanza-1234-2020-copy-copy-6-copy-copy-copy-copy-copy-copy-copy-copy-copy-copy-copy-copy-copy-copy-copy-copy-copy-2-copy-copy-copy-copy-copy-copy-copy-copy-copy-copy-copy-copy-copy-copy-copy-co-132\/","title":{"rendered":"DECLARACI\u00d3N N\u00ba 12-19"},"content":{"rendered":"<p><strong><img fetchpriority=\"high\" decoding=\"async\" class=\"alignnone wp-image-6853 size-full\" src=\"https:\/\/coworkdigital.com.ar\/hcd\/wp-content\/uploads\/2020\/12\/Zocalo-1.png\" width=\"3100\" height=\"482\" srcset=\"https:\/\/coworkdigital.com.ar\/hcd\/wp-content\/uploads\/2020\/12\/Zocalo-1.png 3100w, https:\/\/coworkdigital.com.ar\/hcd\/wp-content\/uploads\/2020\/12\/Zocalo-1-300x47.png 300w, https:\/\/coworkdigital.com.ar\/hcd\/wp-content\/uploads\/2020\/12\/Zocalo-1-1024x159.png 1024w, https:\/\/coworkdigital.com.ar\/hcd\/wp-content\/uploads\/2020\/12\/Zocalo-1-768x119.png 768w, https:\/\/coworkdigital.com.ar\/hcd\/wp-content\/uploads\/2020\/12\/Zocalo-1-1536x239.png 1536w, https:\/\/coworkdigital.com.ar\/hcd\/wp-content\/uploads\/2020\/12\/Zocalo-1-2048x318.png 2048w, https:\/\/coworkdigital.com.ar\/hcd\/wp-content\/uploads\/2020\/12\/Zocalo-1-600x93.png 600w, https:\/\/coworkdigital.com.ar\/hcd\/wp-content\/uploads\/2020\/12\/Zocalo-1-560x87.png 560w\" sizes=\"(max-width: 3100px) 100vw, 3100px\" \/><\/strong><\/p>\n<p><strong><u>VISTO:<\/u><\/strong><\/p>\n<p>El Expediente N\u00ba 2019-00103-7, caratulado, Bloque Ra\u00fal Alfons\u00edn, Concejales S\u00e1nchez, Mach\u00edn y Abate, presenta proyecto de Declaraci\u00f3n: Beatificaci\u00f3n Wenceslao Pedernera, y<\/p>\n<p>&nbsp;<\/p>\n<p><strong><u>CONSIDERANDO:<\/u><\/strong><\/p>\n<p>El pr\u00f3ximo 27 de abril beatificaran a Wenceslao Pedernera, un noble vecino y habitante del distrito Los Campamentos, que trabaj\u00f3 en la Bodega Gargantini.<\/p>\n<p>Que Wenceslao Pedernera naci\u00f3 en La Calera, departamento de Belgrano, provincia de San Luis el 28 de setiembre de 1936 y desde joven se destac\u00f3 en las tareas rurales, lleg\u00f3 a nuestras tierras y comenz\u00f3 a trabajar en la finca Gargantini, en Los Campamentos.<\/p>\n<p>Que en marzo del a\u00f1o 1962 se cas\u00f3 en Rivadavia con Marta Ramona Cornejo, matrimonio del cual nacieron tres hijas Mar\u00eda Rosa, Susana Beatriz y Estela Marta. Precisamente las tres ni\u00f1as llegaron al mundo en la \u201cmaternidad\u201d que la empresa tuvo al servicio de sus empleados.<\/p>\n<p>Que actualmente Mar\u00eda Rosa, casada con Carlos Bustos, vive en el Barrio Arenales de esta Ciudad. La esposa de Wenceslao y los otros dos hijos viven en La Rioja.<\/p>\n<p>Que sin participar de la vida eclesial, <em>\u201cluego de asistir a las novenas predicadas por los Oblatos de Mar\u00eda Inmaculada, se convirti\u00f3 decidida y entusiastamente participando en adelante de misiones populares, semanas b\u00edblicas y comenzando a recibir con asiduidad los sacramentos\u201d<\/em>.<\/p>\n<p>Que al mismo tiempo se comprometi\u00f3 en el \u00e1mbito de las cooperativas rurales de la Acci\u00f3n Cat\u00f3lica Argentina en la regi\u00f3n de Cuyo. En 1972 participo en dos cursos de formaci\u00f3n y profundizaci\u00f3n organizados por el mismo Movimiento en la Ciudad de La Rioja; apoyando concretamente por Monse\u00f1or Angelelli. En la Argentina de aquella \u00e9poca, este servicio a favor de la cooperaci\u00f3n solidaria de los trabajadores, era sospechoso y estigmatizado como subversivo, y por este motivo, particularmente despu\u00e9s de la llegada de la dictadura militar, Wenceslao padeci\u00f3 varias amenazas justamente con sus familiares.<\/p>\n<p>Que la noche del 24 al 25 de julio de 1976, mientras se encontraba descansando en su casa, fue atacado por un grupo de hombres que lo acribillo delante de su esposa e hijas; gravemente herido, muri\u00f3 horas m\u00e1s tarde en el Hospital de Chilecito, no sin antes perdonar a sus asesinos.<\/p>\n<p>Que en la noche del a\u00f1o pasado exhumaron su cuerpo, lo velaron dos horas y lo enterraron en la Iglesia del Sagrado Coraz\u00f3n, en la provincia de La Rioja. El pr\u00f3ximo 27 de abril lo beatificaran\u00a0 junto a Monse\u00f1or Enrique \u00c1ngel Angelelli Carletti, al Presb\u00edtero Gabriel Longuevill y\u00a0 Fray Carlos de Dios Murias, por ser considerados \u201cM\u00c1RTIRES DEL EVANGELIO\u201d en la ceremonia denominada \u201cPascua Riojana, alegr\u00eda al pueblo\u201d<\/p>\n<p>&nbsp;<\/p>\n<p><strong><u>POR ELLO:<\/u><\/strong><\/p>\n<p>El Honorable Concejo Deliberante de Rivadavia, Mendoza, en uso de sus facultades:<\/p>\n<p>&nbsp;<\/p>\n<p><strong><u>DECLARA:<\/u><\/strong><\/p>\n<p><strong><u>Art\u00edculo 1\u00ba:<\/u><\/strong> El Honorable Concejo Deliberante de Rivadavia, declara de Inter\u00e9s Departamental y en particular, del distrito Los Campamentos, la Beatificaci\u00f3n\u00a0 de Wenceslao Pedernera, por realizarse el pr\u00f3ximo 27 de abril del corriente a\u00f1o, en la ceremonia denominada \u201cPascua Riojana, alegr\u00eda del pueblo\u201d\u00a0 en la provincia de La Rioja.<\/p>\n<p><strong><u>Art\u00edculo 2\u00b0:<\/u><\/strong> Remitir copia de la presente pieza administrativa a la Parroquia \u201cSan Isidro Labrador\u201d y a la familia de Mar\u00eda Rosa Pedernera\u00a0 de Bustos, residente del Barrio Arenales M-F C-9 de esta Ciudad.<\/p>\n<p><strong><u>Art\u00edculo 3\u00ba:<\/u><\/strong> Comun\u00edquese al Departamento Ejecutivo a sus efectos e ins\u00e9rtese en el Libro de Declaraciones de este Cuerpo.<\/p>\n<p>&nbsp;<\/p>\n<p>Dada en la Sala de Sesiones, \u201cBandera Nacional Argentina\u201d, del Honorable Concejo Deliberante de Rivadavia, Mendoza, a los 23 d\u00edas del mes de abril de 2019.<\/p>\n<p>&nbsp;<\/p>\n<p>&nbsp;<\/p>\n<p><strong>\u00a0 \u00a0 \u00a0 \u00a0 \u00a0 \u00a0MAR\u00cdA IN\u00c9S DALLAGO\u00a0 \u00a0 \u00a0 \u00a0 \u00a0 \u00a0 \u00a0 \u00a0 \u00a0 \u00a0 \u00a0 \u00a0 \u00a0 \u00a0 \u00a0 \u00a0 \u00a0 \u00a0 \u00a0 \u00a0 \u00a0 \u00a0 \u00a0 \u00a0 \u00a0 \u00a0 \u00a0 MAURICIO DI C\u00c9SARE<\/strong><\/p>\n<p><strong>\u00a0\u00a0\u00a0\u00a0\u00a0\u00a0\u00a0\u00a0\u00a0\u00a0\u00a0 \u00a0 SECRETARIA H.C.D.\u00a0\u00a0\u00a0\u00a0\u00a0\u00a0\u00a0\u00a0\u00a0\u00a0\u00a0\u00a0\u00a0\u00a0\u00a0\u00a0\u00a0\u00a0\u00a0\u00a0\u00a0\u00a0\u00a0\u00a0\u00a0\u00a0\u00a0\u00a0\u00a0\u00a0\u00a0\u00a0\u00a0\u00a0\u00a0\u00a0\u00a0\u00a0\u00a0\u00a0\u00a0\u00a0\u00a0\u00a0\u00a0\u00a0\u00a0\u00a0\u00a0\u00a0\u00a0\u00a0\u00a0\u00a0\u00a0\u00a0 \u00a0\u00a0 RESIDENTE H.C.D.<\/strong><\/p>\n<p><strong>\u00a0<\/strong><\/p>\n<p>&nbsp;<\/p>\n<p>Cpde. Expte. N\u00ba 2019-00103-7\u00a0 H.C.D.<\/p>\n<p><a href=\"https:\/\/coworkdigital.com.ar\/hcd\/wp-content\/uploads\/2020\/12\/decl.12-19.pdf\"><img decoding=\"async\" class=\"alignright wp-image-6224\" src=\"https:\/\/coworkdigital.com.ar\/hcd\/wp-content\/uploads\/2020\/06\/descarga_pdf-150x150.png\" width=\"50\" height=\"53\" srcset=\"https:\/\/coworkdigital.com.ar\/hcd\/wp-content\/uploads\/2020\/06\/descarga_pdf-282x300.png 282w, https:\/\/coworkdigital.com.ar\/hcd\/wp-content\/uploads\/2020\/06\/descarga_pdf.png 496w\" sizes=\"(max-width: 50px) 100vw, 50px\" \/><\/a><\/p>\n","protected":false},"excerpt":{"rendered":"<p>VISTO: El Expediente N\u00ba 2019-00103-7, caratulado, Bloque Ra\u00fal Alfons\u00edn, Concejales S\u00e1nchez, Mach\u00edn y Abate, presenta proyecto de Declaraci\u00f3n: Beatificaci\u00f3n Wenceslao Pedernera, y &nbsp; CONSIDERANDO: El pr\u00f3ximo 27 de abril beatificaran a Wenceslao Pedernera, un noble vecino y habitante del distrito Los Campamentos, que trabaj\u00f3 en la Bodega Gargantini. Que Wenceslao Pedernera naci\u00f3 en La Calera, [&hellip;]<\/p>\n","protected":false},"author":1,"featured_media":0,"comment_status":"closed","ping_status":"closed","sticky":false,"template":"","format":"standard","meta":{"_acf_changed":false,"footnotes":""},"categories":[66],"tags":[],"class_list":["post-8881","post","type-post","status-publish","format-standard","hentry","category-declaraciones"],"acf":[],"_links":{"self":[{"href":"https:\/\/coworkdigital.com.ar\/hcd\/wp-json\/wp\/v2\/posts\/8881","targetHints":{"allow":["GET"]}}],"collection":[{"href":"https:\/\/coworkdigital.com.ar\/hcd\/wp-json\/wp\/v2\/posts"}],"about":[{"href":"https:\/\/coworkdigital.com.ar\/hcd\/wp-json\/wp\/v2\/types\/post"}],"author":[{"embeddable":true,"href":"https:\/\/coworkdigital.com.ar\/hcd\/wp-json\/wp\/v2\/users\/1"}],"replies":[{"embeddable":true,"href":"https:\/\/coworkdigital.com.ar\/hcd\/wp-json\/wp\/v2\/comments?post=8881"}],"version-history":[{"count":0,"href":"https:\/\/coworkdigital.com.ar\/hcd\/wp-json\/wp\/v2\/posts\/8881\/revisions"}],"wp:attachment":[{"href":"https:\/\/coworkdigital.com.ar\/hcd\/wp-json\/wp\/v2\/media?parent=8881"}],"wp:term":[{"taxonomy":"category","embeddable":true,"href":"https:\/\/coworkdigital.com.ar\/hcd\/wp-json\/wp\/v2\/categories?post=8881"},{"taxonomy":"post_tag","embeddable":true,"href":"https:\/\/coworkdigital.com.ar\/hcd\/wp-json\/wp\/v2\/tags?post=8881"}],"curies":[{"name":"wp","href":"https:\/\/api.w.org\/{rel}","templated":true}]}}